{"id":9648,"date":"2022-01-02T06:46:00","date_gmt":"2022-01-02T05:46:00","guid":{"rendered":"https:\/\/www.zaglebiak.com\/?p=9648"},"modified":"2022-01-01T22:51:08","modified_gmt":"2022-01-01T21:51:08","slug":"2-stycznia-urodzili-sie-tadeusz-sadowski-milosz-przybecki-i-jakub-bednarczyk","status":"publish","type":"post","link":"https:\/\/www.zaglebiak.com\/index.php\/2022\/01\/02\/2-stycznia-urodzili-sie-tadeusz-sadowski-milosz-przybecki-i-jakub-bednarczyk\/","title":{"rendered":"2 stycznia urodzili si\u0119 Tadeusz Sadowski, Mi\u0142osz Przybecki i Jakub Bednarczyk"},"content":{"rendered":"\n<figure class=\"wp-block-image size-full\"><img loading=\"lazy\" decoding=\"async\" width=\"1989\" height=\"1340\" src=\"https:\/\/64.media.tumblr.com\/4e2c2af479201d6cac56777469034eb1\/c1723b02393882f5-b4\/s2048x3072\/746e43140a8f62c0f2060a4a6fdadf74d3aad47d.jpg\" alt=\"\" class=\"wp-image-9647\"\/><figcaption>Tadeusz Sadowski kuca 2 od lewej<\/figcaption><\/figure>\n\n\n\n<p>Tadeusz Sadowski urodzi\u0142 si\u0119 2 stycznia 1948 roku. By\u0142 zawodnikiem Zag\u0142\u0119bia Lubin i G\u00f3rnika Polkowice. Zmar\u0142 27 listopada 2011 roku w Lubinie.<\/p>\n\n\n\n<div class=\"wp-block-image\"><figure class=\"aligncenter size-full is-resized\"><img loading=\"lazy\" decoding=\"async\" src=\"https:\/\/64.media.tumblr.com\/e387277ecf626b446fa0d0a22ce95086\/c1723b02393882f5-9d\/s250x400\/53944a3759ebc47364d4d76757852e829cf08ecf.jpg\" alt=\"\" class=\"wp-image-9643\" width=\"430\" height=\"576\"\/><figcaption>Mi\u0142osz Przybecki<\/figcaption><\/figure><\/div>\n\n\n\n<p>Mi\u0142osz Przybecki urodzi\u0142 si\u0119 2 stycznia 1991 roku w \u015aremie. W Zag\u0142\u0119biu Lubin gra\u0142 w latach 2013-2015. Rozegra\u0142 46 mecz\u00f3w i strzeli\u0142 5 bramek. Obecnie jest zawodnikiem Pogoni Siedlce.<\/p>\n\n\n\n<div class=\"wp-block-image\"><figure class=\"aligncenter size-full\"><img loading=\"lazy\" decoding=\"async\" width=\"600\" height=\"760\" src=\"https:\/\/64.media.tumblr.com\/2afec7ddfb65574a22a507c9944faf04\/c1723b02393882f5-6d\/s640x960\/919e5d370631b7698f1050ca1fb61c4c860d6bd0.png\" alt=\"\" class=\"wp-image-9645\"\/><figcaption>Jakub Bednarczyk. Fot. zaglebie.com<\/figcaption><\/figure><\/div>\n\n\n\n<p>Jakub Bednarczyk urodzi\u0142 si\u0119 2 stycznia 1999 roku w Tarnowskich G\u00f3rach. Zosta\u0142 wypo\u017cyczony z St. Pauli do Zag\u0142\u0119bia Lubin. W sezonie 2020\/2021 rozegra\u0142 8 spotka\u0144. Obecnie reprezentuje rezerwy FC Sankt Pauli. <\/p>\n","protected":false},"excerpt":{"rendered":"<p>Tadeusz Sadowski urodzi\u0142 si\u0119 2 stycznia 1948 roku. By\u0142 zawodnikiem Zag\u0142\u0119bia Lubin i G\u00f3rnika Polkowice. Zmar\u0142 27 listopada 2011 roku w Lubinie. Mi\u0142osz Przybecki urodzi\u0142 si\u0119 2 stycznia 1991 roku&hellip; <\/p>\n","protected":false},"author":1,"featured_media":9647,"comment_status":"open","ping_status":"open","sticky":false,"template":"","format":"standard","meta":{"footnotes":""},"categories":[46],"tags":[835,201,200,89],"class_list":["post-9648","post","type-post","status-publish","format-standard","has-post-thumbnail","hentry","category-aktualnosci","tag-jakub-bednarczyk","tag-milosz-przybecki","tag-tadeusz-sadowski","tag-zaglebie-lubin"],"_links":{"self":[{"href":"https:\/\/www.zaglebiak.com\/index.php\/wp-json\/wp\/v2\/posts\/9648","targetHints":{"allow":["GET"]}}],"collection":[{"href":"https:\/\/www.zaglebiak.com\/index.php\/wp-json\/wp\/v2\/posts"}],"about":[{"href":"https:\/\/www.zaglebiak.com\/index.php\/wp-json\/wp\/v2\/types\/post"}],"author":[{"embeddable":true,"href":"https:\/\/www.zaglebiak.com\/index.php\/wp-json\/wp\/v2\/users\/1"}],"replies":[{"embeddable":true,"href":"https:\/\/www.zaglebiak.com\/index.php\/wp-json\/wp\/v2\/comments?post=9648"}],"version-history":[{"count":1,"href":"https:\/\/www.zaglebiak.com\/index.php\/wp-json\/wp\/v2\/posts\/9648\/revisions"}],"predecessor-version":[{"id":9649,"href":"https:\/\/www.zaglebiak.com\/index.php\/wp-json\/wp\/v2\/posts\/9648\/revisions\/9649"}],"wp:featuredmedia":[{"embeddable":true,"href":"https:\/\/www.zaglebiak.com\/index.php\/wp-json\/wp\/v2\/media\/9647"}],"wp:attachment":[{"href":"https:\/\/www.zaglebiak.com\/index.php\/wp-json\/wp\/v2\/media?parent=9648"}],"wp:term":[{"taxonomy":"category","embeddable":true,"href":"https:\/\/www.zaglebiak.com\/index.php\/wp-json\/wp\/v2\/categories?post=9648"},{"taxonomy":"post_tag","embeddable":true,"href":"https:\/\/www.zaglebiak.com\/index.php\/wp-json\/wp\/v2\/tags?post=9648"}],"curies":[{"name":"wp","href":"https:\/\/api.w.org\/{rel}","templated":true}]}}