{"id":9163,"date":"2021-12-06T22:22:58","date_gmt":"2021-12-06T21:22:58","guid":{"rendered":"https:\/\/www.zaglebiak.com\/?p=9163"},"modified":"2021-12-06T22:23:00","modified_gmt":"2021-12-06T21:23:00","slug":"6-grudnia-urodzili-sie-jan-borsuk-waldemar-kasprzyk-i-mariusz-ujek","status":"publish","type":"post","link":"https:\/\/www.zaglebiak.com\/index.php\/2021\/12\/06\/6-grudnia-urodzili-sie-jan-borsuk-waldemar-kasprzyk-i-mariusz-ujek\/","title":{"rendered":"6 grudnia urodzili si\u0119 Jan Borsuk, Waldemar Kasprzyk i Mariusz Ujek"},"content":{"rendered":"\n<div class=\"wp-block-image\"><figure class=\"aligncenter size-full is-resized\"><img loading=\"lazy\" decoding=\"async\" src=\"https:\/\/64.media.tumblr.com\/077730ab5e81d8428b1e30b143b92220\/2795a0b4508a160e-bc\/s540x810\/ac473da381a4af8eee61269626b38a6dde42ac4e.jpg\" alt=\"\" class=\"wp-image-9162\" width=\"506\" height=\"340\"\/><figcaption>Jan Borsuk siedzi 2 od lewej<\/figcaption><\/figure><\/div>\n\n\n\n<p>6 grudnia 1952 roku urodzi\u0142 si\u0119 Jan Borsuk, kt\u00f3ry w latach 1982-1983 reprezentowa\u0142 barwy Zag\u0142\u0119bia Lubin, a przyszed\u0142 do nas z G\u00f3rnika Wa\u0142brzych.<\/p>\n\n\n\n<div class=\"wp-block-image\"><figure class=\"aligncenter size-full\"><img loading=\"lazy\" decoding=\"async\" width=\"198\" height=\"256\" src=\"https:\/\/64.media.tumblr.com\/2161b6fbe8b390e298b04b4a4f8308d8\/2795a0b4508a160e-01\/s250x400\/16abc58d84f2ab254b259fbe02fa070898a4fbe5.jpg\" alt=\"\" class=\"wp-image-9160\"\/><figcaption>Waldemar Kasprzyk<\/figcaption><\/figure><\/div>\n\n\n\n<p>Waldemar Kasprzyk urodzi\u0142 si\u0119 6 grudnia 1935 roku. By\u0142 napastnikiem Zawiszy i G\u00f3rnika Lubin.<\/p>\n\n\n\n<div class=\"wp-block-image\"><figure class=\"aligncenter size-full\"><img loading=\"lazy\" decoding=\"async\" width=\"243\" height=\"301\" src=\"https:\/\/64.media.tumblr.com\/1e44f566fdba1233b82a6555e7832e79\/2795a0b4508a160e-93\/s250x400\/5a8b4a84864707626242aebc7e83aa7bc16368a2.jpg\" alt=\"\" class=\"wp-image-9158\"\/><figcaption>Mariusz Ujek<\/figcaption><\/figure><\/div>\n\n\n\n<p>Mariusz Ujek urodzi\u0142 si\u0119 6 grudnia 1977 roku w Lubinie. Wychowanek Zag\u0142\u0119bia Lubin, w najwy\u017cszej klasie rozgrywkowej w barwach naszego klubu rozegra\u0142 3 mecze. Najbardziej znany z wyst\u0119p\u00f3w w GKS-ie Be\u0142chat\u00f3w.<\/p>\n","protected":false},"excerpt":{"rendered":"<p>6 grudnia 1952 roku urodzi\u0142 si\u0119 Jan Borsuk, kt\u00f3ry w latach 1982-1983 reprezentowa\u0142 barwy Zag\u0142\u0119bia Lubin, a przyszed\u0142 do nas z G\u00f3rnika Wa\u0142brzych. Waldemar Kasprzyk urodzi\u0142 si\u0119 6 grudnia 1935&hellip; <\/p>\n","protected":false},"author":1,"featured_media":9162,"comment_status":"open","ping_status":"open","sticky":false,"template":"","format":"standard","meta":{"footnotes":""},"categories":[46],"tags":[1221,1223,1222,89],"class_list":["post-9163","post","type-post","status-publish","format-standard","has-post-thumbnail","hentry","category-aktualnosci","tag-jan-borsuk","tag-mariusz-ujek","tag-waldemar-kasprzyk","tag-zaglebie-lubin"],"_links":{"self":[{"href":"https:\/\/www.zaglebiak.com\/index.php\/wp-json\/wp\/v2\/posts\/9163","targetHints":{"allow":["GET"]}}],"collection":[{"href":"https:\/\/www.zaglebiak.com\/index.php\/wp-json\/wp\/v2\/posts"}],"about":[{"href":"https:\/\/www.zaglebiak.com\/index.php\/wp-json\/wp\/v2\/types\/post"}],"author":[{"embeddable":true,"href":"https:\/\/www.zaglebiak.com\/index.php\/wp-json\/wp\/v2\/users\/1"}],"replies":[{"embeddable":true,"href":"https:\/\/www.zaglebiak.com\/index.php\/wp-json\/wp\/v2\/comments?post=9163"}],"version-history":[{"count":1,"href":"https:\/\/www.zaglebiak.com\/index.php\/wp-json\/wp\/v2\/posts\/9163\/revisions"}],"predecessor-version":[{"id":9164,"href":"https:\/\/www.zaglebiak.com\/index.php\/wp-json\/wp\/v2\/posts\/9163\/revisions\/9164"}],"wp:featuredmedia":[{"embeddable":true,"href":"https:\/\/www.zaglebiak.com\/index.php\/wp-json\/wp\/v2\/media\/9162"}],"wp:attachment":[{"href":"https:\/\/www.zaglebiak.com\/index.php\/wp-json\/wp\/v2\/media?parent=9163"}],"wp:term":[{"taxonomy":"category","embeddable":true,"href":"https:\/\/www.zaglebiak.com\/index.php\/wp-json\/wp\/v2\/categories?post=9163"},{"taxonomy":"post_tag","embeddable":true,"href":"https:\/\/www.zaglebiak.com\/index.php\/wp-json\/wp\/v2\/tags?post=9163"}],"curies":[{"name":"wp","href":"https:\/\/api.w.org\/{rel}","templated":true}]}}