{"id":7865,"date":"2021-08-09T09:43:58","date_gmt":"2021-08-09T07:43:58","guid":{"rendered":"https:\/\/www.zaglebiak.com\/?p=7865"},"modified":"2021-08-09T09:47:38","modified_gmt":"2021-08-09T07:47:38","slug":"9-sierpnia-urodzili-sie-adam-buczek-i-zbigniew-czajkowski","status":"publish","type":"post","link":"https:\/\/www.zaglebiak.com\/index.php\/2021\/08\/09\/9-sierpnia-urodzili-sie-adam-buczek-i-zbigniew-czajkowski\/","title":{"rendered":"9 sierpnia urodzili si\u0119 Adam Buczek i Zbigniew Czajkowski"},"content":{"rendered":"\n<figure class=\"wp-block-image size-large\"><img loading=\"lazy\" decoding=\"async\" width=\"820\" height=\"1230\" src=\"https:\/\/64.media.tumblr.com\/35dcee147ec8a57095609bee51ab4672\/209b2729d245c75c-c0\/s1280x1920\/964d2c70af39b68afad20ae9b757a8eae024cbad.jpg\" alt=\"\" class=\"wp-image-7864\"\/><figcaption>Adam Buczek. Fot. zaglebie.com<\/figcaption><\/figure>\n\n\n\n<p>Adam Buczek urodzi\u0142 si\u0119 9 sierpnia 1978 roku. Wychowanek Zag\u0142\u0119bia Lubin. Obro\u0144ca opr\u00f3cz Zag\u0142\u0119bia gra\u0142 w G\u00f3rniku Polkowice, Chrobrym G\u0142og\u00f3w i Iskrze Kochlice. Po zawieszeniu but\u00f3w na ko\u0142ku rozpocz\u0105\u0142 karier\u0119 trenersk\u0105. Pracowa\u0142 w lubi\u0144skiej Akademii oraz by\u0142 pierwszym szkoleniowcem naszej dru\u017cyny. To pod jego wodz\u0105 Zag\u0142\u0119bie Lubin zdobywa\u0142o mistrzostwo M\u0142odej Ekstraklasy. Obecnie piastuje funkcj\u0119 dyrektora Akademii Zag\u0142\u0119bia Lubin, kt\u00f3r\u0105 obj\u0105\u0142 14 maja br. <\/p>\n\n\n\n<div class=\"wp-block-image\"><figure class=\"aligncenter size-large is-resized\"><img loading=\"lazy\" decoding=\"async\" src=\"https:\/\/64.media.tumblr.com\/822115fa399f279ee01596eb8be7fae1\/35c5428f90dc978d-99\/s400x600\/f2115bf7890c894b42255bb347bf1f00a6ea8700.jpg\" alt=\"\" class=\"wp-image-7455\" width=\"549\" height=\"776\"\/><figcaption>Zbigniew Czajkowski<\/figcaption><\/figure><\/div>\n\n\n\n<p>Zbigniew Czajkowski urodzi\u0142 si\u0119 9 sierpnia 1972 roku we Wschowie. Zawodnik takich klub\u00f3w jak: Orze\u0142 Szlichtyngowa, Avia Siedlnica, Chrobry G\u0142og\u00f3w, Zag\u0142\u0119bie Lubin, Widzew \u0141\u00f3d\u017a, Odra Opole, Lech Pozna\u0144, Sparta Miejska G\u00f3rka \u2013 p\u00f3\u017aniejszy trener tego klubu. Nast\u0119pnie prowadzi\u0142 Dragon Jacz\u00f3w i Viktori\u0119 Siciny. Od 2017 roku trenuje dru\u017cyn\u0119 P\u0142omienia Radwanice.<\/p>\n\n\n\n<figure class=\"wp-block-embed is-type-wp-embed is-provider-zaglebiak wp-block-embed-zaglebiak\"><div class=\"wp-block-embed__wrapper\">\n<blockquote class=\"wp-embedded-content\" data-secret=\"FpVq1Cm74i\"><a href=\"https:\/\/www.zaglebiak.com\/index.php\/2021\/06\/20\/zbigniew-czajkowski\/\">Zbigniew Czajkowski<\/a><\/blockquote><iframe loading=\"lazy\" class=\"wp-embedded-content\" sandbox=\"allow-scripts\" security=\"restricted\" style=\"position: absolute; clip: rect(1px, 1px, 1px, 1px);\" title=\"&#8222;Zbigniew Czajkowski&#8221; &#8212; Zag\u0142\u0119biak\" src=\"https:\/\/www.zaglebiak.com\/index.php\/2021\/06\/20\/zbigniew-czajkowski\/embed\/#?secret=FpVq1Cm74i\" data-secret=\"FpVq1Cm74i\" width=\"600\" height=\"338\" frameborder=\"0\" marginwidth=\"0\" marginheight=\"0\" scrolling=\"no\"><\/iframe>\n<\/div><\/figure>\n","protected":false},"excerpt":{"rendered":"<p>Adam Buczek urodzi\u0142 si\u0119 9 sierpnia 1978 roku. Wychowanek Zag\u0142\u0119bia Lubin. Obro\u0144ca opr\u00f3cz Zag\u0142\u0119bia gra\u0142 w G\u00f3rniku Polkowice, Chrobrym G\u0142og\u00f3w i Iskrze Kochlice. Po zawieszeniu but\u00f3w na ko\u0142ku rozpocz\u0105\u0142 karier\u0119&hellip; <\/p>\n","protected":false},"author":1,"featured_media":7868,"comment_status":"open","ping_status":"open","sticky":false,"template":"","format":"standard","meta":{"footnotes":""},"categories":[46],"tags":[1011,632],"class_list":["post-7865","post","type-post","status-publish","format-standard","has-post-thumbnail","hentry","category-aktualnosci","tag-adam-buczek","tag-zbigniew-czajkowski"],"_links":{"self":[{"href":"https:\/\/www.zaglebiak.com\/index.php\/wp-json\/wp\/v2\/posts\/7865","targetHints":{"allow":["GET"]}}],"collection":[{"href":"https:\/\/www.zaglebiak.com\/index.php\/wp-json\/wp\/v2\/posts"}],"about":[{"href":"https:\/\/www.zaglebiak.com\/index.php\/wp-json\/wp\/v2\/types\/post"}],"author":[{"embeddable":true,"href":"https:\/\/www.zaglebiak.com\/index.php\/wp-json\/wp\/v2\/users\/1"}],"replies":[{"embeddable":true,"href":"https:\/\/www.zaglebiak.com\/index.php\/wp-json\/wp\/v2\/comments?post=7865"}],"version-history":[{"count":1,"href":"https:\/\/www.zaglebiak.com\/index.php\/wp-json\/wp\/v2\/posts\/7865\/revisions"}],"predecessor-version":[{"id":7866,"href":"https:\/\/www.zaglebiak.com\/index.php\/wp-json\/wp\/v2\/posts\/7865\/revisions\/7866"}],"wp:featuredmedia":[{"embeddable":true,"href":"https:\/\/www.zaglebiak.com\/index.php\/wp-json\/wp\/v2\/media\/7868"}],"wp:attachment":[{"href":"https:\/\/www.zaglebiak.com\/index.php\/wp-json\/wp\/v2\/media?parent=7865"}],"wp:term":[{"taxonomy":"category","embeddable":true,"href":"https:\/\/www.zaglebiak.com\/index.php\/wp-json\/wp\/v2\/categories?post=7865"},{"taxonomy":"post_tag","embeddable":true,"href":"https:\/\/www.zaglebiak.com\/index.php\/wp-json\/wp\/v2\/tags?post=7865"}],"curies":[{"name":"wp","href":"https:\/\/api.w.org\/{rel}","templated":true}]}}