{"id":6607,"date":"2021-04-24T00:21:13","date_gmt":"2021-04-23T22:21:13","guid":{"rendered":"http:\/\/www.zaglebiak.com\/?p=6607"},"modified":"2021-04-24T00:21:15","modified_gmt":"2021-04-23T22:21:15","slug":"2020-21-kolejka-26-zaglebie-vs-wisla-krakow-video","status":"publish","type":"post","link":"https:\/\/www.zaglebiak.com\/index.php\/2021\/04\/24\/2020-21-kolejka-26-zaglebie-vs-wisla-krakow-video\/","title":{"rendered":"2020\/21 \u2013 kolejka 26 \u2013 Zag\u0142\u0119bie vs Wis\u0142a Krak\u00f3w \u2013 VIDEO"},"content":{"rendered":"\n<figure class=\"wp-block-embed is-type-video is-provider-youtube wp-block-embed-youtube wp-embed-aspect-16-9 wp-has-aspect-ratio\"><div class=\"wp-block-embed__wrapper\">\n<iframe loading=\"lazy\" title=\"2020\/21 - kolejka 26 - Zag\u0142\u0119bie vs Wis\u0142a Krak\u00f3w - 1. Trenerskie reakcje\" width=\"1110\" height=\"624\" src=\"https:\/\/www.youtube.com\/embed\/0pkXVH05ZTE?feature=oembed\" frameborder=\"0\" allow=\"accelerometer; autoplay; clipboard-write; encrypted-media; gyroscope; picture-in-picture\" allowfullscreen><\/iframe>\n<\/div><figcaption>Trenerskie reakcje : Sevela vs Hyballa \ud83d\ude42<\/figcaption><\/figure>\n\n\n\n<figure class=\"wp-block-embed is-type-video is-provider-youtube wp-block-embed-youtube wp-embed-aspect-16-9 wp-has-aspect-ratio\"><div class=\"wp-block-embed__wrapper\">\n<iframe loading=\"lazy\" title=\"2020\/21 - kolejka 26 - Zag\u0142\u0119bie vs Wis\u0142a Krak\u00f3w - 2. szansa dla Wis\u0142y\" width=\"1110\" height=\"624\" src=\"https:\/\/www.youtube.com\/embed\/dFar-yIQ9Js?feature=oembed\" frameborder=\"0\" allow=\"accelerometer; autoplay; clipboard-write; encrypted-media; gyroscope; picture-in-picture\" allowfullscreen><\/iframe>\n<\/div><figcaption>Szansa dla Wis\u0142y &#8211; na szcz\u0119\u015bcie nie pyk\u0142o<\/figcaption><\/figure>\n\n\n\n<figure class=\"wp-block-embed is-type-video is-provider-youtube wp-block-embed-youtube wp-embed-aspect-16-9 wp-has-aspect-ratio\"><div class=\"wp-block-embed__wrapper\">\n<iframe loading=\"lazy\" title=\"2020\/21 - kolejka 26 - Zag\u0142\u0119bie vs Wis\u0142a Krak\u00f3w - 3. Gol dla Wis\u0142y (0:1)\" width=\"1110\" height=\"624\" src=\"https:\/\/www.youtube.com\/embed\/NLpimnxDpxk?feature=oembed\" frameborder=\"0\" allow=\"accelerometer; autoplay; clipboard-write; encrypted-media; gyroscope; picture-in-picture\" allowfullscreen><\/iframe>\n<\/div><figcaption>Tym razem pyk\u0142o \ud83d\ude41 Baliciowi uda\u0142o si\u0119 pi\u0119knie strzeli\u0107 g\u0142\u00f3wk\u0105 pod spojenie &#8211; niestety to by\u0142 samob\u00f3jczy gol dla Wis\u0142y i mamy 0:1<\/figcaption><\/figure>\n\n\n\n<figure class=\"wp-block-embed is-type-video is-provider-youtube wp-block-embed-youtube wp-embed-aspect-16-9 wp-has-aspect-ratio\"><div class=\"wp-block-embed__wrapper\">\n<iframe loading=\"lazy\" title=\"2020\/21 - kolejka 26 - Zag\u0142\u0119bie vs Wis\u0142a Krak\u00f3w - 4. &quot;mocna, po ziemi, mocna, Karol!&quot;\" width=\"1110\" height=\"624\" src=\"https:\/\/www.youtube.com\/embed\/dh_ejMNjYXQ?feature=oembed\" frameborder=\"0\" allow=\"accelerometer; autoplay; clipboard-write; encrypted-media; gyroscope; picture-in-picture\" allowfullscreen><\/iframe>\n<\/div><figcaption>Gdy Sevela krzycza\u0142 &#8222;Mocna! Po ziemi! Mocna!&#8221; to nie kierowa\u0142 tych s\u0142\u00f3w do Karola Podli\u0144skiego ale&#8230; mo\u017cna mie\u0107 wra\u017cenie, \u017ce on odebra\u0142 te s\u0142owa jakby w\u0142a\u015bnie do niego by\u0142y kierowane \ud83d\ude42 Kopn\u0105\u0142 mocn\u0105 pi\u0142k\u0119 po ziemi i pad\u0142 gol \ud83d\ude42 Jego debiutancki w Ekstraklasie &#8211; wyr\u00f3wnuj\u0105cy w tym meczu &#8211; 1:1<\/figcaption><\/figure>\n\n\n\n<figure class=\"wp-block-embed is-type-video is-provider-youtube wp-block-embed-youtube wp-embed-aspect-16-9 wp-has-aspect-ratio\"><div class=\"wp-block-embed__wrapper\">\n<iframe loading=\"lazy\" title=\"2020\/21 - kolejka 26 - Zag\u0142\u0119bie vs Wis\u0142a Krak\u00f3w - 5. Podli\u0144ski - pierwszy wywiad po strzelonym golu\" width=\"1110\" height=\"624\" src=\"https:\/\/www.youtube.com\/embed\/xVsXa6x6zAc?feature=oembed\" frameborder=\"0\" allow=\"accelerometer; autoplay; clipboard-write; encrypted-media; gyroscope; picture-in-picture\" allowfullscreen><\/iframe>\n<\/div><figcaption>Podli\u0144ski &#8211; pierwszy wywiad po strzelonym golu<\/figcaption><\/figure>\n\n\n\n<figure class=\"wp-block-embed is-type-video is-provider-youtube wp-block-embed-youtube wp-embed-aspect-16-9 wp-has-aspect-ratio\"><div class=\"wp-block-embed__wrapper\">\n<iframe loading=\"lazy\" title=\"2020\/21 - kolejka 26 - Zag\u0142\u0119bie vs Wis\u0142a Krak\u00f3w - 6. Szysz - GOL (2:1)\" width=\"1110\" height=\"624\" src=\"https:\/\/www.youtube.com\/embed\/IBzck1jlr2g?feature=oembed\" frameborder=\"0\" allow=\"accelerometer; autoplay; clipboard-write; encrypted-media; gyroscope; picture-in-picture\" allowfullscreen><\/iframe>\n<\/div><figcaption>Szysz &#8211; Gol &#8211; Mamy 2:1<\/figcaption><\/figure>\n\n\n\n<figure class=\"wp-block-embed is-type-video is-provider-youtube wp-block-embed-youtube wp-embed-aspect-16-9 wp-has-aspect-ratio\"><div class=\"wp-block-embed__wrapper\">\n<iframe loading=\"lazy\" title=\"2020\/21 - kolejka 26 - Zag\u0142\u0119bie vs Wis\u0142a Krak\u00f3w - 7. Starzy\u0144ski - GOL (3:1)\" width=\"1110\" height=\"624\" src=\"https:\/\/www.youtube.com\/embed\/DvoXbQNv1U4?feature=oembed\" frameborder=\"0\" allow=\"accelerometer; autoplay; clipboard-write; encrypted-media; gyroscope; picture-in-picture\" allowfullscreen><\/iframe>\n<\/div><figcaption>Filip Starzy\u0144ski prze\u0142amuje swoj\u0105 &#8222;pass\u0119&#8221; i w ko\u0144cu &#8211; po prawie 3 latach &#8211; trafia do bramki przeciwnika bezpo\u015brednio z rzutu wolnego!!!<\/figcaption><\/figure>\n\n\n\n<figure class=\"wp-block-embed is-type-video is-provider-youtube wp-block-embed-youtube wp-embed-aspect-16-9 wp-has-aspect-ratio\"><div class=\"wp-block-embed__wrapper\">\n<iframe loading=\"lazy\" title=\"2020\/21 - kolejka 26 - Zag\u0142\u0119bie vs Wis\u0142a Krak\u00f3w - 8. Szysz pud\u0142uje\" width=\"1110\" height=\"624\" src=\"https:\/\/www.youtube.com\/embed\/XkH0NJJIxAE?feature=oembed\" frameborder=\"0\" allow=\"accelerometer; autoplay; clipboard-write; encrypted-media; gyroscope; picture-in-picture\" allowfullscreen><\/iframe>\n<\/div><figcaption>Patryk Szysz fatalnie pud\u0142uje&#8230; Gdyby musia\u0142 wtedy z przewrotki strzela\u0107, to nie mam w\u0105tpliwo\u015bci, \u017ce by trafi\u0142 \ud83d\ude42 \ud83d\ude42 \ud83d\ude42<\/figcaption><\/figure>\n\n\n\n<figure class=\"wp-block-embed is-type-video is-provider-youtube wp-block-embed-youtube wp-embed-aspect-16-9 wp-has-aspect-ratio\"><div class=\"wp-block-embed__wrapper\">\n<iframe loading=\"lazy\" title=\"2020\/21 - kolejka 26 - Zag\u0142\u0119bie vs Wis\u0142a Krak\u00f3w - 9. Mraz wchodzi - Mraz strzela gola ! (4:1)\" width=\"1110\" height=\"624\" src=\"https:\/\/www.youtube.com\/embed\/dwm970y6qRg?feature=oembed\" frameborder=\"0\" allow=\"accelerometer; autoplay; clipboard-write; encrypted-media; gyroscope; picture-in-picture\" allowfullscreen><\/iframe>\n<\/div><figcaption>Skoro w tym meczu Podli\u0144ski si\u0119 prze\u0142ama\u0142 i strzeli\u0142 w ko\u0144cu gola w Ekstraklasie&#8230; Skoro Starzy\u0144ski si\u0119 prze\u0142ama\u0142 i w ko\u0144cu strzeli\u0142 gola z rzutu wolnego (po 3 latach posuchy)&#8230; To i Mraz musia\u0142 wej\u015b\u0107 i strzeli\u0107 gola \ud83d\ude42<\/figcaption><\/figure>\n\n\n\n<figure class=\"wp-block-embed is-type-video is-provider-youtube wp-block-embed-youtube wp-embed-aspect-16-9 wp-has-aspect-ratio\"><div class=\"wp-block-embed__wrapper\">\n<iframe loading=\"lazy\" title=\"2020\/21 - kolejka 26 - Zag\u0142\u0119bie vs Wis\u0142a Krak\u00f3w - 10. Uderzrzrzrzrzrz!!! :)\" width=\"1110\" height=\"624\" src=\"https:\/\/www.youtube.com\/embed\/pYLFsNq4_hY?feature=oembed\" frameborder=\"0\" allow=\"accelerometer; autoplay; clipboard-write; encrypted-media; gyroscope; picture-in-picture\" allowfullscreen><\/iframe>\n<\/div><figcaption>Uderzrzrzrzrzrzrzrz!!!! \ud83d\ude42 \ud83d\ude42 \ud83d\ude42 <\/figcaption><\/figure>\n\n\n\n<figure class=\"wp-block-embed is-type-video is-provider-youtube wp-block-embed-youtube wp-embed-aspect-16-9 wp-has-aspect-ratio\"><div class=\"wp-block-embed__wrapper\">\n<iframe loading=\"lazy\" title=\"2020\/21 - kolejka 26 - Zag\u0142\u0119bie vs Wis\u0142a Krak\u00f3w - 11. Pomeczowe zbijanie 5-tek :)\" width=\"1110\" height=\"624\" src=\"https:\/\/www.youtube.com\/embed\/fRfs1iyEONo?start=2&#038;feature=oembed\" frameborder=\"0\" allow=\"accelerometer; autoplay; clipboard-write; encrypted-media; gyroscope; picture-in-picture\" allowfullscreen><\/iframe>\n<\/div><figcaption>Pomeczowe zbijanie 5-tek<\/figcaption><\/figure>\n","protected":false},"excerpt":{"rendered":"","protected":false},"author":4,"featured_media":6608,"comment_status":"open","ping_status":"open","sticky":false,"template":"","format":"standard","meta":{"footnotes":""},"categories":[72],"tags":[527,715,717,716,545,291,714],"class_list":["post-6607","post","type-post","status-publish","format-standard","has-post-thumbnail","hentry","category-youtube","tag-filip-starzynski","tag-hyballa","tag-karol-podlinski","tag-martin-sevela","tag-patryk-szysz","tag-samuel-mraz","tag-wisla-krakow"],"_links":{"self":[{"href":"https:\/\/www.zaglebiak.com\/index.php\/wp-json\/wp\/v2\/posts\/6607","targetHints":{"allow":["GET"]}}],"collection":[{"href":"https:\/\/www.zaglebiak.com\/index.php\/wp-json\/wp\/v2\/posts"}],"about":[{"href":"https:\/\/www.zaglebiak.com\/index.php\/wp-json\/wp\/v2\/types\/post"}],"author":[{"embeddable":true,"href":"https:\/\/www.zaglebiak.com\/index.php\/wp-json\/wp\/v2\/users\/4"}],"replies":[{"embeddable":true,"href":"https:\/\/www.zaglebiak.com\/index.php\/wp-json\/wp\/v2\/comments?post=6607"}],"version-history":[{"count":1,"href":"https:\/\/www.zaglebiak.com\/index.php\/wp-json\/wp\/v2\/posts\/6607\/revisions"}],"predecessor-version":[{"id":6609,"href":"https:\/\/www.zaglebiak.com\/index.php\/wp-json\/wp\/v2\/posts\/6607\/revisions\/6609"}],"wp:featuredmedia":[{"embeddable":true,"href":"https:\/\/www.zaglebiak.com\/index.php\/wp-json\/wp\/v2\/media\/6608"}],"wp:attachment":[{"href":"https:\/\/www.zaglebiak.com\/index.php\/wp-json\/wp\/v2\/media?parent=6607"}],"wp:term":[{"taxonomy":"category","embeddable":true,"href":"https:\/\/www.zaglebiak.com\/index.php\/wp-json\/wp\/v2\/categories?post=6607"},{"taxonomy":"post_tag","embeddable":true,"href":"https:\/\/www.zaglebiak.com\/index.php\/wp-json\/wp\/v2\/tags?post=6607"}],"curies":[{"name":"wp","href":"https:\/\/api.w.org\/{rel}","templated":true}]}}