{"id":6534,"date":"2021-04-18T00:34:27","date_gmt":"2021-04-17T22:34:27","guid":{"rendered":"http:\/\/www.zaglebiak.com\/?p=6534"},"modified":"2021-04-18T00:34:29","modified_gmt":"2021-04-17T22:34:29","slug":"linki-stanislaw-swierk-cz-1-z-2","status":"publish","type":"post","link":"https:\/\/www.zaglebiak.com\/index.php\/2021\/04\/18\/linki-stanislaw-swierk-cz-1-z-2\/","title":{"rendered":"#LINKI &#8211; Stanis\u0142aw \u015awierk (cz.1 z 2)"},"content":{"rendered":"\n<p>Na Dolnym \u015al\u0105sku Stanis\u0142aw \u015awierk jest bodaj najbardziej doceniony w Zag\u0142\u0119biu Lubin. Trzeba uczciwie doda\u0107, \u017ce zapracowa\u0142 sobie na to dwiema niezwykle owocnymi w historii Zag\u0142\u0119bia kadencjami.\u00a0 Pod koniec lat 70-tych ubieg\u0142ego stulecia lubinianie legitymowali si\u0119 jedynie dwoma sezonami w drugiej lidze. 1975\/76 zako\u0144czyli na ostatnim, a 78\/79 na spadkowym 14-tym, cho\u0107 r\u00f3wnolegle zesp\u00f3\u0142 pod egid\u0105 rezerw doszed\u0142 do p\u00f3\u0142fina\u0142u Pucharu Polski. Pocz\u0105tek pracy Stanis\u0142awa \u015awierka w Lubinie to jesie\u0144 1979, gdzie Zag\u0142\u0119bie gra\u0142o w gr. VI o\u015bmiogrupowej 3.ligi. Rywalizacja w tej grupie o pierwsze miejsce by\u0142a bardzo zaci\u0119ta. Lubinianie wraz z Kryszta\u0142em Stronie \u015al\u0105skie sz\u0142y \u0142eb w \u0142eb, ale dzi\u0119ki lepszemu bilansowi bramkowemu w lepszej sytuacji by\u0142o Zag\u0142\u0119bie. A\u017c nadesz\u0142a ostatnia kolejka, w kt\u00f3rej Kryszta\u0142 wygrywa g\u0142adko z Metalem Kluczbork 3:0, a Zag\u0142\u0119bie na w\u0142asnym boisku zaledwie remisuje 1:1 z Lechi\u0105 Piechowice. Do drugiej ligi awansowali pi\u0142karze ze Stronia \u015al\u0105skiego.<\/p>\n\n\n\n<p>TO TYLKO CZ\u0118\u015a\u0106 (SKROMNA CZ\u0118\u015a\u0106) TEGO, CO MO\u017bECIE W CA\u0141O\u015aCI PRZECZYTA\u0106 TUTAJ -> <strong><a rel=\"noreferrer noopener\" href=\"http:\/\/football-waldenburg.blogspot.com\/2021\/04\/stanisaw-swierk-trener-niedoceniony-czi.html\" target=\"_blank\"><span class=\"has-inline-color has-vivid-red-color\">http:\/\/football-waldenburg.blogspot.com\/2021\/04\/stanisaw-swierk-trener-niedoceniony-czi.html<\/span><\/a><\/strong><br>Bardzo du\u017cy artyku\u0142 o Stanis\u0142awie \u015awierku (a konkretnie: pierwsza jego cz\u0119\u015b\u0107 bo materia\u0142u jest tak du\u017co, \u017ce autor musia\u0142 go podzieli\u0107 na p\u00f3\u0142) &#8211; POLECAM.<br>Sam blog te\u017c bardzo fajny, cho\u0107 ma oczywisty minus \ud83d\ude42 Nie jest o Zag\u0142\u0119biu Lubin \ud83d\ude42 \ud83d\ude42 \ud83d\ude42 Ale sporo rzeczy o naszym klubie mo\u017cna tam znale\u017a\u0107, dlatego zach\u0119cam do przejrzenia\/obserwowania.  <\/p>\n\n\n\n<div class=\"wp-block-image\"><figure class=\"aligncenter size-large is-resized\"><img loading=\"lazy\" decoding=\"async\" src=\"http:\/\/www.zaglebiak.com\/wp-content\/uploads\/2021\/04\/strona_0098.jpg\" alt=\"\" class=\"wp-image-6536\" width=\"773\" height=\"481\" srcset=\"https:\/\/www.zaglebiak.com\/wp-content\/uploads\/2021\/04\/strona_0098.jpg 639w, https:\/\/www.zaglebiak.com\/wp-content\/uploads\/2021\/04\/strona_0098-300x187.jpg 300w\" sizes=\"auto, (max-width: 773px) 100vw, 773px\" \/><\/figure><\/div>\n","protected":false},"excerpt":{"rendered":"<p>Na Dolnym \u015al\u0105sku Stanis\u0142aw \u015awierk jest bodaj najbardziej doceniony w Zag\u0142\u0119biu Lubin. Trzeba uczciwie doda\u0107, \u017ce zapracowa\u0142 sobie na to dwiema niezwykle owocnymi w historii Zag\u0142\u0119bia kadencjami.\u00a0 Pod koniec lat&hellip; <\/p>\n","protected":false},"author":2,"featured_media":6535,"comment_status":"open","ping_status":"open","sticky":false,"template":"","format":"standard","meta":{"footnotes":""},"categories":[701],"tags":[263],"class_list":["post-6534","post","type-post","status-publish","format-standard","has-post-thumbnail","hentry","category-linki","tag-stanislaw-swierk"],"_links":{"self":[{"href":"https:\/\/www.zaglebiak.com\/index.php\/wp-json\/wp\/v2\/posts\/6534","targetHints":{"allow":["GET"]}}],"collection":[{"href":"https:\/\/www.zaglebiak.com\/index.php\/wp-json\/wp\/v2\/posts"}],"about":[{"href":"https:\/\/www.zaglebiak.com\/index.php\/wp-json\/wp\/v2\/types\/post"}],"author":[{"embeddable":true,"href":"https:\/\/www.zaglebiak.com\/index.php\/wp-json\/wp\/v2\/users\/2"}],"replies":[{"embeddable":true,"href":"https:\/\/www.zaglebiak.com\/index.php\/wp-json\/wp\/v2\/comments?post=6534"}],"version-history":[{"count":1,"href":"https:\/\/www.zaglebiak.com\/index.php\/wp-json\/wp\/v2\/posts\/6534\/revisions"}],"predecessor-version":[{"id":6537,"href":"https:\/\/www.zaglebiak.com\/index.php\/wp-json\/wp\/v2\/posts\/6534\/revisions\/6537"}],"wp:featuredmedia":[{"embeddable":true,"href":"https:\/\/www.zaglebiak.com\/index.php\/wp-json\/wp\/v2\/media\/6535"}],"wp:attachment":[{"href":"https:\/\/www.zaglebiak.com\/index.php\/wp-json\/wp\/v2\/media?parent=6534"}],"wp:term":[{"taxonomy":"category","embeddable":true,"href":"https:\/\/www.zaglebiak.com\/index.php\/wp-json\/wp\/v2\/categories?post=6534"},{"taxonomy":"post_tag","embeddable":true,"href":"https:\/\/www.zaglebiak.com\/index.php\/wp-json\/wp\/v2\/tags?post=6534"}],"curies":[{"name":"wp","href":"https:\/\/api.w.org\/{rel}","templated":true}]}}