{"id":6371,"date":"2021-04-13T00:18:46","date_gmt":"2021-04-12T22:18:46","guid":{"rendered":"http:\/\/www.zaglebiak.com\/?p=6371"},"modified":"2021-04-13T00:38:29","modified_gmt":"2021-04-12T22:38:29","slug":"krotko-w-temacie-08-kibice-prezesa-pytaja-ja-na-niektore-pytania-odpowiadam-bo-prezes-pewnie-i-tak-nie-odpowie","status":"publish","type":"post","link":"https:\/\/www.zaglebiak.com\/index.php\/2021\/04\/13\/krotko-w-temacie-08-kibice-prezesa-pytaja-ja-na-niektore-pytania-odpowiadam-bo-prezes-pewnie-i-tak-nie-odpowie\/","title":{"rendered":"Kr\u00f3tko w temacie #08: kibice Prezesa pytaj\u0105&#8230; ja (na niekt\u00f3re pytania) odpowiadam (bo Prezes pewnie i tak nie odpowie :) )"},"content":{"rendered":"\n<p>Fanpage &#8222;Zag\u0142\u0119bie Fanatyk\u00f3w&#8221; zrobi\u0142 fajn\u0105 (bo konstruktywn\u0105) rzecz. Zebra\u0142 do kupy pytania od sfrustrowanych kibic\u00f3w i chce je przes\u0142a\u0107 Prezesowi Jankowskiemu. Inicjatywa \u015bwietna &#8211; popieram.<br>Czy co\u015b z niej wyjdzie? Si\u0119 oka\u017ce. Szczerze m\u00f3wi\u0105c &#8211; pow\u0105tpiewam. Panowie chc\u0105 te pytania przekaza\u0107 OFICJALNYM MAILEM. Po meczu z Legi\u0105 te\u017c przes\u0142a\u0142em oficjalne pytania e-mailem do Seveli na konferencj\u0119 pomeczow\u0105 &#8211; odpowiedzi na nie us\u0142ysze\u0107 nie us\u0142ysza\u0142em. Agresywne nie by\u0142y, sami zobaczcie:<br><em>1. Czemu mia\u0142a s\u0142u\u017cy\u0107 zmiana Bashkirova (pi\u0142karza o charakterze defensywnym) za Starzy\u0144skiego (pi\u0142karza o charakterze ofensywnym). Mieli\u015bmy broni\u0107 wynik?<\/em><br><em>2. Czy mo\u017ce Pan zdementowa\u0107 plotk\u0119, \u017ce Crnomarkovi\u0107 jest wstawiany do sk\u0142adu tylko ze wzgl\u0119du na warunki wypo\u017cyczenia tego zawodnika z Lecha Pozna\u0144 gwarantuj\u0105ce mu okre\u015blon\u0105 liczb\u0119 minut?<\/em><\/p>\n\n\n\n<p>No ale wr\u00f3\u0107my do tych zebranych pyta\u0144. Jest ich sporawo (40) i niekt\u00f3re zwr\u00f3ci\u0142y moj\u0105 uwag\u0119 na tyle, \u017ce a\u017c je musz\u0119 skomentowa\u0107 (I ROBI\u0118 TO CAPSLOKIEM \ud83d\ude42 )<br>(Pe\u0142na lista pyta\u0144 -&gt; <strong><a rel=\"noreferrer noopener\" href=\"https:\/\/www.facebook.com\/ZaglebieFanatykow\/photos\/a.194824417228156\/4190174001026491\/\" target=\"_blank\">https:\/\/www.facebook.com\/ZaglebieFanatykow\/photos\/a.194824417228156\/4190174001026491\/<\/a><\/strong> )<\/p>\n\n\n\n<p>1. Kiedy ko\u0144czy si\u0119 kontrakt trenera Seveli? &#8211; WG TRANSFERMARKTU TO PO NAST\u0118PNYM SEZONIE.<\/p>\n\n\n\n<div class=\"wp-block-image\"><figure class=\"aligncenter size-large is-resized\"><img loading=\"lazy\" decoding=\"async\" src=\"https:\/\/64.media.tumblr.com\/c3e2d370a1acd44eb361c10924e7fc97\/adce5c11570ce5ac-7b\/s1280x1920\/5db5f7268be9297be6011b79728185af2343e9d8.png\" alt=\"\" width=\"1184\" height=\"304\"\/><\/figure><\/div>\n\n\n\n<p>2. Dlaczego w sezonie jak obecny, gdzie nie gro\u017c\u0105 nam ani puchary ani spadek, nie promujemy naszych wychowank\u00f3w, graj\u0105cych dobrze w rezerwach, a zamiast tego gramy wypo\u017cyczonymi najemnikami bez formy i bez przysz\u0142o\u015bci w Lubinie? &#8211; TO NIE POWINNO BY\u0106 PYTANIE KIBIC\u00d3W DO PREZESA, TYLKO PREZESA DO TRENERA. W\u0141A\u015aCIWIE &#8211; DYREKTORA SPORTOWEGO DO TRENERA, NO ALE WIADOMO &#8211; DYREKTORA SPORTOWEGO MAMY P\u00d3KI CO TYLKO Z NAZWY \ud83d\ude42<\/p>\n\n\n\n<p>3. Czy naprawd\u0119 Stoch ma p\u0142atny okres przygotowawczy przed wylotem do MLS?<br>Czy klub zapewni\u0142 sobie przed\u0142u\u017cenie kontraktu po zako\u0144czeniu p\u00f3l rocznego kontraktu czy mia\u0142 \u015bwiadomo\u015b\u0107 \u017ce pi\u0142karz mia\u0142 ju\u017c podpisany kontakt z klubem z MLS i odejdzie po zako\u0144czeniu sezonu. &#8211; JA BYM SI\u0118 TU NIE CZEPIA\u0141 FAKTU, \u017bE STOCH PRZYSZED\u0141 I ZARAZ ODEJDZIE, BO PRZECIE\u017b TEN SAM STATUS W DRU\u017bYNIE MA DRA\u017bI\u0106. BARDZIEJ PROBLEMEM DLA MNIE JEST, \u017bE STOCH ANI PRZEZ MOMENT NIE BY\u0141 POTRZEBNY. PUCHARY I TAK NAM NIE GROZI\u0141Y, SPADEK TE\u017b NIE. STRATA PIENI\u0118DZY TEN S\u0141OWAK.<\/p>\n\n\n\n<p>5. Kto konkretnie odpowiada za beznadziejne transfery &#8211; Crnomarkovic, \u017bubrowski, \u0141akomy, Ratajczyk, Stoch? &#8211; A TO \u0141AKOMY BY\u0141 TRANSFEREM DO PIERWSZEGO SK\u0141ADU, \u017bE KTO\u015a GO UZNA\u0141 ZA BEZNADZIEJNY? BO GO\u015a\u0106 Z LEGII PRZYCHODZI TO U NAS OD RAZU MIA\u0141 GRA\u0106? PRZECIE\u017b ON TAM NAWET NIE ZADEBIUTOWA\u0141 W LIDZE \ud83d\ude42 A \u017bUBER MOIM ZDANIEM NIE JEST TRANSFEREM BEZNADZIEJNYM (BO GRA POPRAWNIE) &#8211; JEST TRANSFEREM ZBYTECZNYM (TAK SAMO POPRAWNIE GRA\u0141O BY P\u00d3\u0141 LIGI&#8230; ALBO KTO\u015a Z NASZYCH REZERW)<\/p>\n\n\n\n<p>6. Dlaczego pomimo braku formy trener stawia wci\u0105\u017c na tych samych zawodnik\u00f3w- Balic, Simic itd? BEZSENSOWNE PYTANIE DO PREZESA MOIM ZDANIEM. NA JEGO MIEJSCU ODPOWIEDZIA\u0141 BYM &#8222;TO PYTANIE DO TRENERA. PO TO GO ZATRUDNIAM, \u017bEBY TO ON WYBIERA\u0141 SK\u0141AD&#8221;<\/p>\n\n\n\n<p>7. Dlaczego sk\u0142ad obrony z meczu z Lechem w Poznaniu nie dosta\u0142 ju\u017c szansy? &#8211; DO SEVELI Z TYM \ud83d\ude42 ALE GENERALNIE &#8211; SAMI SOBIE WINNI. NIE MOGLI BY\u0106 S\u0141OWAKAMI?!? \ud83d\ude42 \ud83d\ude42 \ud83d\ude42 \ud83d\ude42 BYCIE S\u0141OWAKIEM TO U SEVELI OD RAZU +50 DO MIEJSCA W SK\u0141ADZIE \ud83d\ude42<\/p>\n\n\n\n<p>8. Jak\u0105 wizj\u0119 funkcjonowania klubu przedstawia zarz\u0105dowi w\u0142a\u015bciciel? Jako kibic mam wra\u017cenie \u017ce nie ma \u017cadnych cel\u00f3w sportowych, tylko zarobek? &#8211; NA TAKIE PYTANIA SZKODA BY MI BY\u0141O KLAWIATURY. W\u0141A\u015aCICIEL JU\u017b NIE RAZ LA\u0141 WOD\u0118 W STYLU &#8222;NASZYM CELEM JEST JAK NAJWY\u017bSZA POZYCJA W TABELI BLABLABLA ROZWIJANIE M\u0141ODYCH ZAWODNIK\u00d3W BLABLABLA&#8221;&#8230; GADA\u0106 TAKIE PIERDOLOLO KA\u017bDY MO\u017bE, TO NIC NIE KOSZTUJE I INNEJ ODPOWIEDZI &#8211; O ILE TAKOWA PADNIE &#8211; BYM SI\u0118 NIE SPODZIEWA\u0141 \ud83d\ude42<\/p>\n\n\n\n<p>9. Jaki plan ma klub na \u015bci\u0105ganie kibic\u00f3w na trybuny? Oczywi\u015bcie nie mowie tutaj o tera\u017aniejszej sytuacji wirusowej? &#8211; TU BYM NA MIEJSCU PREZESA ODPOWIEDZIA\u0141 PYTANIEM NA PYTANIE : &#8222;A CO WAS \u015aCI\u0104GNIE NA TRYBUNY? I DLACZEGO NAWET DOBRE WYNIKI (2015\/16) NIE \u015aCI\u0104GN\u0118\u0141Y WAS TUTAJ W DU\u017bEJ ILO\u015aCI?&#8221;. <\/p>\n\n\n\n<p>10. Kto w klubie odpowiedzialny jest za marketing i jaka jest wizja marketingowa klubu? &#8211; ODPOWIEDZIALNY ZA MARKETING JEST DZIA\u0141 MARKETINGU. PERSONALNIE &#8211; DYREKTOR MARKETINGU \ud83d\ude42 NO SORRY, TO NIE JEST WIEDZA TAJEMNA. CZASEM S\u0141YSZ\u0118 NARZEKANIA NA MARKETING KLUBOWY ALE ZASTANAWIAM SI\u0118, CZEGO DOK\u0141ADNIE TE OSOBY OCZEKUJ\u0104. WI\u0118CEJ FILMIK\u00d3W NA YOUTUBE? OFICJALNA GALA 75-LECIA PRZEZ DWA TYGODNIE ZANOTOWA\u0141A MARNYCH 2 TYSI\u0104CE WY\u015aWIETLE\u0143&#8230; TAK, W\u0141A\u015aCICIEL NA PEWNO SYPNIE WI\u0118CEJ HAJSU NA MARKETING PRZY TAKICH WYNIKACH \ud83d\ude42<\/p>\n\n\n\n<p>12. Dlaczego nie mamy jasno nakre\u015blonych ambitnych cel\u00f3w sportowych ? A ILE KLUB\u00d3W W POLSCE JASNO NAKRE\u015aLA AMBITNE CELE SPORTOWE? LEGIA M\u00d3WI, \u017bE GRA O MISTRZA, WIDZEW Z GKS KATOWICE M\u00d3WI\u0104, \u017bE WALCZ\u0104 O AWANS WY\u017bEJ&#8230; I TO JU\u017b PRAWIE TYLE \ud83d\ude42 RESZTA SI\u0118 ASEKURUJE, \u017bEBY W RAZIE NIE SPE\u0141NIENIA CELU NIKT IM TEGO NIE WYTYKA\u0141 I NIE SZYDZI\u0141 (&#8222;H\u0141E H\u0141E A GADALI, \u017bE W PUCHARACH CHCIELI GRA\u0106 H\u0141E H\u0141E CO ZA IDIOCI H\u0141E H\u0141E&#8221;)<\/p>\n\n\n\n<p>13. Dlaczego od lat je\u017celi znajdzie si\u0119 kto\u015b kto w jaki\u015b spos\u00f3b si\u0119 wybija sportowo na boisku ucieka jak najszybciej z klubu ? &#8211; A DLACZEGO ZA GRANIC\u0104 WI\u0118CEJ P\u0141AC\u0104 PI\u0141KARZOM? \ud83d\ude42 \ud83d\ude42 \ud83d\ude42<\/p>\n\n\n\n<p>15. Czy niszczenie wizerunku klubu to celowe dzia\u0142anie ,kt\u00f3re ma na celu obrzydzenie spo\u0142eczno\u015bci lubi\u0144skiej klubu, by KGHM m\u00f3g\u0142 spokojnie si\u0119 wycofa\u0107 ze sponsorowania? &#8211; KGHM DAWA\u0141 MORZE HAJSU A W ZAMIAN ZA TO PSEUDO-DZIA\u0141ACZE SPU\u015aCILI KLUB Z LIGI TAK\u017bE Z TYM NISZCZENIEM WIZERUNKU, TO JA BYM SI\u0118 NIE CZEPIA\u0141 TERAZ  TYLKO JANKOWSKIEGO, BO &#8211; CO BY NIE M\u00d3WI\u0106 &#8211; MIELI\u015aMY JESZCZE GORSZYCH PREZES\u00d3W \ud83d\ude42 <\/p>\n\n\n\n<p>22. Transfery &#8211; wygl\u0105da to na chaos i przypadek (patrz sytuacja z Podli\u0144skim) &#8211; dlaczego nie ma listy pi\u0142karzy pierwszego wyboru, drugiego, trzeciego &#8211; jaka jest rola szefa skaut\u00f3w i dyrektora sportowego i wsp\u00f3\u0142praca z trenerem? &#8211; SK\u0104D U PYTAJ\u0104CEGO WIEDZA, \u017bE NIE MA TAKIEJ LISTY? \ud83d\ude42 \ud83d\ude42 \ud83d\ude42 I DRUGA RZECZ &#8211; CO KOMU PO TAKIEJ LI\u015aCIE, JAK NIE MA HAJSU NA TRANSFERY, A NAWET KIEDY JU\u017b SI\u0118 JAKI\u015a CASH ZNAJDZIE, TO STARCZA NA ZAWODNIKA NUMER 8 Z TAKIEJ LISTY? \ud83d\ude42<\/p>\n\n\n\n<p>24. Dlaczego prezes nie zabra\u0142 g\u0142osu po kompromituj\u0105cej pora\u017cce z Chojniczank\u0105 Chojnice i dlaczego do tej pory nie zosta\u0142y wyci\u0105gni\u0119te konsekwencje wobec trenera i zawodnik\u00f3w? &#8211; PREZES NIE ZABRA\u0141 G\u0141OSU &#8211; FAKT. GDYBY ZABRA\u0141 &#8211; I TAK NIC NIE WNI\u00d3S\u0141BY NOWEGO\/CIEKAWEGO &#8211; TE\u017b FAKT.<\/p>\n\n\n\n<p>26. Czy nasi m\u0142odzi adepci w akademii s\u0105 tak s\u0142abi, \u017ce w pierwszym sk\u0142adzie gra kompletnie bez formy Simi\u0107 czy Stoch ? &#8211; SIMI\u0106 MOIM ZDANIEM NIE JEST &#8222;NIE W FORMIE&#8221;. ON PO PROSTU TAK GRA&#8230; TAKI POZIOM PREZENTUJE \ud83d\ude42 WCZE\u015aNIEJ STRZELA\u0141 BRAMKI, WI\u0118C SPORO OS\u00d3B BY\u0106 MO\u017bE TO ZA\u015aLEPI\u0141O, ALE PRZECIE\u017b ON OD SAMEGO POCZ\u0104TKU KREOWA\u0141 SYTUACJE ZAR\u00d3WNO POD BRAMK\u0104 PRZECIWNIKA JAK I NASZ\u0104 \ud83d\ude42<\/p>\n\n\n\n<p>27. Ile minut mieli obiecane przez klub w kontrakcie do rozegrania Stoch czy Mra\u017e? Nie jest to przecie\u017c mo\u017cliwe, \u017ce grali przez tyle czasu ze wzgl\u0119du na form\u0119 sportow\u0105, kt\u00f3rej w naszym klubie jeszcze nie mieli.? &#8211; SZKODA, \u017bE  NIE DOCZEKAMY ODPOWIEDZI NA TO PYTANIE, BO WIADOMO \u017bE &#8222;NIE MO\u017bEMY UJAWNIA\u0106 SZCZEG\u00d3\u0141\u00d3W ZAPIS\u00d3W KONTRAKTOWYCH&#8221; \ud83d\ude42 <\/p>\n\n\n\n<p>28. Gdzie podzia\u0142y si\u0119 pieni\u0105dze za transfery ? Czemu prezes o nie, nie walczy\u0142? &#8211; TUTAJ NIE SPODZIEWA\u0141BYM SI\u0118 INNEJ ODPOWIEDZI NI\u017b &#8222;W RAPORCIE UDOST\u0118PNIONYM WSZYSTKIM NA STRONIE KLUBOWEJ  WSZYSTKO JEST WYSZCZEG\u00d3LNIONE&#8221;<\/p>\n\n\n\n<p>30. Dlaczego trener na si\u0142\u0119 wpycha Stocha i Mraza do sk\u0142adu, skoro nie pokazuj\u0105 nic dobrego, a tylko szkodz\u0105? Czy maj\u0105 wpisy w kontrakcie \u017ce dostaj\u0105 pieni\u0105dze za minuty meczu? &#8211; JA TU BYM POPROSI\u0141 GULDANA O ODPOWIED\u0179. MRAZ MIA\u0141 &#8222;GN\u0118BI\u0106 POLAK\u00d3W&#8221; A STOCH PO PRZYJ\u015aCIU MIA\u0141 &#8222;ZA 2-3 TYGODNIE WR\u00d3CI\u0106 DO FORMY&#8221; \ud83d\ude42 CIEKAW JESTEM, CZY GULDAN JU\u017b SOBIE &#8222;PRZEANALIZOWA\u0141&#8221; CZEMU NIE PYK\u0141O&#8230; CZEMU WSZYSCY OPR\u00d3CZ NIEGO WIEDZIELI, \u017bE Z MRAZA NIC NIE B\u0118DZIE I \u017bE TRZEBA SKR\u00d3CI\u0106 TO WYPO\u017bYCZENIE&#8230;<\/p>\n\n\n\n<p>31. Dlaczego kupiony za prawie 1.5 mln z\u0142otych reprezentant kraju Ratajczyk nie dostaje takiej szansy gry jak Stoch ? Czy tak odstaje od niego form\u0105 ? &#8211; NO JAK RATAJ WCHODZI NA MURAW\u0118, TO FORM\u0104 NIE ODSTAJE&#8230; JEST TAK SAMO KIEPSKI \ud83d\ude42 ALE JA BYM GO JEDNAK WSTAWIA\u0141 DO GRY &#8211; ZAWSZE TO JAKIE\u015a PUNKTY DO PRO-JUNIOR, ZAWSZE TO M\u0141ODY KOPACZ ZBIERZE JAKIE\u015a DO\u015aWIADCZENIE I MO\u017bE SI\u0118 KIEDY\u015a UDA GO KOMU\u015a OPCHN\u0104\u0106 I CO\u015a TAM ODZYSKA\u0106 Z W\u0141O\u017bONEJ W NIEGO KASY&#8230;<\/p>\n\n\n\n<p>32. Dlaczego w ka\u017cdym meczu zesp\u00f3\u0142 i trener nie maj\u0105 pomys\u0142u na gr\u0119 co skutkuje przegranym meczem? &#8211; POMYS\u0141 NA GR\u0118 JEST. TYLKO, \u017bE NIE DZIA\u0141A \ud83d\ude42 \ud83d\ude42 \ud83d\ude42<\/p>\n\n\n\n<p>35. Jak prezes widzi to, \u017ce w roku 2021 jeste\u015bmy najgorsz\u0105 dru\u017cyn\u0105 w Ekstraklasie i kto ponosi\/poniesie za to odpowiedzialno\u015b\u0107? &#8211; NIE NAJGORSZ\u0104 TYLKO JEDN\u0104 Z NAJGORSZYCH<\/p>\n\n\n\n<p>36. Czy w Zag\u0142\u0119biu w ko\u0144cu pojawi si\u0119 napastnik kt\u00f3ry potrafi strzela\u0107 bramki ? &#8211; OD NAST\u0118PNEJ RUNDY SI\u0118 POJAWI&#8230; STRZELA\u0141 SPORO W S\u0141OWENII&#8230;. A NIE, CZEKAJ \ud83d\ude42 \ud83d\ude42 \ud83d\ude42<\/p>\n\n\n\n<p>37. Dlaczego tylu trener\u00f3w i zawodnik\u00f3w odesz\u0142o z Akademii Zag\u0142\u0119bia? &#8211; HEHEHE&#8230;. BARDZO DOBRE PYTANIE I MAM WRA\u017bENIE, \u017bE PYTAJ\u0104CY ZNA ODPOWIED\u0179. TO ZNACZY &#8211; ZNA PRAWD\u0118, NATOMIAST ODPOWIED\u0179 JANKOWSKIEGO BY\u0141ABY W STYLU &#8222;STWIERDZILI, \u017bE CHC\u0104 SI\u0118 ROZWIJA\u0106 POZA STRUKTURAMI KLUBU, PR\u00d3BOWALI\u015aMY ICH ZATRZYMA\u0106 ITP ITD BLE BLE BLE&#8221;<\/p>\n\n\n\n<p>38. Czy Forenc nie powinien dosta\u0107 wi\u0119cej szans na gr\u0119, skoro H\u0142adun nie wybroni\u0142 nam \u017cadnego meczu w tym roku ? &#8211; SPORTOWO &#8211; WIADOMO, \u017bE POWINIEN. ALE H\u0141ADUN W SK\u0141ADZIE TO DECYZJA BIZNESOWA &#8211; OCZEKUJE SI\u0118, \u017bE KILKA MECZ\u00d3W WYBRONI I KTO\u015a GO KUPI.<\/p>\n\n\n\n<p>40. Jakie nagrody pieni\u0119\u017cne Prezes obieca\u0142 najemnikom Zag\u0142\u0119bia za zdobycie: MP, PP?&nbsp;&#8211; PO TYM CO WIDZIA\u0141EM W MECZU PRZECIW CHOJNICOM &#8211; ZA PUCHAR POLSKI NIC NIE OBIECA\u0141 \ud83d\ude42 \ud83d\ude42 \ud83d\ude42<br><br>Tytu\u0142em zako\u0144czenia &#8211; obstawiam, \u017ce Prezes nie odniesie si\u0119 nawet do po\u0142owy z tej listy &#8222;40 pyta\u0144&#8221;. Co by nie m\u00f3wi\u0107 o poprzedniku Jankowskiego, jemu nikt takiej listy szykowa\u0107 by nie musia\u0142, bo ten by si\u0119 ju\u017c dawno wypowiedzia\u0142 na Twitterze \ud83d\ude42<\/p>\n","protected":false},"excerpt":{"rendered":"<p>Fanpage &#8222;Zag\u0142\u0119bie Fanatyk\u00f3w&#8221; zrobi\u0142 fajn\u0105 (bo konstruktywn\u0105) rzecz. Zebra\u0142 do kupy pytania od sfrustrowanych kibic\u00f3w i chce je przes\u0142a\u0107 Prezesowi Jankowskiemu. Inicjatywa \u015bwietna &#8211; popieram.Czy co\u015b z niej wyjdzie? Si\u0119&hellip; <\/p>\n","protected":false},"author":2,"featured_media":6372,"comment_status":"open","ping_status":"open","sticky":false,"template":"","format":"standard","meta":{"footnotes":""},"categories":[7],"tags":[],"class_list":["post-6371","post","type-post","status-publish","format-standard","has-post-thumbnail","hentry","category-felietony"],"_links":{"self":[{"href":"https:\/\/www.zaglebiak.com\/index.php\/wp-json\/wp\/v2\/posts\/6371","targetHints":{"allow":["GET"]}}],"collection":[{"href":"https:\/\/www.zaglebiak.com\/index.php\/wp-json\/wp\/v2\/posts"}],"about":[{"href":"https:\/\/www.zaglebiak.com\/index.php\/wp-json\/wp\/v2\/types\/post"}],"author":[{"embeddable":true,"href":"https:\/\/www.zaglebiak.com\/index.php\/wp-json\/wp\/v2\/users\/2"}],"replies":[{"embeddable":true,"href":"https:\/\/www.zaglebiak.com\/index.php\/wp-json\/wp\/v2\/comments?post=6371"}],"version-history":[{"count":2,"href":"https:\/\/www.zaglebiak.com\/index.php\/wp-json\/wp\/v2\/posts\/6371\/revisions"}],"predecessor-version":[{"id":6374,"href":"https:\/\/www.zaglebiak.com\/index.php\/wp-json\/wp\/v2\/posts\/6371\/revisions\/6374"}],"wp:featuredmedia":[{"embeddable":true,"href":"https:\/\/www.zaglebiak.com\/index.php\/wp-json\/wp\/v2\/media\/6372"}],"wp:attachment":[{"href":"https:\/\/www.zaglebiak.com\/index.php\/wp-json\/wp\/v2\/media?parent=6371"}],"wp:term":[{"taxonomy":"category","embeddable":true,"href":"https:\/\/www.zaglebiak.com\/index.php\/wp-json\/wp\/v2\/categories?post=6371"},{"taxonomy":"post_tag","embeddable":true,"href":"https:\/\/www.zaglebiak.com\/index.php\/wp-json\/wp\/v2\/tags?post=6371"}],"curies":[{"name":"wp","href":"https:\/\/api.w.org\/{rel}","templated":true}]}}