{"id":5407,"date":"2021-03-24T07:00:00","date_gmt":"2021-03-24T06:00:00","guid":{"rendered":"http:\/\/www.zaglebiak.com\/?p=5407"},"modified":"2021-03-29T10:00:12","modified_gmt":"2021-03-29T08:00:12","slug":"nasza-akademia-czolowa-w-polsce-sprawdzam","status":"publish","type":"post","link":"https:\/\/www.zaglebiak.com\/index.php\/2021\/03\/24\/nasza-akademia-czolowa-w-polsce-sprawdzam\/","title":{"rendered":"Nasza Akademia czo\u0142owa w Polsce? &#8211; SPRAWDZAM :)"},"content":{"rendered":"\n<p>Je\u015bli patrzymy na nasz\u0105 Akademi\u0119 pod k\u0105tem najwa\u017cniejszym &#8211; czyli dostarczania brzydko m\u00f3wi\u0105c &#8222;produktu&#8221; &#8211; to na pewno jest dobra (Bia\u0142ek, Jagie\u0142\u0142o, Jach, K.Pi\u0105tek, Pi\u0105tkowski), ale czy czo\u0142owa? Lepiej od nas robi\u0105 to w Warszawie, Poznaniu, Szczecinie, Zabrzu&#8230; Liczymy si\u0119 w kraju, ale czy jeste\u015bmy w czo\u0142\u00f3wce? Nie to dzi\u015b b\u0119d\u0119 sprawdza\u0142 \ud83d\ude42<br><br>Nie b\u0119d\u0119 te\u017c sprawdza\u0142, jak prezentuje si\u0119 nasza Akademia je\u015bli chodzi o obiekty itp &#8211; tu nie ma w\u0105tpliwo\u015bci &#8211; \u015aCIS\u0141Y TOP KRAJU!<\/p>\n\n\n\n<p class=\"has-text-align-left\">Dzi\u015b spojrz\u0119 sobie na to pod k\u0105tem wynik\u00f3w sportowych. Tak, wyniki junior\u00f3w nie s\u0105 najwa\u017cniejsze (nie bezpo\u015brednio napisa\u0142em to ju\u017c w pierwszym zdaniu tego wpisu) ALE dobrze by\u0142oby jednak od czasu do czasu jako\u015b t\u0119 swoj\u0105 &#8222;czo\u0142owo\u015b\u0107&#8221; potwierdzi\u0107 konkretnym wynikiem osi\u0105gni\u0119tym na murawie. I jak to wygl\u0105da\u0142o w poprzednich latach?<\/p>\n\n\n\n<p class=\"has-text-align-center\">***<\/p>\n\n\n\n<p>Sezon 2012\/13<br>1 miejsce &#8211; LEGIA WARSZAWA<br>2 miejsce &#8211; WIS\u0141A KRAK\u00d3W<br>3 miejsce &#8211; CRACOVIA KRAK\u00d3W<br>&#8230;<br>5-8 miejsce &#8211; ZAG\u0141\u0118BIE LUBIN <br>kr\u00f3l strzelc\u00f3w ZL &#8211; Karol Hodowany (6 goli)<br><br>Rozgrywki wygl\u0105da\u0142y w ten spos\u00f3b, \u017ce by\u0142 podzia\u0142 na 4 grupy regionalne (w ka\u017cdej po 12 dru\u017cyn) &#8211; w swojej zaj\u0119li\u015bmy 2. miejsce. Awans do rundy fina\u0142owej\/mistrzowskiej zdobywali tylko zwyci\u0119zcy takiej grupy. Brak\u0142o nam 5 punkt\u00f3w do Ruchu Chorz\u00f3w (kt\u00f3ry nie osi\u0105gn\u0105\u0142 tam sukces\u00f3w. By\u0142 ostatni czyli zaj\u0105\u0142 4 miejsce).<br>O tym, \u017ce nie wygrali\u015bmy grupy zadecydowa\u0142 &#8211; jak si\u0119 na ko\u0144cu okaza\u0142o &#8211; mecz 5. kolejki, kiedy to przegrali\u015bmy u siebie z Ruchem 0:1.<br>Kto by\u0142 najwi\u0119ksz\u0105 &#8222;gwiazd\u0105&#8221; tamtej ekipy? Chyba mo\u017cna za takiego uzna\u0107 Karola Hodowanego. Szczerze m\u00f3wi\u0105c nie wiem, na jakiej gra\u0142 wtedy pozycji ale dzi\u015b 90minut.pl pisze o nim &#8222;obro\u0144ca&#8221;. No wi\u0119c gdy obro\u0144ca zostaje najlepszym strzelcem, to co\u015b w nim musi by\u0107, prawda? \ud83d\ude42<br>A przynajmniej &#8211; by\u0142o wtedy. Kariera nie potoczy\u0142a si\u0119 tak, jak sobie zapewne wymarzy\u0142. Dzi\u015b jest graczem IV-ligowego Apisu J\u0119drzychowice.<\/p>\n\n\n\n<div class=\"wp-block-image\"><figure class=\"aligncenter size-large is-resized\"><img loading=\"lazy\" decoding=\"async\" src=\"https:\/\/64.media.tumblr.com\/99d347693185795c8803b8ca1a8b46b0\/c2dd0d77a904b595-19\/s640x960\/1d6df6eec66724d5352b2b0b6ba9e469a329dd62.png\" alt=\"\" width=\"755\" height=\"600\"\/><\/figure><\/div>\n\n\n\n<p class=\"has-text-align-center\"><strong>***<\/strong><\/p>\n\n\n\n<p>Sezon 2013\/14<br>1 miejsce &#8211; WIS\u0141A KRAK\u00d3W<br>2 miejsce &#8211; CRACOVIA KRAK\u00d3W<br>3 miejsce &#8211; LECH POZNA\u0143 \/ POGO\u0143 SZCZECIN<br>&#8230;<br>5-8 miejsce &#8211; ZAG\u0141\u0118BIE LUBIN <br>kr\u00f3l strzelc\u00f3w ZL &#8211; Eryk Sobk\u00f3w (24 gole)<br><br>System rozgrywek taki sam. Podzia\u0142 na 4 grupy &#8211; zn\u00f3w zaj\u0119li\u015bmy 2. miejsce &#8211; zn\u00f3w za Ruchem. Tym razem jednak pom\u00f3g\u0142 nowy regulamin rozgrywek &#8211; do nast\u0119pnej rundy awansowa\u0142y 2 najlepsze ekipy zatem ZA\u0141APALI\u015aMY SI\u0118 \ud83d\ude42 Gwiazd\u0105 ekipy by\u0142 bezsprzecznie Eryk Sobk\u00f3w. W 22 meczach rozgrywek regionalnych strzeli\u0142 24 gole!<br>Po awansie przysz\u0142a jednak Runda pucharowa &#8211; trafiamy na Wis\u0142\u0119 Krak\u00f3w &#8211; 0:2 u siebie &#8211; 1:3 na wyje\u017adzie i goodbye.<br>Na pocieszenie zostaje fakt, \u017ce przynajmniej Wi\u015blacy nie przejechali si\u0119 po nas jak po Cracovii w dwumeczu fina\u0142owym, kiedy to najpierw wygrali u siebie 2:1 a potem na wyje\u017adzie 10:0!!!!!!!!!<\/p>\n\n\n\n<p class=\"has-text-align-center\"><strong> ***<\/strong><br><\/p>\n\n\n\n<p>Sezon 2014\/15<br>1 miejsce &#8211; LEGIA WARSZAWA<br>2 miejsce &#8211; LECH POZNA\u0143<br>3 miejsce &#8211; POLONIA WARSZAWA \/ G\u00d3RNIK ZABRZE<br>&#8230;<br>5-6 miejsce &#8211; ZAG\u0141\u0118BIE LUBIN<br>kr\u00f3l strzelc\u00f3w ZL &#8211; Eryk Sobk\u00f3w (21 goli)<\/p>\n\n\n\n<p>Podzia\u0142 na 2 grupy po 16 dru\u017cyn &#8211; w swojej byli\u015bmy na 6 miejscu. Awans do rundy pucharowej by\u0142 zarezerwowany tylko dla 2 najlepszych ekip.<br>\u017beby tam si\u0119 za\u0142apa\u0107 brak\u0142o nam 12 punkt\u00f3w. Sporo, cho\u0107 52 zdobyte przez nas punkty w 30 meczach to wcale s\u0142aby wynik.<br>Gwiazda &#8211; zn\u00f3w Eryk Sobk\u00f3w &#8211; 21 goli. W rozgrywkach naszej grupy by\u0142 wsp\u00f3\u0142-kr\u00f3lem strzelc\u00f3w (razem z Krzysztofem G\u0142adoszem z Lecha Pozna\u0144)<\/p>\n\n\n\n<p class=\"has-text-align-center\">***<\/p>\n\n\n\n<p>Sezon 2015\/16<br>1 miejsce &#8211; LEGIA WARSZAWA<br>2 miejsce &#8211; POGO\u0143 SZCZECIN<br>3 miejsce &#8211; LECH POZNA\u0143 \/ JAGIELLONIA BIA\u0141YSTOK<br>&#8230;<br>11-12 miejsce &#8211; ZAG\u0141\u0118BIE LUBIN<br>kr\u00f3l strzelc\u00f3w ZL &#8211; Mateusz Piotrowski (13 goli)<\/p>\n\n\n\n<p>Podzia\u0142 na 2 grupy &#8211; w swojej byli\u015bmy na 3 miejscu, czyli brak\u0142o 1-go miejsca do awansu. Blisko jednak nie by\u0142o &#8211; strata 16 punkt\u00f3w do drugiej Pogoni to sporo.<br>Sporo &#8222;nazwisk&#8221; si\u0119 wtedy przez sk\u0142ad przewin\u0119\u0142o : Pakulski, Mucha, Soszy\u0144ski, O.Nowak, Siemaszko, Jagie\u0142\u0142o, Oko\u2026<br>Najwi\u0119cej goli nastrzela\u0142 jednak Mateusz Piotrowski &#8211; dzi\u015b IV-ligowa Odra \u015acinawa.<br><\/p>\n\n\n\n<figure class=\"wp-block-image size-large is-resized\"><img loading=\"lazy\" decoding=\"async\" src=\"http:\/\/www.zaglebiak.com\/wp-content\/uploads\/2021\/03\/piotrowski.png\" alt=\"\" class=\"wp-image-5715\" width=\"648\" height=\"519\" srcset=\"https:\/\/www.zaglebiak.com\/wp-content\/uploads\/2021\/03\/piotrowski.png 484w, https:\/\/www.zaglebiak.com\/wp-content\/uploads\/2021\/03\/piotrowski-300x240.png 300w\" sizes=\"auto, (max-width: 648px) 100vw, 648px\" \/><\/figure>\n\n\n\n<p class=\"has-text-align-center\">***<\/p>\n\n\n\n<p>Sezon 2016\/17<br>1 miejsce &#8211; LEGIA WARSZAWA<br>2 miejsce &#8211; POGO\u0143 SZCZECIN<br>3 miejsce &#8211; LECH POZNA\u0143 \/ SMS \u0141\u00d3D\u0179<br>&#8230;<br>9-10 miejsce &#8211; ZAG\u0141\u0118BIE LUBIN<br>kr\u00f3l strzelc\u00f3w ZL &#8211; Jakub Ob\u0142\u00f3j (15 goli)<\/p>\n\n\n\n<p>Podzia\u0142 na 2 grupy &#8211; w swojej zaj\u0119li\u015bmy 5 miejsce. 46 punkt\u00f3w &#8211; do awansu brak\u0142o 21.<br>Nazwiska &#8211; O.Nowak, Chodyna, Pakulski, Szota\u2026<br>Najwi\u0119cej goli &#8211; Jakub Ob\u0142\u00f3j graj\u0105cy dzi\u015b w IV-ligowej Orlej W\u0105sosz (ale kiepsko im idzie, raczej spadn\u0105).<\/p>\n\n\n\n<div class=\"wp-block-image\"><figure class=\"aligncenter size-large is-resized\"><img loading=\"lazy\" decoding=\"async\" src=\"https:\/\/64.media.tumblr.com\/33a3640fb3a9870451af6b3a894e3b6e\/c2dd0d77a904b595-37\/s640x960\/9563f715397333de89e862ea293bfeaf4e0dd7ae.png\" alt=\"\" width=\"749\" height=\"511\"\/><\/figure><\/div>\n\n\n\n<p class=\"has-text-align-center\">***<\/p>\n\n\n\n<p>Sezon 2017\/18<br>1 miejsce &#8211; LECH POZNA\u0143<br>2 miejsce &#8211; CRACOVIA KRAK\u00d3W<br>3 miejsce &#8211; LEGIA WARSZAWA \/ \u015aL\u0104SK WROC\u0141AW<br>&#8230;<br>9-10 miejsce &#8211; ZAG\u0141\u0118BIE LUBIN<br>kr\u00f3l strzelc\u00f3w ZL &#8211; Adam Borkowski (11 goli)<\/p>\n\n\n\n<p>Podzia\u0142 na 2 grupy &#8211; w swojej zaj\u0119li\u015bmy 5 miejsce. Do awansu brak\u0142o 9 punkt\u00f3w. Do spadku &#8211; 4 punkt\u00f3w! To ostatni raz, kiedy w CLJ jest podzia\u0142 na grupy. Miejsca od 7 do 16 oznaczaj\u0105 od przysz\u0142ego sezonu drug\u0105 lig\u0119! Na szcz\u0119\u015bcie uda\u0142o si\u0119 tego unikn\u0105\u0107.<br>Najlepszy strzelec &#8211; Adam Borkowski. <br>Wg 90minut.pl jest dzi\u015b obro\u0144c\u0105 w G\u00f3rniku Polkowice. <br>Wg Transfermarkt &#8211; w\u00f3wczas by\u0142 lewym napastnikiem.<\/p>\n\n\n\n<div class=\"wp-block-image\"><figure class=\"aligncenter size-large is-resized\"><img loading=\"lazy\" decoding=\"async\" src=\"https:\/\/64.media.tumblr.com\/b908af5c26e5d2a0b488c14b49a18011\/c2dd0d77a904b595-44\/s640x960\/2921f7dbb63a7b98a7b9afc5d6786cdf0310570b.png\" alt=\"\" width=\"749\" height=\"617\"\/><\/figure><\/div>\n\n\n\n<p><br>Nazwiska cz\u0142onk\u00f3w tamtej ekipy robi\u0105 wra\u017cenie &#8211; Chodyna, Czuban, Pi\u0105tkowski (tak, ten Pi\u0105tkowski z Salzburga \ud83d\ude42 ), Kruk, Bia\u0142ek (tak, ten Bia\u0142ek z Wolfsburga)\u2026<br>A tak\u017ce Karbownik i NIE, nie ten z Brighton \ud83d\ude42 Ale r\u00f3wnie ciekawy\u2026 sezon p\u00f3\u017aniej odszed\u0142 do rezerw Piasta Gliwice a potem \u015blad po nim zagin\u0105\u0142\u2026 chyba\u2026<br>Bo na imi\u0119 mu by\u0142o Kryspin. I google m\u00f3wi, \u017ce jest taki zawodnik MMA (na dzie\u0144 dzisiejszy ma bilans 2-2) \ud83d\ude42 To chyba on -&gt; https:\/\/www.tapology.com\/fightcenter\/fighters\/282188-kryspin-karbownik<\/p>\n\n\n\n<div class=\"wp-block-image\"><figure class=\"aligncenter size-large is-resized\"><img loading=\"lazy\" decoding=\"async\" src=\"https:\/\/64.media.tumblr.com\/9c17f914c35fde3caed5f1a5af1b9793\/c2dd0d77a904b595-4f\/s640x960\/15a7f8b4644efc3779bdbf20594f7deca56bca85.png\" alt=\"\" width=\"748\" height=\"1019\"\/><\/figure><\/div>\n\n\n\n<p class=\"has-text-align-center\">***<\/p>\n\n\n\n<p>Sezon 2018\/19<br>1 miejsce &#8211; KORONA KIELCE<br>2 miejsce &#8211; \u015aL\u0104SK WROC\u0141AW<br>3 miejsce &#8211; ZAG\u0141\u0118BIE LUBIN<br>&#8230;<br>kr\u00f3l strzelc\u00f3w ZL &#8211; B\u0142a\u017cej Czuban (17 goli)<\/p>\n\n\n\n<p>TRZECIE MIEJSCE! W ko\u0144cu &#8211; po tylu latach gadania, jaka to nasza Akademia jest czo\u0142owa w kraju FAKTYCZNIE OSI\u0104GN\u0118\u0141A ONA JAKI\u015a CZO\u0141OWY WYNIK!<br>Do mistrzostwa brak\u0142o jednak sporo (my 54 punkty &#8211; Korona 74)<br>Gwiazda &#8211; B\u0142a\u017cej Czuban &#8211; KR\u00d3L STRZELC\u00d3W CA\u0141YCH ROZGRYWEK!<br>Co si\u0119 robi, gdy ma si\u0119 kr\u00f3la strzelc\u00f3w CLJ i zesp\u00f3\u0142 w Ekstraklasie?<br>Nic si\u0119 nie robi &#8211; \u015bci\u0105ga si\u0119 Roka Sirka, kogo obchodzi jaki\u015b Czuban\u2026<\/p>\n\n\n\n<p class=\"has-text-align-center\">***<\/p>\n\n\n\n<p>Sezon 2019\/20<br>1 miejsce &#8211; G\u00d3RNIK ZABRZE<br>2 miejsce &#8211; \u015aL\u0104SK WROC\u0141AW<br>3 miejsce &#8211; ZAG\u0141\u0118BIE LUBIN<br>&#8230;<br>kr\u00f3l strzelc\u00f3w ZL &#8211; Kacper Zaj\u0105c (8 goli)<\/p>\n\n\n\n<p>Zn\u00f3w TRZECIE MIEJSCE! A kto wie, co by by\u0142o na ko\u0144cu, niestety COVID przerwa\u0142 rozgrywki po 17 kolejkach.<br>Do pierwszego miejsca brak\u0142o nam 2 punkt\u00f3w &#8211; z G\u00f3rnikiem grali\u015bmy tylko na wyje\u017adzie (2:2)\u2026 Szkoda szkoda\u2026<br>Ale znowu podium, utrzymujemy si\u0119 na topie.<br>Gwiazda &#8211; Mateusz Kizyma<\/p>\n\n\n\n<p class=\"has-text-align-center\">***<\/p>\n\n\n\n<p>A zatem jak po analizowanych 8 latach CLJ prezentuje si\u0119 miejsce naszej &#8222;czo\u0142owej Akademii&#8221; w klasyfikacji medalowej? Czy jest czo\u0142owe? Sami oce\u0144cie \ud83d\ude42<\/p>\n\n\n\n<div class=\"wp-block-image\"><figure class=\"aligncenter size-large is-resized\"><img loading=\"lazy\" decoding=\"async\" src=\"https:\/\/64.media.tumblr.com\/73d8ed13b42d50779f87747bbfb9716d\/fa22cbec3a129b42-60\/s250x400\/070a6d929a2e7d1939ed436f3f022860e12cfec1.png\" alt=\"\" width=\"328\" height=\"467\"\/><\/figure><\/div>\n\n\n\n<figure class=\"wp-block-image size-large is-resized\"><img loading=\"lazy\" decoding=\"async\" src=\"https:\/\/64.media.tumblr.com\/cbb3df56cc6ac7b3eb25c70044fab743\/c2dd0d77a904b595-d4\/s640x960\/82882e996ac8d376d17d02c2411e1fe40e819f09.png\" alt=\"\" width=\"751\" height=\"248\"\/><\/figure>\n\n\n\n<p><\/p>\n","protected":false},"excerpt":{"rendered":"<p>Je\u015bli patrzymy na nasz\u0105 Akademi\u0119 pod k\u0105tem najwa\u017cniejszym &#8211; czyli dostarczania brzydko m\u00f3wi\u0105c &#8222;produktu&#8221; &#8211; to na pewno jest dobra (Bia\u0142ek, Jagie\u0142\u0142o, Jach, K.Pi\u0105tek, Pi\u0105tkowski), ale czy czo\u0142owa? Lepiej od&hellip; <\/p>\n","protected":false},"author":2,"featured_media":5408,"comment_status":"open","ping_status":"open","sticky":false,"template":"","format":"standard","meta":{"footnotes":""},"categories":[7],"tags":[532,508,229,384,531,529,530],"class_list":["post-5407","post","type-post","status-publish","format-standard","has-post-thumbnail","hentry","category-felietony","tag-adam-borkowski","tag-akademia","tag-blazej-czuban","tag-eryk-sobkow","tag-jakub-obloj","tag-karol-hodowany","tag-mateusz-piotrowski"],"_links":{"self":[{"href":"https:\/\/www.zaglebiak.com\/index.php\/wp-json\/wp\/v2\/posts\/5407","targetHints":{"allow":["GET"]}}],"collection":[{"href":"https:\/\/www.zaglebiak.com\/index.php\/wp-json\/wp\/v2\/posts"}],"about":[{"href":"https:\/\/www.zaglebiak.com\/index.php\/wp-json\/wp\/v2\/types\/post"}],"author":[{"embeddable":true,"href":"https:\/\/www.zaglebiak.com\/index.php\/wp-json\/wp\/v2\/users\/2"}],"replies":[{"embeddable":true,"href":"https:\/\/www.zaglebiak.com\/index.php\/wp-json\/wp\/v2\/comments?post=5407"}],"version-history":[{"count":4,"href":"https:\/\/www.zaglebiak.com\/index.php\/wp-json\/wp\/v2\/posts\/5407\/revisions"}],"predecessor-version":[{"id":5717,"href":"https:\/\/www.zaglebiak.com\/index.php\/wp-json\/wp\/v2\/posts\/5407\/revisions\/5717"}],"wp:featuredmedia":[{"embeddable":true,"href":"https:\/\/www.zaglebiak.com\/index.php\/wp-json\/wp\/v2\/media\/5408"}],"wp:attachment":[{"href":"https:\/\/www.zaglebiak.com\/index.php\/wp-json\/wp\/v2\/media?parent=5407"}],"wp:term":[{"taxonomy":"category","embeddable":true,"href":"https:\/\/www.zaglebiak.com\/index.php\/wp-json\/wp\/v2\/categories?post=5407"},{"taxonomy":"post_tag","embeddable":true,"href":"https:\/\/www.zaglebiak.com\/index.php\/wp-json\/wp\/v2\/tags?post=5407"}],"curies":[{"name":"wp","href":"https:\/\/api.w.org\/{rel}","templated":true}]}}