{"id":5009,"date":"2021-03-05T08:26:41","date_gmt":"2021-03-05T07:26:41","guid":{"rendered":"http:\/\/www.zaglebiak.com\/?p=5009"},"modified":"2021-03-05T09:34:11","modified_gmt":"2021-03-05T08:34:11","slug":"5-marca-urodziny-obchodza-andrzej-turkowski-janusz-przybylo-i-szymon-weirauch","status":"publish","type":"post","link":"https:\/\/www.zaglebiak.com\/index.php\/2021\/03\/05\/5-marca-urodziny-obchodza-andrzej-turkowski-janusz-przybylo-i-szymon-weirauch\/","title":{"rendered":"5 marca urodziny obchodz\u0105 Andrzej Turkowski, Janusz Przyby\u0142o i Szymon Weirauch"},"content":{"rendered":"\n<figure class=\"wp-block-image size-large is-resized\"><img loading=\"lazy\" decoding=\"async\" src=\"https:\/\/64.media.tumblr.com\/a1e216a908c76a962edb83f6738e4d75\/a8ff0522c2a2791c-d0\/s540x810\/21d4f0f6780897f0574df64e9cfaf6860202334e.jpg\" alt=\"\" class=\"wp-image-5004\" width=\"578\" height=\"423\"\/><figcaption>Andrzej Turkowski. Fot. Jerzy Kosi\u0144ski<\/figcaption><\/figure>\n\n\n\n<p>Andrzej Turkowski urodzi\u0142 si\u0119 5 marca 1959 roku w Le\u015bnej. Wychowanek W\u0142\u00f3kniarza Le\u015bna. Do Zag\u0142\u0119bia Lubin trafi\u0142 wczerwcu 1982 roku z Lechii Piechowice. Zawodnik lubi\u0144skiego klubu w latach 1984-1986 oraz w sezonie 1993\/1994. Obecnie trener w Akademii Zag\u0142\u0119bia Lubin. <\/p>\n\n\n\n<figure class=\"wp-block-image size-large is-resized\"><img loading=\"lazy\" decoding=\"async\" src=\"https:\/\/64.media.tumblr.com\/f0c93b92ddf2933852760d954c987731\/a9468c77aa1968e3-93\/s540x810\/e5d010812e8e7df38f4dea0a7c707ac49fbd7dc1.jpg\" alt=\"\" class=\"wp-image-5006\" width=\"576\" height=\"415\"\/><figcaption>Janusz Przyby\u0142o kuca 2 od prawej<\/figcaption><\/figure>\n\n\n\n<p>Janusz Przyby\u0142o urodzi\u0142 si\u0119 5 marca 1961 roku. Zawodnik Zag\u0142\u0119bia Lubin lat 80. Prezes Zrzeszenia LZS w Lubinie. Prowadzi\u0142 dru\u017cyny SCS Amico Lubin czy G\u00f3rnik Polkowice. Obecnie trener \u017ce\u0144skiej dru\u017cyny LUKS Ziemi Lubi\u0144skiej Czerniec.<\/p>\n\n\n\n<figure class=\"wp-block-image size-large is-resized\"><img loading=\"lazy\" decoding=\"async\" src=\"https:\/\/64.media.tumblr.com\/19cb1f39dd782990e9745582a9efdd73\/cf7d2ba3103310a6-ed\/s540x810\/276633ade111a62e89f2ff180c55f64f1cfc6710.jpg\" alt=\"\" class=\"wp-image-5008\" width=\"575\" height=\"578\"\/><figcaption>Szymon Weirauch. Fot z fb zawodnika<\/figcaption><\/figure>\n\n\n\n<p>Szymon Weirauch urodzi\u0142 si\u0119 5 marca 2004 roku. Wiosn\u0105 2016 roku do\u0142\u0105czy\u0142 do junior\u00f3w Zag\u0142\u0119bia Lubin z G\u00f3rnika Wa\u0142brzych. Bramkarz rezerw Zag\u0142\u0119bia Lubin. <\/p>\n","protected":false},"excerpt":{"rendered":"<p>Andrzej Turkowski urodzi\u0142 si\u0119 5 marca 1959 roku w Le\u015bnej. Wychowanek W\u0142\u00f3kniarza Le\u015bna. Do Zag\u0142\u0119bia Lubin trafi\u0142 wczerwcu 1982 roku z Lechii Piechowice. Zawodnik lubi\u0144skiego klubu w latach 1984-1986 oraz&hellip; <\/p>\n","protected":false},"author":1,"featured_media":5002,"comment_status":"open","ping_status":"open","sticky":false,"template":"","format":"standard","meta":{"footnotes":""},"categories":[46],"tags":[455,456,457],"class_list":["post-5009","post","type-post","status-publish","format-standard","has-post-thumbnail","hentry","category-aktualnosci","tag-andrzej-turkowski","tag-janusz-przybylo","tag-szymon-weirauch"],"_links":{"self":[{"href":"https:\/\/www.zaglebiak.com\/index.php\/wp-json\/wp\/v2\/posts\/5009","targetHints":{"allow":["GET"]}}],"collection":[{"href":"https:\/\/www.zaglebiak.com\/index.php\/wp-json\/wp\/v2\/posts"}],"about":[{"href":"https:\/\/www.zaglebiak.com\/index.php\/wp-json\/wp\/v2\/types\/post"}],"author":[{"embeddable":true,"href":"https:\/\/www.zaglebiak.com\/index.php\/wp-json\/wp\/v2\/users\/1"}],"replies":[{"embeddable":true,"href":"https:\/\/www.zaglebiak.com\/index.php\/wp-json\/wp\/v2\/comments?post=5009"}],"version-history":[{"count":2,"href":"https:\/\/www.zaglebiak.com\/index.php\/wp-json\/wp\/v2\/posts\/5009\/revisions"}],"predecessor-version":[{"id":5011,"href":"https:\/\/www.zaglebiak.com\/index.php\/wp-json\/wp\/v2\/posts\/5009\/revisions\/5011"}],"wp:featuredmedia":[{"embeddable":true,"href":"https:\/\/www.zaglebiak.com\/index.php\/wp-json\/wp\/v2\/media\/5002"}],"wp:attachment":[{"href":"https:\/\/www.zaglebiak.com\/index.php\/wp-json\/wp\/v2\/media?parent=5009"}],"wp:term":[{"taxonomy":"category","embeddable":true,"href":"https:\/\/www.zaglebiak.com\/index.php\/wp-json\/wp\/v2\/categories?post=5009"},{"taxonomy":"post_tag","embeddable":true,"href":"https:\/\/www.zaglebiak.com\/index.php\/wp-json\/wp\/v2\/tags?post=5009"}],"curies":[{"name":"wp","href":"https:\/\/api.w.org\/{rel}","templated":true}]}}