{"id":4601,"date":"2021-02-07T10:00:00","date_gmt":"2021-02-07T09:00:00","guid":{"rendered":"http:\/\/www.zaglebiak.com\/?p=4601"},"modified":"2021-02-06T21:26:50","modified_gmt":"2021-02-06T20:26:50","slug":"maciej-iwanski","status":"publish","type":"post","link":"https:\/\/www.zaglebiak.com\/index.php\/2021\/02\/07\/maciej-iwanski\/","title":{"rendered":"Maciej Iwa\u0144ski"},"content":{"rendered":"\n<p><strong>Maciej Iwa\u0144ski <\/strong>ur. 7 maja 1981 roku w Krakowie. Wychowanek Omag O\u015bwi\u0119cim. Karier\u0119 kontynuowa\u0142 w Unii O\u015bwi\u0119cim, Szczakowiance Jaworzno, Zag\u0142\u0119biu Lubin (lata 2005-2008), Legii Warszawa, Manisasporze, \u0141KS-ie \u0141\u00f3d\u017a, Podbeskidziu Bielsko-Bia\u0142a i Ruchu Chorz\u00f3w. Po zako\u0144czeniu kariery trener i obecnie prezes So\u0142y O\u015bwi\u0119cim. Reprezentant Polski.<\/p>\n\n\n\n<div class=\"wp-block-image is-style-default\"><figure class=\"aligncenter size-large is-resized\"><img loading=\"lazy\" decoding=\"async\" src=\"https:\/\/krzysztofkostka.files.wordpress.com\/2021\/02\/maciej-iwanski-001.jpg\" alt=\"\" class=\"wp-image-1975\" width=\"511\" height=\"767\"\/><\/figure><\/div>\n\n\n\n<p><strong>Jak rozpocz\u0105\u0142 Pan swoj\u0105 przygod\u0119 z pi\u0142k\u0105 no\u017cn\u0105 i kto zaprowadzi\u0142 Pana na pierwszy trening w klubie?<\/strong><\/p>\n\n\n\n<p>Podobno pi\u0142k\u0119 (w\u0142\u00f3czk\u0119, we\u0142n\u0119) zacz\u0105\u0142em kopa\u0107, jak uczy\u0142em si\u0119 chodzi\u0107. W jednej r\u0119ce trzyma\u0142em rur\u0119 od odkurzacza, dla stabilno\u015bci, a nogami kopa\u0142em co\u015b, co przypomina\u0142o pi\u0142k\u0119. Na pierwszy trening poszed\u0142em albo raczej pojecha\u0142em z s\u0105siadem, mia\u0142em wtedy 8 lat. Wsiedli\u015bmy do autobusu, po 3 km wysiedli\u015bmy i czeka\u0142 nas jeszcze spacer 2 km. <\/p>\n\n\n\n<p>Powr\u00f3t by\u0142 taki sam, najpierw spacer, a p\u00f3\u017aniej autobus b\u0105d\u017a autostop. I tak do ko\u0144ca szko\u0142y podstawowej.<\/p>\n\n\n\n<p><strong>Unia O\u015bwi\u0119cim i seniorska pi\u0142ka. Czy to by\u0142 spory przeskok dla Pana?<\/strong><\/p>\n\n\n\n<p>Z tego co sobie przypominam to na pewno w g\u0142owie tak, ale na boisku ju\u017c nie. <\/p>\n\n\n\n<p>Dlaczego w g\u0142owie? Moje warunki fizyczne podpowiada\u0142y, \u017ce mo\u017ce by\u0107 ci\u0119\u017cko, ale zawsze by\u0142em sprytny i jak ju\u017c wychodzi\u0142em na boisko to sprytem, inteligencj\u0105 boiskow\u0105 i umiej\u0119tno\u015bciami sobie radzi\u0142em.<\/p>\n\n\n\n<p><strong>Kiedy my\u015bli Pan trener Andrzej Sermak to&#8230;? Czy dzi\u0119ki niemu i grze w Szczakowiance wyp\u0142yn\u0105\u0142 Pan na g\u0142\u0119bsz\u0105 wod\u0119?<\/strong><\/p>\n\n\n\n<p>Andrzej Sermak to by\u0142a osoba, kt\u00f3ra bardzo mi pomog\u0142a. W tamtych czasach nie by\u0142o scoutingu nie by\u0142o Facebooka, Instagrama czy innych mo\u017cliwo\u015bci kontaktu z klubami, czy agentami. A trener Sermak chyba widzia\u0142 troch\u0119 siebie we mnie. To jest \u015bwietny fachowiec, kt\u00f3remu zawsze b\u0119d\u0119 dzi\u0119kowa\u0142.<\/p>\n\n\n\n<div class=\"wp-block-image is-style-default\"><figure class=\"aligncenter size-large is-resized\"><img loading=\"lazy\" decoding=\"async\" src=\"https:\/\/krzysztofkostka.files.wordpress.com\/2021\/02\/iwanski-szczakowianka-fot.-arkadiusz-lawrywianiec.jpg?w=300\" alt=\"\" class=\"wp-image-1976\" width=\"320\" height=\"562\"\/><figcaption>Maciej Iwa\u0144ski w Szczakowiance Jaworzno. Fot. Arkadiusz \u0141awryniec<\/figcaption><\/figure><\/div>\n\n\n\n<p><strong>Czy to prawda, \u017ce zanim trafi\u0142 Pan do Zag\u0142\u0119bia, bardzo lubi\u0142 przyje\u017cd\u017ca\u0107 na obiekt w Lubinie i nawet sobie my\u015bla\u0142, \u017ce chcia\u0142by tam gra\u0107 na sta\u0142e?<\/strong><\/p>\n\n\n\n<p>Lubi\u0142em gra\u0107 na stadionie Zag\u0142\u0119bia. Zawsze \u015bwietnie przygotowana murawa, du\u017co miejsca do biegania (w tamtych czasach boiska nie musia\u0142y by\u0107 jednakowych rozmiar\u00f3w). A ja uwielbia\u0142em taki stan rzeczy. Mog\u0142em si\u0119 rozp\u0119dzi\u0107, wiedzia\u0142em, \u017ce pi\u0142ka mi nie podskoczy w trakcie szybkiego prowadzenia. <\/p>\n\n\n\n<p>Tak, bardzo lubi\u0142em gra\u0107 na stadionie Zag\u0142\u0119bia Lubin.<\/p>\n\n\n\n<p><strong>Przerwa zimowa sezonu 2005\/06 &#8211; gdyby kto\u015b wtedy Panu powiedzia\u0142, \u017ce za p\u00f3\u0142 roku b\u0119dzie Pan br\u0105zowym medalist\u0105 Mistrzostw Polski, a po kolejnym sezonie Mistrzem, uwierzy\u0142by Pan?<\/strong><\/p>\n\n\n\n<p>Od dziecka kocha\u0142em pi\u0142k\u0119, marzy\u0142em i wierzy\u0142em, \u017ce zagram w reprezentacji i b\u0119d\u0119 zdobywa\u0142 medale Mistrzostw Polski. I tutaj si\u0119 spe\u0142ni\u0142y marzenia. Marzy\u0142em te\u017c o innych rzeczach, kt\u00f3re si\u0119 nie spe\u0142ni\u0142y.<\/p>\n\n\n\n<p><strong>Rzuty wolne &#8211; du\u017co czasu Pan po\u015bwi\u0119ca\u0142 na ich trenowanie? Czy to raczej naturalny dar? I czy jest to co\u015b, jak jazda na rowerze, \u017ce jak cz\u0142owiek si\u0119 ju\u017c nauczy, to nigdy nie zapomina? Je\u015bli TAK, to co by Pan doradzi\u0142 komu\u015b, kto kiedy\u015b \u015bwietnie bi\u0142 rzuty wolne, a od 2 sezon\u00f3w nic nie &#8222;uk\u0142u\u0142&#8221;?<\/strong><\/p>\n\n\n\n<p>Jak wszystko w \u017cyciu, r\u00f3wnie\u017c sta\u0142e fragmenty gry czy rzuty wolne s\u0105 efektem pracy i powtarzalno\u015bci. Mo\u017cna powiedzie\u0107, \u017ce osoba z mniejsz\u0105 stop\u0105 i wysokim podbiciem, a tak\u0105 mam, ma \u0142atwiej uderzy\u0107 pi\u0142k\u0119 o rozmiarze 5, bo naturalnie bez obawy, \u017ce kopnie kreta uk\u0142ada nog\u0119 do strza\u0142u. Ale to wszystko zale\u017cy od techniki strza\u0142u. <\/p>\n\n\n\n<p>Pami\u0119tam jak trener Motyka w Szczakowiance podszed\u0142 do mnie po treningu i m\u00f3wi: &#8222;Nie, nie. Jak Ty nabiegasz na t\u0119 pi\u0142k\u0119? Jak Ty uk\u0142adasz stop\u0119? Tak, to Ty nigdy nie b\u0119dziesz strzela\u0142 bramek!&#8221;. Nie min\u0119\u0142o dwa tygodnie, przyszed\u0142 znowu, stoi z boku i patrzy. A tu jedno okienko, drugie, trzecie. W ko\u0144cu podchodzi i m\u00f3wi: &#8222;Jak opanujesz ten strza\u0142 i t\u0119 technik\u0119 strza\u0142u, to b\u0119dziesz strzela\u0142 bramk\u0119 za bramk\u0105&#8221;. <\/p>\n\n\n\n<p><strong>1 kwietnia 2006 &#8211; mecz Zag\u0142\u0119bia w Kielcach z Koron\u0105 &#8211; to by\u0142 premierowy mecz na tamtejszej arenie. Czu\u0142 Pan powiew europejsko\u015bci? Robi\u0142 na Panu wra\u017cenie ten stadion, w\u00f3wczas najnowocze\u015bniejszy w Polsce?<\/strong><\/p>\n\n\n\n<p>Chyba na nas wszystkich robi\u0142 wra\u017cenie stadion Korony w tamtym czasie. Zreszt\u0105 chyba z Zag\u0142\u0119biem tam nie przegra\u0142em, a strzeli\u0142em kilka bramek i zaliczy\u0142em kilka asyst.<\/p>\n\n\n\n<p><strong>Pocz\u0105tek sezonu 2006\/07 z trenerem Klejndinstem okaza\u0142 si\u0119 falstartem. Co si\u0119 sta\u0142o?<\/strong><\/p>\n\n\n\n<p>Nie da si\u0119 jednoznacznie powiedzie\u0107, co si\u0119 sta\u0142o na pocz\u0105tku sezonu 2006\/07. Zacz\u0119li\u015bmy go s\u0142abo, ale za to, jak sko\u0144czyli\u015bmy! Trzeba g\u0142o\u015bno powiedzie\u0107, \u017ce trener Klejdinst przy\u0142o\u017cy\u0142 swoj\u0105 cegie\u0142k\u0119 do mistrzostwa. <\/p>\n\n\n\n<p>Ja wiele mu zawdzi\u0119czam. Je\u017adzi\u0142em na wi\u0119kszo\u015b\u0107 mecz\u00f3w kadry m\u0142odzie\u017cowej, w kt\u00f3rej by\u0142 trenerem. Sporo si\u0119 od niego nauczy\u0142em.<\/p>\n\n\n\n<p><strong>Europejskie puchary i mecz z Dynamem Mi\u0144sk. Czego zabrak\u0142o \u017ceby awansowa\u0107?<\/strong><\/p>\n\n\n\n<p>Pewnie w tamtym czasie do\u015bwiadczenia i takie typowe przepompownie sportowe. Zawsze si\u0119 czeka\u0142o na gr\u0119 w pucharach, a jak ju\u017c przysz\u0142o zagra\u0107, to ca\u0142a otoczka i przemotywowanie powi\u0105za\u0142o nam nogi.<\/p>\n\n\n\n<p><strong>Sierpie\u0144 2007 i &#8222;wakacje&#8221; w Turcji. \u017ba\u0142owa\u0142 Pan, \u017ce transfer nie wypali\u0142?<\/strong><\/p>\n\n\n\n<p>Przymusowe wakacje w Turcji, bo tak to mo\u017cna nazwa\u0107. Po fiasku rozm\u00f3w mi\u0119dzy klubami us\u0142ysza\u0142em s\u0142owa &#8222;Nie ma tego z\u0142ego, co by na dobre nie wysz\u0142o&#8221;. Oczywi\u015bcie zna\u0142em to powiedzenie, ale utkwi\u0142o mi do dzi\u015b. Wiadomo, przecie\u017c na koniec tamtego sezonu \u015bwi\u0119towali\u015bmy Mistrzostwo Polski!<\/p>\n\n\n\n<figure class=\"wp-block-image size-large is-resized is-style-default\"><img loading=\"lazy\" decoding=\"async\" src=\"https:\/\/krzysztofkostka.files.wordpress.com\/2021\/02\/image00076.jpg?w=600\" alt=\"\" class=\"wp-image-1969\" width=\"739\" height=\"554\"\/><figcaption>Maciej Iwa\u0144ski. Fot. Janusz Napi\u00f3rkowski<\/figcaption><\/figure>\n\n\n\n<p><strong>Nastaj\u0105 &#8222;rz\u0105dy&#8221; Michniewicza i jednym z jego pomys\u0142\u00f3w by\u0142o&#8230; picie karotki. Jak Pan to znosi\u0142? Czu\u0142 Pan wp\u0142yw tego picia na form\u0119? No i jaki jest Pana stosunek do karotki dzi\u015b? Mdli Pana na jej widok?<\/strong><\/p>\n\n\n\n<p>Karotki nie wymy\u015bli\u0142 Michniewicz, a Profesor Chmura. Ja nie pijam takich napoj\u00f3w, bo maj\u0105 za du\u017co cukru. <\/p>\n\n\n\n<p>A wtedy? Zdarza\u0142o si\u0119 nie wypi\u0107 w og\u00f3le, ale zdarza\u0142o si\u0119 te\u017c wypi\u0107 ca\u0142\u0105.<\/p>\n\n\n\n<p><strong>A p\u0105czki? Jaki jest Pana stosunek do p\u0105czk\u00f3w? Wkurza\u0142a Pana ta ksywka? Czy raczej to &#8222;przesadzony&#8221; temat, kt\u00f3ry funkcjonowa\u0142 tylko w\u015br\u00f3d kibic\u00f3w, nie w szatni?<\/strong><\/p>\n\n\n\n<p>P\u0105czki. Nigdy ich nie lubi\u0142em. Wymy\u015bli\u0142 to jaki\u015b dziennikarz, a kibice pod\u0142apali. Tak wygl\u0105daj\u0105 media w tych czasach. Jak kto\u015b chce, to zmanipuluje mediami rzeczywisto\u015b\u0107. Wystarczy popatrzy\u0107 na obecne czasy.<\/p>\n\n\n\n<p><strong>Za co opieprzy\u0142 Pan Michniewicza po meczu z Pogoni\u0105?<\/strong><\/p>\n\n\n\n<p>Ja nie pami\u0119tam, \u017cebym opieprzy\u0142 Michniewicza po jakim\u015b meczu. To on by\u0142 przecie\u017c od opieprzania nas. <\/p>\n\n\n\n<p>By\u0142a jedna sytuacja na boisku, ale to by\u0142o nieporozumienie. Trener zacz\u0105\u0142 opieprza\u0107 mnie za strat\u0119, kt\u00f3r\u0105 pope\u0142ni\u0142 m\u00f3j kolega. A \u017ce sprawiedliwo\u015b\u0107 musi by\u0107, wi\u0119c nie pozosta\u0142em cicho. Wszystko jednak zosta\u0142o wyja\u015bnione bardzo szybko.<\/p>\n\n\n\n<p><strong>Wierzy\u0142 Pan w Mistrzostwo Polski przed wyjazdem na Legi\u0119 w ostatniej kolejce?<\/strong><\/p>\n\n\n\n<p>Oczywi\u015bcie, \u017ce wierzy\u0142em w Mistrzostwo.<\/p>\n\n\n\n<figure class=\"wp-block-image size-large is-style-default\"><img decoding=\"async\" src=\"https:\/\/krzysztofkostka.files.wordpress.com\/2021\/02\/iwanski-zl-vs-korona.jpg?w=800\" alt=\"\" class=\"wp-image-1965\"\/><figcaption>Maciej Iwa\u0144ski w barwach Zag\u0142\u0119bia podczas meczu z Koron\u0105 Kielce. Fot. zaglebie.com<\/figcaption><\/figure>\n\n\n\n<p><strong>Ludzie wiedz\u0105, \u017ce by\u0142 Pan Kr\u00f3lem Asyst w sezonie mistrzowskim? Czy trzeba im przypomina\u0107? Pami\u0119ta Pan, ile mia\u0142 tych asyst?<\/strong><\/p>\n\n\n\n<p>Ja naliczy\u0142em bodaj\u017ce 23 asysty, ale jedn\u0105 podkrad\u0142em \u0141obo.<\/p>\n\n\n\n<p><strong>Jedyne Mistrzostwo Polski wywalczy\u0142 Pan w\u0142a\u015bnie w miedziowych barwach? Jakie ono ma dla Pana znaczenie?<\/strong><\/p>\n\n\n\n<p>Mistrzostwo w tym momencie ma znaczenie sentymentalne. Spe\u0142ni\u0142em jedno z marze\u0144 poparte ci\u0119\u017ck\u0105 przyjemn\u0105 prac\u0105.<\/p>\n\n\n\n<figure class=\"wp-block-image size-large is-resized is-style-default\"><img loading=\"lazy\" decoding=\"async\" src=\"https:\/\/krzysztofkostka.files.wordpress.com\/2021\/02\/cimg3559.jpg?w=600\" alt=\"\" class=\"wp-image-1968\" width=\"741\" height=\"556\"\/><figcaption>Dru\u017cyna Zag\u0142\u0119bia z Maciejem Iwa\u0144skim podczas wr\u0119czania medali za Mistrzostwo Polski 2007 r. Fot. zaglebie.org<\/figcaption><\/figure>\n\n\n\n<p><strong>Czy zawodnicy Zag\u0142\u0119bia d\u0105\u017cyli do odwo\u0142ania trenera Michniewicza? Szkoleniowiec kiedy\u015b wspomina\u0142 o tym w mediach?<\/strong><\/p>\n\n\n\n<p>Pi\u0142karze nie d\u0105\u017cyli do zmiany trenera. Nie pi\u0142karze s\u0105 od wyboru trenera.<\/p>\n\n\n\n<p><strong>Pono\u0107 jeden zawodnik Zag\u0142\u0119bia indywidualnie przygotowywa\u0142 si\u0119 do mecz\u00f3w i na dzie\u0144 przed spotkaniem na pobudzenie mia\u0142 zawsze trening interwa\u0142owy?<\/strong><\/p>\n\n\n\n<p>Jeden z pi\u0142karzy indywidualnie si\u0119 przygotowywa\u0142? Je\u015bli o mnie chodzi to nie do ko\u0144ca indywidualnie, ale tak mia\u0142em przy trenerze Ulatowskim. Dwa dni do meczu m\u00f3j organizm potrzebowa\u0142 wzmo\u017con\u0105 regeneracj\u0119 z masa\u017cami z dodatkowym stretchingiem i mniejsz\u0105 intensywno\u015bci\u0105, a dzie\u0144 przed meczem lubi\u0142em pobudzenie i wi\u0119ksz\u0105 intensywno\u015b\u0107. Tu mniej, tu wi\u0119cej.<\/p>\n\n\n\n<p><strong>W ilu meczach, jakie rozegra\u0142 Pan w barwach Zag\u0142\u0119bia, w przerwie to Maciek Iwa\u0144ski musia\u0142 dotrze\u0107 do koleg\u00f3w i zmobilizowa\u0107 odpowiednio do walki w drugiej po\u0142owie?<\/strong><\/p>\n\n\n\n<p>Ja nigdy nie by\u0142em m\u00f3wc\u0105 w szatni. Dla mnie to nawet by\u0142o \u015bmieszne, jak kto\u015b wyg\u0142asza\u0142 przem\u00f3wienia. Zawsze by\u0142em skoncentrowany i zaanga\u017cowany w 100%. Ja na boisku mia\u0142em niewyparzon\u0105 buzi\u0119 i tam potrafi\u0142em pokrzycze\u0107, ale w szatni nie.<\/p>\n\n\n\n<p><strong>Kto by\u0142 lepszym napastnikiem? Cha\u0142bi\u0144ski czy Piszczek?<\/strong><\/p>\n\n\n\n<p>Z Cha\u0142biego si\u0119 na\u015bmiewali\u015bmy z \u0141obo (pozytywnie), \u017ceby w polu karnym biega\u0142 mi\u0119dzy s\u0142upkami, to zawsze go tam trafimy i b\u0119dzie mia\u0142 wi\u0119cej bramek. Jak s\u0142ucha\u0142 to strzela\u0142!<\/p>\n\n\n\n<p>A Piszczu jako m\u0142ody ch\u0142opak ju\u017c mia\u0142 smyka\u0142k\u0119 do strzelania bramek. M\u00f3g\u0142 zosta\u0107 dobrym napastnikiem, a zosta\u0142 genialnym obro\u0144c\u0105 i super cz\u0142owiekiem.<\/p>\n\n\n\n<p><strong>Spodziewa\u0142 si\u0119 Pan, \u017ce \u0141ukasz Piszczek zrobi a\u017c tak\u0105 karier\u0119, czy mo\u017ce my\u015bla\u0142 Pan, \u017ce Szymek Paw\u0142owski osi\u0105gnie wi\u0119cej?<\/strong><\/p>\n\n\n\n<p>Nie lubi\u0119 por\u00f3wna\u0144. \u0141ukasz czy Cha\u0142bi, Szymek czy \u0141ukasz. Ja zawsze du\u017co wymaga\u0142em nie tylko od siebie, ale i od innych a szczeg\u00f3lnie od tych, u kt\u00f3rych widzia\u0142em potencja\u0142. A \u0141ukasz taki by\u0142. Nie raz us\u0142ysza\u0142 ode mnie ostre s\u0142owa, ale zawsze mia\u0142y go motywowa\u0107. <\/p>\n\n\n\n<p>W zag\u0142\u0119biu by\u0142 jak m\u00f3j m\u0142odszy brat. Ciesz\u0119 si\u0119, \u017ce zrobi\u0142 \u015bwiatow\u0105 karier\u0119. A Szymek r\u00f3wnie\u017c jest super pi\u0142karzem i super cz\u0142owiekiem.<\/p>\n\n\n\n<p><strong>\u017ba\u0142owa\u0142 Pan kiedy\u015b decyzji o opuszczeniu Zag\u0142\u0119bia? W Lubinie mia\u0142 Pan status gwiazdy.<\/strong><\/p>\n\n\n\n<p>Co\u015b Panu powiem. W Lubinie nie szanowa\u0142o si\u0119 swego czasu pi\u0142karzy, kt\u00f3rzy w klubie ju\u017c byli i zdobyli najwi\u0119ksze sukcesy. Pokaza\u0142y to zwolnienia zawodnik\u00f3w po g\u0142upiej aferze, o kt\u00f3rej nie m\u00f3wimy, bo po co m\u00f3wi\u0107 prawd\u0119.<\/p>\n\n\n\n<p>Sprzeda\u0142o si\u0119, to tak, ponie\u015bli\u015bmy konsekwencje! Zostawiamy to ju\u017c i nie wracamy do tego. Nigdy nigdzie nie czu\u0142em si\u0119 jak gwiazda, ani ni\u0105 nie by\u0142em. Zag\u0142\u0119bie to klub, z kt\u00f3rym osi\u0105gn\u0105\u0142em najwi\u0119ksze sukcesy i zawsze b\u0119d\u0119 o nich pami\u0119ta\u0142 i dobrze wspomina\u0142. Pozna\u0142em tam dobrych ludzi jak i pozorant\u00f3w \u017cyciowych.<\/p>\n\n\n\n<p>\u017bycz\u0119 wam jak najlepiej. A czy t\u0119sknie, t\u0119skni\u0142em? Owszem, nawet bardzo, ale wiedzia\u0142em, \u017ce to nigdy ju\u017c nie wr\u00f3ci.<\/p>\n\n\n\n<figure class=\"wp-block-image size-large is-resized is-style-default\"><img loading=\"lazy\" decoding=\"async\" src=\"https:\/\/krzysztofkostka.files.wordpress.com\/2021\/02\/iwanski-zl-ruch-wiosna-2008.jpg?w=600\" alt=\"\" class=\"wp-image-1971\" width=\"739\" height=\"519\"\/><figcaption>Maciej Iwa\u0144ski walcz\u0105cy o pi\u0142k\u0119 z Brzyskim z Ruchu Chorz\u00f3w. Fot. zaglebie.org<\/figcaption><\/figure>\n\n\n\n<p><strong>Gdyby Zag\u0142\u0119bie nie zosta\u0142o relegowane z ligi, odszed\u0142by Pan do Legii? Czy po odej\u015bciu z Zag\u0142\u0119bia by\u0142a kiedykolwiek opcja powrotu? O ile dobrze kojarz\u0119, wybudowa\u0142 Pan tu dom.<\/strong><\/p>\n\n\n\n<p>Nie wiem. Legia by\u0142a klubem, w kt\u00f3rym chcia\u0142em gra\u0107 od dziecka, czyli kolejne marzenie. Nie odpowiem Panu czy bym odszed\u0142. Odpowiem inaczej. Wybudowa\u0142em dom pod Lubinem nie po to, \u017ceby za chwil\u0119 si\u0119 przenosi\u0107 do innego klubu w Polsce. <\/p>\n\n\n\n<p>W Zag\u0142\u0119biu w ci\u0105gu 3 lat zdobyli\u015bmy 3 miejsce, 1 miejsce i 5 miejsce, 2 razy grali\u015bmy w finale Pucharu Polski (wiadomo teraz, \u017ce jeden puchar powinni\u015bmy zdoby\u0107), a jakby Pan by\u0142 na boisku, to mo\u017ce i oba powinni\u015bmy podnie\u015b\u0107, ale nie wnikajmy. Zdobyli\u015bmy za to superpuchar Polski. <\/p>\n\n\n\n<p>Nie znajdziecie dru\u017cyny w historii Zag\u0142\u0119bia bardziej utytu\u0142owanej. I \u017cycz\u0119, by tak\u0105 dru\u017cyn\u0119 uda\u0142o si\u0119 jeszcze stworzy\u0107.<\/p>\n\n\n\n<p><strong>Czy pami\u0119tny mecz z Cracovi\u0105 mia\u0142 wi\u0119kszy wp\u0142yw na Pana karier\u0119 i postrzeganie Pana osoby w pi\u0142karskim \u015bwiecie?<\/strong><\/p>\n\n\n\n<p>Mecz z Cracovi\u0105. Wszystko w pytaniu jest odpowiedzi\u0105.<\/p>\n\n\n\n<p><strong>Czego zabrak\u0142o \u017ceby z Legi\u0105 \u015bwi\u0119towa\u0107 Mistrzostwo Polski? Zdoby\u0142 Pan tylko Superpuchar, podobnie jak z Zag\u0142\u0119biem.<\/strong><\/p>\n\n\n\n<p>Superpuchar i Puchar Polski. Zabrak\u0142o normalno\u015bci w klubie. Mieli\u015bmy \u015bwietnego trenera, \u015bwietnych zawodnik\u00f3w i nie zdobywali\u015bmy tytu\u0142\u00f3w. Trzeba pami\u0119ta\u0107, jak wygl\u0105da\u0142a w tamtym czasie relacja klub-kibice i kto na tym wszystkim cierpia\u0142.<\/p>\n\n\n\n<figure class=\"wp-block-image size-large is-resized is-style-default\"><img loading=\"lazy\" decoding=\"async\" src=\"https:\/\/krzysztofkostka.files.wordpress.com\/2021\/02\/maciej-iwanski-w-meczu-ze-slaskiem-fot.-mishka.jpg?w=600\" alt=\"\" class=\"wp-image-1961\" width=\"743\" height=\"542\"\/><figcaption>Maciej Iwa\u0144ski w meczu ze \u015al\u0105skiem. Fot. Mishka<\/figcaption><\/figure>\n\n\n\n<p><strong>Transfer do Turcji. Czy to by\u0142 Pana zdaniem dobry wyb\u00f3r? Jak Pan odnalaz\u0142 si\u0119 w lidze tureckiej i kraju o mocno odmiennej kulturze ni\u017c nasza?<\/strong><\/p>\n\n\n\n<p>Liga turecka, polecam ka\u017cdemu. Wyb\u00f3r troch\u0119 z przymusu, w odniesieniu do pytania o mecz z Cracovi\u0105, ale jako liga, bardzo ciekawa. Intensywno\u015b\u0107 i umiej\u0119tno\u015bci zdecydowanie wy\u017csze ni\u017c w naszej lidze.<\/p>\n\n\n\n<p><strong>Sk\u0105d wzi\u0105\u0142 si\u0119 pomys\u0142 na powr\u00f3t do Polski i grze w \u0141KS-ie \u0141\u00f3d\u017a?<\/strong><\/p>\n\n\n\n<p>W Turcji opr\u00f3cz tego, \u017ce liga jest fantastyczna, to niestety brak wyp\u0142at spowodowa\u0142 moje zerwanie kontraktu z winy klubu. \u0141KS to pomy\u0142ka w tamtym czasie, cho\u0107 klub o du\u017cych tradycjach i szkoda, \u017ce tak wysz\u0142o.<\/p>\n\n\n\n<figure class=\"wp-block-image size-large is-resized is-style-default\"><img loading=\"lazy\" decoding=\"async\" src=\"https:\/\/krzysztofkostka.files.wordpress.com\/2021\/02\/iwanski-lks-lodz-fot.-maciej-stanik.jpg?w=780\" alt=\"\" class=\"wp-image-1952\" width=\"739\" height=\"462\"\/><figcaption>Maciej Iwa\u0144ski w \u0141KS \u0141\u00f3d\u017a Fot. Maciej Stanik<\/figcaption><\/figure>\n\n\n\n<p><strong>Powr\u00f3t z Turcji i gra w Podbeskidziu Bielsko Bia\u0142a. Jak Pan wspomina ten czas? Czy opr\u00f3cz Podbeskidzia by\u0142y jeszcze jakie\u015b konkretne oferty?<\/strong><\/p>\n\n\n\n<p>Podbeskidzie to klub, w kt\u00f3rym chcia\u0142em zako\u0144czy\u0107 karier\u0119. Fantastyczni pi\u0142karze, wspania\u0142a atmosfera i niestety wszechwiedz\u0105cy rz\u0105dz\u0105cy, kt\u00f3rzy swoimi nieodpowiedzialnymi decyzjami zniszczyli to, co mozolnie budowali\u015bmy w szatni i na boisku. <\/p>\n\n\n\n<p>Tak. Podbeskidzie i &#8211; przypomn\u0119 &#8211; trener Michniewicz, kt\u00f3ry mnie nam\u00f3wi\u0142 na gr\u0119 w tym klubie to \u015bwietna decyzja.<\/p>\n\n\n\n<figure class=\"wp-block-image size-large is-style-default\"><img decoding=\"async\" src=\"https:\/\/krzysztofkostka.files.wordpress.com\/2021\/02\/iwanski-podbeskidzie.jpg?w=900\" alt=\"\" class=\"wp-image-1955\"\/><figcaption>Maciej Iwa\u0144ski w Podbeskidziu Bielsko-Bia\u0142a<\/figcaption><\/figure>\n\n\n\n<p><strong>Przez zamieszanie z Manisasporem i decyzje FIFY straci\u0142 Pan kilka miesi\u0119cy i nie m\u00f3g\u0142 gra\u0107? Jak radzi\u0142 sobie Pan z tym?<\/strong><\/p>\n\n\n\n<p>To, \u017ce nie gra\u0142em, to b\u0142\u0105d jednego z pracownik\u00f3w Podbeskidzia. Fajny ch\u0142opak, ale mia\u0142 ma\u0142\u0105 wiedz\u0119 w tamtym czasie.<\/p>\n\n\n\n<figure class=\"wp-block-image size-large is-style-default\"><img decoding=\"async\" src=\"https:\/\/krzysztofkostka.files.wordpress.com\/2021\/02\/iwanski-manisaspor-fot.-maciek-gillert.jpg?w=840\" alt=\"\" class=\"wp-image-1953\"\/><figcaption>Maciej Iwa\u0144ski w Manisaspor Fot. Maciek Gillert<\/figcaption><\/figure>\n\n\n\n<p><strong>Oficjalne zako\u0144czenie kariery to Ruch Chorz\u00f3w czy jednak Unia O\u015bwi\u0119cim?<\/strong><\/p>\n\n\n\n<p>Mo\u017cna powiedzie\u0107, \u017ce i w Ruchu i Unii zako\u0144czy\u0142em karier\u0119. Ruch pope\u0142ni\u0142 podobny b\u0142\u0105d jak Podbeskidzie i nie chodzi tu o moj\u0105 osob\u0119, a Unia to klub, w kt\u00f3rym sp\u0119dzi\u0142em okres szko\u0142y \u015bredniej. <\/p>\n\n\n\n<p>Wielki sentyment &#8230;<\/p>\n\n\n\n<figure class=\"wp-block-image size-large is-style-default\"><img decoding=\"async\" src=\"https:\/\/krzysztofkostka.files.wordpress.com\/2021\/02\/iwanski-unia-oswiecim-fot.-jerzy-zaborski.jpg?w=933\" alt=\"\" class=\"wp-image-1957\"\/><figcaption>Maciej Iwa\u0144ski w Unii O\u015bwi\u0119cim. Fot. Jerzy Zaborski<\/figcaption><\/figure>\n\n\n\n<p><strong>Debiut w reprezentacji i asysta. Drugi mecz w kadrze i gol. Czy zamieni\u0142by Pan to na np. wyjazd na Mundial (nie graj\u0105c tam nawet minuty)?<\/strong><\/p>\n\n\n\n<p>Nie zamieni\u0142bym ani asysty, ani bramki. Ja wyjazd\u00f3w z reprezentacj\u0105 mia\u0142em bardzo du\u017co. Praktycznie przez 3 lata je\u017adzi\u0142em na wi\u0119kszo\u015b\u0107 zgrupowa\u0144, ale mecz\u00f3w nie gra\u0142em. <\/p>\n\n\n\n<p>Zdecydowanie wole gra\u0107 ni\u017c je\u017adzi\u0107.<\/p>\n\n\n\n<p><strong>Wielokrotnie media sugerowa\u0142y, \u017ce Maciek Iwa\u0144ski ma konflikt z Leo Beenhakkerem. Po latach, z perspektywy czasu, potwierdzi Pan to? Jak to w og\u00f3le by\u0142o, \u017ce selekcjoner tak rzadko korzysta\u0142 z najlepszego pomocnika polskiej ligi?<\/strong><\/p>\n\n\n\n<p>Jaki konflikt z Beenhakkerem. By\u0142em zapatrzony w go\u015bcia jak w obrazek. Do dzisiaj wiem, \u017ce to najlepszy fachowiec, z jakim pracowa\u0142em.<\/p>\n\n\n\n<p><strong>Ile jest prawdy w aferze alkoholowej i usuni\u0119ciu Pana z kadry? Jaki wp\u0142yw na to mia\u0142 Franciszek Smuda?<\/strong><\/p>\n\n\n\n<p>Jest du\u017co prawdy, bo rzeczywi\u015bcie zosta\u0142em odsuni\u0119ty po rozdmuchanej aferze alkoholowej, cho\u0107 oficjalnie zosta\u0142em odsuni\u0119ty za z\u0142amanie regulaminu. <\/p>\n\n\n\n<p>A jaka by\u0142a prawda? Liczy\u0142em na koleg\u00f3w, \u017ce kt\u00f3ry\u015b b\u0119dzie mia\u0142 kiedy\u015b jaja i cokolwiek powie. Umiesz liczy\u0107? Licz na siebie.<\/p>\n\n\n\n<figure class=\"wp-block-image size-large is-resized is-style-default\"><img loading=\"lazy\" decoding=\"async\" src=\"https:\/\/krzysztofkostka.files.wordpress.com\/2021\/02\/iwanski-w-meczu-polska-estonia.jpg?w=640\" alt=\"\" class=\"wp-image-1963\" width=\"729\" height=\"1094\"\/><figcaption>Maciej Iwa\u0144ski podczas meczu Polska-Estonia w 2007 roku. Fot. www.laczynaspilka.pl<\/figcaption><\/figure>\n\n\n\n<p><strong>Czy jako trener chcia\u0142by Pan mie\u0107 w szatni Ma\u0107ka Iwa\u0144skiego? Nie chodzi o umiej\u0119tno\u015bci pi\u0142karskie, ale o charakter i prostolinijno\u015b\u0107.<\/strong><\/p>\n\n\n\n<p>Chcia\u0142bym mie\u0107 jedenastk\u0119 ludzi, kt\u00f3rzy m\u00f3wi\u0105 to co my\u015bl\u0105, kt\u00f3rzy maj\u0105 charakter i kt\u00f3rzy s\u0105 w stanie da\u0107 wi\u0119cej z siebie, ni\u017c pokazuj\u0105 badania!<\/p>\n\n\n\n<p>Rozumia\u0142bym w\u0142a\u015bnie takich, a zdecydowanie lepiej mie\u0107 wi\u0119cej charakternych zawodnik\u00f3w, bo nie musz\u0105 oni potrafi\u0107 ze sob\u0105 rozmawia\u0107, ale na pewno zostawi\u0105 ca\u0142e serce na boisku. A konflikty? Jak komu\u015b nie zale\u017cy, to nie ma konflikt\u00f3w.<\/p>\n\n\n\n<p><strong>Czy w zwi\u0105zku z tym, \u017ce pracuje Pan z dzieciakami, pa\u0144skie pode\u015bcie do pi\u0142ki si\u0119 zmieni\u0142o? Czy inaczej si\u0119 z nimi komunikuje, ni\u017c z kolegami z boiska?<\/strong><\/p>\n\n\n\n<p>Nic si\u0119 nie zmieni\u0142o. Ja zawsze mia\u0142em dobre podej\u015bcie do dzieci, cho\u0107 jestem wymagaj\u0105cy i stanowczy. To ja lubi\u0119 dzieciaki.<\/p>\n\n\n\n<p><strong>Maciej Iwa\u0144ski prezes So\u0142y O\u015bwi\u0119cim. Z jakimi problemami boryka si\u0119 prezes klubu i czy pi\u0142karskie do\u015bwiadczenie pomaga w ich rozwi\u0105zywaniu?<\/strong><\/p>\n\n\n\n<p>Prezesostwo to przypadek. Wprowadzili\u015bmy model zachodni i koncentrujemy si\u0119 na szkoleniu m\u0142odzie\u017cy. Zaczynamy od fundament\u00f3w, a przysz\u0142o\u015b\u0107 poka\u017ce, czy nasz pomys\u0142 by\u0142 dobry. Ci\u0105gle sprz\u0105tamy po poprzednikach. A efekty naszej pracy powoli przychodz\u0105. (wi\u0119cej o tym <a href=\"https:\/\/faktyoswiecim.pl\/sport\/pilka-nozna\/nowy-zarzad-soly-oswiecim-maciej-iwanski-prezesem\/?fbclid=IwAR1rFcE-W9nbgBw3FE5Of7rlEWoP3ha0qAXVaxVyZZkSUuLC95tAGgny1ms\">tutaj<\/a>)<\/p>\n\n\n\n<figure class=\"wp-block-image size-large is-style-default\"><img decoding=\"async\" src=\"https:\/\/krzysztofkostka.files.wordpress.com\/2021\/01\/maciej-iwanski-fot.-jola-wodniak.jpg?w=1024\" alt=\"\" class=\"wp-image-1911\"\/><figcaption>Maciej Iwa\u0144ski zosta\u0142 nowym prezesem KS So\u0142a O\u015bwi\u0119cim. Fot. Jola Wodniak<\/figcaption><\/figure>\n\n\n\n<p><strong>W wywiadzie dla Pi\u0142ki No\u017cnej powiedzia\u0142 Pan kiedy\u015b, \u017ce zadba, by synek gra\u0142 w pi\u0142k\u0119 lepiej od Pana. Teraz jest ich dw\u00f3ch. Jak im z tym idzie?<\/strong><\/p>\n\n\n\n<p>Je\u017celi b\u0119d\u0105 chcieli gra\u0107 w pi\u0142k\u0119 i b\u0119d\u0105 mieli zaci\u0119cie, to b\u0119d\u0119 im pomaga\u0142, jak tylko potrafi\u0119, ale nic na si\u0142\u0119. Chcia\u0142bym by wyro\u015bli na dobrych ludzi. Unikat naszych czas\u00f3w.<\/p>\n\n\n\n<p><strong>Co by chcia\u0142 Pan przekaza\u0107 lubi\u0144skim kibicom? Czy do Zag\u0142\u0119bia pozosta\u0142 sentyment?<\/strong><\/p>\n\n\n\n<p>Gra dla Zag\u0142\u0119bia pozostanie zawsze w moim serduchu. Najwspanialsze chwile i \u015bwietna dru\u017cyna. Na koniec dodam te\u017c, \u017ce bez Dra\u017cena Beska i Janka Kubota nie by\u0142oby sukces\u00f3w naszej dru\u017cyny.<\/p>\n","protected":false},"excerpt":{"rendered":"<p>Maciej Iwa\u0144ski ur. 7 maja 1981 roku w Krakowie. Wychowanek Omag O\u015bwi\u0119cim. Karier\u0119 kontynuowa\u0142 w Unii O\u015bwi\u0119cim, Szczakowiance Jaworzno, Zag\u0142\u0119biu Lubin (lata 2005-2008), Legii Warszawa, Manisasporze, \u0141KS-ie \u0141\u00f3d\u017a, Podbeskidziu Bielsko-Bia\u0142a&hellip; <\/p>\n","protected":false},"author":1,"featured_media":4604,"comment_status":"open","ping_status":"open","sticky":false,"template":"","format":"standard","meta":{"footnotes":""},"categories":[6],"tags":[367],"class_list":["post-4601","post","type-post","status-publish","format-standard","has-post-thumbnail","hentry","category-wywiady","tag-maciej-iwanski"],"_links":{"self":[{"href":"https:\/\/www.zaglebiak.com\/index.php\/wp-json\/wp\/v2\/posts\/4601","targetHints":{"allow":["GET"]}}],"collection":[{"href":"https:\/\/www.zaglebiak.com\/index.php\/wp-json\/wp\/v2\/posts"}],"about":[{"href":"https:\/\/www.zaglebiak.com\/index.php\/wp-json\/wp\/v2\/types\/post"}],"author":[{"embeddable":true,"href":"https:\/\/www.zaglebiak.com\/index.php\/wp-json\/wp\/v2\/users\/1"}],"replies":[{"embeddable":true,"href":"https:\/\/www.zaglebiak.com\/index.php\/wp-json\/wp\/v2\/comments?post=4601"}],"version-history":[{"count":1,"href":"https:\/\/www.zaglebiak.com\/index.php\/wp-json\/wp\/v2\/posts\/4601\/revisions"}],"predecessor-version":[{"id":4602,"href":"https:\/\/www.zaglebiak.com\/index.php\/wp-json\/wp\/v2\/posts\/4601\/revisions\/4602"}],"wp:featuredmedia":[{"embeddable":true,"href":"https:\/\/www.zaglebiak.com\/index.php\/wp-json\/wp\/v2\/media\/4604"}],"wp:attachment":[{"href":"https:\/\/www.zaglebiak.com\/index.php\/wp-json\/wp\/v2\/media?parent=4601"}],"wp:term":[{"taxonomy":"category","embeddable":true,"href":"https:\/\/www.zaglebiak.com\/index.php\/wp-json\/wp\/v2\/categories?post=4601"},{"taxonomy":"post_tag","embeddable":true,"href":"https:\/\/www.zaglebiak.com\/index.php\/wp-json\/wp\/v2\/tags?post=4601"}],"curies":[{"name":"wp","href":"https:\/\/api.w.org\/{rel}","templated":true}]}}