{"id":4176,"date":"2021-01-20T08:15:33","date_gmt":"2021-01-20T07:15:33","guid":{"rendered":"http:\/\/www.zaglebiak.com\/?p=4176"},"modified":"2021-01-20T08:15:37","modified_gmt":"2021-01-20T07:15:37","slug":"dzisiaj-urodziny-obchodza-tomasz-wisio-i-miroslaw-dragan","status":"publish","type":"post","link":"https:\/\/www.zaglebiak.com\/index.php\/2021\/01\/20\/dzisiaj-urodziny-obchodza-tomasz-wisio-i-miroslaw-dragan\/","title":{"rendered":"Dzisiaj urodziny obchodz\u0105 Tomasz Wisio i Miros\u0142aw Dragan."},"content":{"rendered":"\n<figure class=\"wp-block-image size-large is-resized\"><img loading=\"lazy\" decoding=\"async\" src=\"https:\/\/64.media.tumblr.com\/34baac523c88ae9b91d47da877d4f5db\/1812b6548b1fcf6b-87\/s540x810\/cd721dae1d9a3543459646b25c1e2be536da17fd.jpg\" alt=\"\" class=\"wp-image-4164\" width=\"576\" height=\"864\"\/><figcaption>Tomasz Wisio. Fot. Jerzy Kosi\u0144ski<\/figcaption><\/figure>\n\n\n\n<p>Tomasz Wisio urodzi\u0142 si\u0119 20 stycznia 1982 roku w Lubinie. Wychowanek Zag\u0142\u0119bia Lubin zwi\u0105zany z klubem do jesieni 2000 roku. P\u00f3\u017aniejsz\u0105 karier\u0119 kontynuowa\u0142 w klubach austriackich, niemieckich i greckich. Po powrocie do Polski reprezentowa\u0142 GKS Katowice. Wicemistrzostwo Europy U-16 z 1999 roku. <\/p>\n\n\n\n<figure class=\"wp-block-image size-large is-resized\"><img loading=\"lazy\" decoding=\"async\" src=\"https:\/\/64.media.tumblr.com\/16b0240fb4741b9c52c7888da11cf3b4\/d61d2e257e0197d2-e9\/s540x810\/1c939bb6df12e6ac91c1abba8cc00f2a52be5fa7.jpg\" alt=\"\" class=\"wp-image-4162\" width=\"572\" height=\"379\"\/><figcaption>Miros\u0142aw Dragan. Fot. Jerzy Kosi\u0144ski<\/figcaption><\/figure>\n\n\n\n<p>Miros\u0142aw Dragan urodzi\u0142 si\u0119 20 stycznia 1959 roku w Koszalinie. Jako zawodnik Zag\u0142\u0119bia Lubin wywalczy\u0142 pierwszy awans do ekstraklasy w 1985 roku. P\u00f3\u017aniej trenowa\u0142 dru\u017cyny juniorskie w naszym klubie, a w 1994 i 1996 roku by\u0142 pierwszym trenerem Zag\u0142\u0119bia Lubin.<\/p>\n","protected":false},"excerpt":{"rendered":"<p>Tomasz Wisio urodzi\u0142 si\u0119 20 stycznia 1982 roku w Lubinie. Wychowanek Zag\u0142\u0119bia Lubin zwi\u0105zany z klubem do jesieni 2000 roku. P\u00f3\u017aniejsz\u0105 karier\u0119 kontynuowa\u0142 w klubach austriackich, niemieckich i greckich. Po&hellip; <\/p>\n","protected":false},"author":1,"featured_media":4166,"comment_status":"open","ping_status":"open","sticky":false,"template":"","format":"standard","meta":{"footnotes":""},"categories":[46],"tags":[296,295],"class_list":["post-4176","post","type-post","status-publish","format-standard","has-post-thumbnail","hentry","category-aktualnosci","tag-miroslaw-dragan","tag-tomasz-wisio"],"_links":{"self":[{"href":"https:\/\/www.zaglebiak.com\/index.php\/wp-json\/wp\/v2\/posts\/4176","targetHints":{"allow":["GET"]}}],"collection":[{"href":"https:\/\/www.zaglebiak.com\/index.php\/wp-json\/wp\/v2\/posts"}],"about":[{"href":"https:\/\/www.zaglebiak.com\/index.php\/wp-json\/wp\/v2\/types\/post"}],"author":[{"embeddable":true,"href":"https:\/\/www.zaglebiak.com\/index.php\/wp-json\/wp\/v2\/users\/1"}],"replies":[{"embeddable":true,"href":"https:\/\/www.zaglebiak.com\/index.php\/wp-json\/wp\/v2\/comments?post=4176"}],"version-history":[{"count":1,"href":"https:\/\/www.zaglebiak.com\/index.php\/wp-json\/wp\/v2\/posts\/4176\/revisions"}],"predecessor-version":[{"id":4178,"href":"https:\/\/www.zaglebiak.com\/index.php\/wp-json\/wp\/v2\/posts\/4176\/revisions\/4178"}],"wp:featuredmedia":[{"embeddable":true,"href":"https:\/\/www.zaglebiak.com\/index.php\/wp-json\/wp\/v2\/media\/4166"}],"wp:attachment":[{"href":"https:\/\/www.zaglebiak.com\/index.php\/wp-json\/wp\/v2\/media?parent=4176"}],"wp:term":[{"taxonomy":"category","embeddable":true,"href":"https:\/\/www.zaglebiak.com\/index.php\/wp-json\/wp\/v2\/categories?post=4176"},{"taxonomy":"post_tag","embeddable":true,"href":"https:\/\/www.zaglebiak.com\/index.php\/wp-json\/wp\/v2\/tags?post=4176"}],"curies":[{"name":"wp","href":"https:\/\/api.w.org\/{rel}","templated":true}]}}