{"id":30289,"date":"2026-09-06T19:32:10","date_gmt":"2026-09-06T17:32:10","guid":{"rendered":"https:\/\/www.zaglebiak.com\/?p=30289"},"modified":"2026-09-06T19:32:14","modified_gmt":"2026-09-06T17:32:14","slug":"bledne-kolo","status":"publish","type":"post","link":"https:\/\/www.zaglebiak.com\/index.php\/2026\/09\/06\/bledne-kolo\/","title":{"rendered":"B\u0142\u0119dne ko\u0142o"},"content":{"rendered":"\n<p><strong>Sporo czasu min\u0119\u0142o, odk\u0105d ostatni raz go\u015bci\u0142em w tej rubryce. Powod\u00f3w takiego stanu rzeczy jest co najmniej kilka, wi\u0119c chyba najwy\u017csza pora i z t\u0105 materi\u0105 si\u0119 zmierzy\u0107. Atmosfera bowiem w Lubi\u0144skim piekie\u0142ku zn\u00f3w jest fatalna, po\u017car\u00f3w mniejszych b\u0105d\u017a wi\u0119kszych jest sporo, a nic nie wskazuje na to, aby kto\u015b obecnie mia\u0142 pomys\u0142, jak generalnie wzi\u0105\u0107 si\u0119 za gaszenie. Zatoczyli\u015bmy wi\u0119c ko\u0142o, bo kilka moment\u00f3w w tym okresie by\u0142o na tyle dobrych, \u017ce mo\u017cna si\u0119 by\u0142o \u0142udzi\u0107, \u017ce mo\u017ce tym razem z tego piekielnego b\u0142\u0119dnego ko\u0142a wyrwa\u0107 si\u0119 uda\u0142o i teraz b\u0119dzie ju\u017c tylko lepiej. Niestety i tym razem, wygra\u0142o ko\u0142o.<\/strong><\/p>\n\n\n\n<p>Zacznijmy od ko\u0144ca.<\/p>\n\n\n\n<p>Nie da si\u0119 dzi\u015b rozmawia\u0107 o Zag\u0142\u0119biu, nie zaczynaj\u0105c od tego, co wydarzy\u0142o si\u0119 w Tarnobrzegu. Przegrana ju\u017c pierwszej rundzie Pucharu Polski i to z dru\u017cyn\u0105 z czwartego szczebla rozgrywek jest absolutn\u0105 kompromitacj\u0105 ca\u0142ej organizacji. I wszystkie te ma\u0142e plusiki, o kt\u00f3rych podczas ostatniego zgrupowania Specjalist\u00f3w m\u00f3wili\u015bmy, nie mog\u0105 zmieni\u0107 ca\u0142o\u015bciowej oceny tego wydarzenia. Tej plamy zmy\u0107 nie uda si\u0119 nigdy i pozostaje tylko liczy\u0107, \u017ce z czasem wyblaknie na tyle, \u017ce b\u0119d\u0105 o niej pami\u0119ta\u0107 tylko najwytrwalsi kibice.<\/p>\n\n\n\n<p>Gdy co\u015b takiego zdarzy\u0142o nam si\u0119 (sic!) poprzednio, \u00f3wczesny trener, Mariusz Lewandowski, ju\u017c po miesi\u0105cu by\u0142 poza klubem, cho\u0107 jego pozycj\u0119 pr\u00f3bowano broni\u0107 jeszcze, dorzucaj\u0105c mu do sztabu Bena Van Daela. I naprawd\u0119 nie by\u0142bym zdziwiony, gdyby teraz sytuacja mia\u0142a si\u0119 powt\u00f3rzy\u0107. Tyle tylko, \u017ce na pytanie, czy jest to dobry kierunek, dzi\u015b sam nie umiem w 100% odpowiedzie\u0107, bowiem ilo\u015b\u0107 czynnik\u00f3w, kt\u00f3re trzeba wzi\u0105\u0107 pod uwag\u0119, do\u015b\u0107 mocno zmienia optyk\u0119.&nbsp;<\/p>\n\n\n\n<p>Kluczem jest bowiem odpowied\u017a, czy maj\u0105c w pami\u0119ci styl, jako\u015b\u0107 oraz skuteczno\u015b\u0107 dru\u017cyny z jesieni 2025 roku mo\u017cemy by\u0107 pewni, \u017ce &#8222;win\u0105&#8221;, za stan obecny nale\u017cy obci\u0105\u017cy\u0107 sztab, czy mo\u017ce jednak trzeba problemu poszuka\u0107 gdzie\u015b indziej. Skoro bowiem ten sam Leszek Ojrzy\u0144ski d\u0142ugimi tygodniami prowadzi\u0142 najskuteczniejsz\u0105 i najbardziej efektywn\u0105 (a mo\u017ce nawet i efektown\u0105) dru\u017cyn\u0119 ligi, ci\u0119\u017cko uwierzy\u0107, \u017ce w ci\u0105gu kilku miesi\u0119cy zupe\u0142nie zapomnia\u0142 jak tego dokona\u0107 albo \u017ce kompletnie wypali\u0142 si\u0119 jego pomys\u0142 na t\u0119 dru\u017cyn\u0119.<\/p>\n\n\n\n<p>Bo dzi\u015b dru\u017cyna Zag\u0142\u0119bia w niczym nie przypomina tamtej bandy. Brakuje nam polotu, rado\u015bci i lekko\u015bci w graniu. Jeste\u015bmy zamkni\u0119ci w kilku schematach, a dzi\u015b nie spos\u00f3b powiedzie\u0107, \u017ce kt\u00f3rykolwiek pi\u0142karz jest na tak wznosz\u0105cej fali, na jakim mogli\u015bmy ogl\u0105da\u0107 wielu z nich jeszcze niedawno. Coraz cz\u0119\u015bciej ratuj\u0105 nas ju\u017c tylko SFG, bo na boisku kreujemy ju\u017c piekielnie ma\u0142o sytuacji, co pokaza\u0142y najlepiej ostatnie spotkania ligowe z Radomiakiem oraz Pogoni\u0105.<\/p>\n\n\n\n<p>Zatoczyli\u015bmy wi\u0119c ko\u0142o, bo dok\u0142adnie w ten spos\u00f3b ten zesp\u00f3\u0142 wygl\u0105da\u0142, gdy w tragicznej sytuacji i na skraju degradacji przejmowa\u0142 go nie tak zn\u00f3w dawno w\u0142a\u015bnie Leszek Ojrzy\u0144ski.<\/p>\n\n\n\n<p>Dok\u0142adnie to samo, co z form\u0105 pi\u0142karsk\u0105, dzia\u0142o si\u0119 w mi\u0119dzyczasie z naszym wizerunkiem. Pami\u0119tam jak dzi\u015b, jak wr\u0119cz szydzono z nas, gdy zatrudnili\u015bmy obecnego trenera w do\u015b\u0107 kuriozalnych okoliczno\u015bciach przecie\u017c okoliczno\u015bciach.<\/p>\n\n\n\n<p>Wszyscy zapewne pami\u0119taj\u0105 ca\u0142\u0105 sag\u0119 i dram\u0119, jaka przetoczy\u0142a si\u0119 wtedy przez wszystkie redakcje sportowe, ale te\u017c przez tak wa\u017cne dzi\u015b dla wizerunku klub\u00f3w sportowych media spo\u0142eczno\u015bciowe. W du\u017cym skr\u00f3cie u\u017cywanie mieli wszyscy i wsz\u0119dzie, a marka Zag\u0142\u0119bie Lubin by\u0142a \u0142\u0105czona z najdotkliwszymi obelgami oraz drwinami, po\u015br\u00f3d kt\u00f3rych &#8222;Zag\u0142\u0119bie to rak polskiej pi\u0142ki&#8221; by\u0142o jednym z delikatniejszych.&nbsp;<\/p>\n\n\n\n<p>Ka\u017cdy, kto ma cho\u0107 og\u00f3lne poj\u0119cie o korporacjach jest w stanie sobie bez trudu wyobrazi\u0107, jak taka sytuacja odbierana jest w takich okoliczno\u015bciach przez w\u0142a\u015bciciela i jak oddzia\u0142uje r\u00f3wnie\u017c na wizerunek sp\u00f3\u0142ki matki. Tym bardziej, je\u015bli ca\u0142o\u015b\u0107 podlana jest politycznym sosem. Los jednak w tamtym momencie okaza\u0142 si\u0119 \u0142askawy i z tej opresji uda\u0142o si\u0119 jakim\u015b cudem wyj\u015b\u0107 such\u0105 stop\u0105. Dru\u017cyna finalnie przed spadkiem si\u0119 wybroni\u0142a, zarz\u0105d i rada nadzorcza mogli odetchn\u0105\u0107 wi\u0119c z ulg\u0105, a Leszek Ojrzy\u0144ski za\u0142o\u017cy\u0107 czarne okulary i z dum\u0105 przyjmowa\u0107 gratulacj\u0119 i tytu\u0142 &#8222;szefa&#8221;.&nbsp;<\/p>\n\n\n\n<p>Tyle tylko, \u017ce w pi\u0142ce rok, to ca\u0142a wieczno\u015b\u0107.<\/p>\n\n\n\n<p>Dzi\u015b w klubie zn\u00f3w jest nerwowo. Zwolnienie Rafa\u0142a Ulatowskiego z funkcji dyrektora sportowego podsumowane w jednym z program\u00f3w sportowych s\u0142owami &#8222;&#8230;dalsza wsp\u00f3\u0142praca, nie mia\u0142a racji bytu&#8221; obna\u017ca tylko s\u0142abo\u015b\u0107 koncepcji, kt\u00f3ra dzi\u015b wyznacza klubowi \u015bcie\u017ck\u0119. Bez wzgl\u0119du na faktyczny pow\u00f3d rozstania, w\u0142a\u015bnie obwie\u015bcili\u015bmy \u015bwiatu, jak bardzo bezradni jeste\u015bmy w starciu z wydarzeniami, na kt\u00f3re wp\u0142ywu do ko\u0144ca nie mamy.<\/p>\n\n\n\n<p>Do kompromitacji sportowej do\u0142o\u017cyli\u015bmy wi\u0119c kryzys wizerunkowy, spowodowany do\u015b\u0107 desperackim wyrzuceniem na bruk szefa pionu sportowego, a wszystko to na &#8222;kilka minut&#8221; przed startem g\u0142\u00f3wnych obchod\u00f3w 80-lecia klubu.<\/p>\n\n\n\n<p>Obchody. No to w og\u00f3le jest osobny temat na grubsz\u0105 analiz\u0119.<\/p>\n\n\n\n<p>Przyznam Wam szczerze, \u017ce swoj\u0105 decyzj\u0119 rok temu o tym, i\u017c moja rubryka z felietonami chwilowo nie b\u0119dzie aktualizowana, podj\u0105\u0142em celowo. Zwyczajnie uzna\u0142em, \u017ce dzia\u0142aj\u0105c przy Muzeum Zag\u0142\u0119bia Lubin w dodatku w rocznic\u0119 za\u0142o\u017cenia klubu, zwyczajnie nie wypada zabiera\u0107 g\u0142osu, kt\u00f3ry m\u00f3g\u0142by w jakim\u015b stopniu wp\u0142ywa\u0107 na odbi\u00f3r ca\u0142o\u015bci. Skupi\u0142em si\u0119 wi\u0119c na projektach zwi\u0105zanych z Muzeum, aby swoj\u0105 prac\u0105 do\u0142o\u017cy\u0107, cho\u0107 ma\u0142\u0105 cegie\u0142k\u0119 do tego \u015bwi\u0119ta. Wszystkie projekty ujrza\u0142y ju\u017c \u015bwiat\u0142o dzienne, cz\u0119\u015b\u0107 z nich widuje wi\u0119c na trybunach, a co cieszy mnie nawet bardziej, cz\u0119\u015b\u0107 tak\u017ce i poza nimi. Sami mo\u017cecie oceni\u0107 wi\u0119c, czy by\u0142a to cegie\u0142ka warto\u015bciowa, czy nie.<\/p>\n\n\n\n<p>Tyle tylko, \u017ce na tym dobre wie\u015bci si\u0119 sko\u0144cz\u0105. Od samego pocz\u0105tku co\u015b, co mia\u0142o by\u0107 \u015bwi\u0119tem ca\u0142ej Miedziowej spo\u0142eczno\u015bci, by\u0142o pasmem rozczarowa\u0144, frustracji i pokazania braku wizji. Tak bardzo po macoszemu potraktowano to \u015bwi\u0119to, \u017ce serce si\u0119 wr\u0119cz kraje, a obawy o to, jak wygl\u0105da\u0107 b\u0119dzie ca\u0142e wydarzenie w najbli\u017csz\u0105 ju\u017c sobot\u0119, s\u0105 wielkie.<\/p>\n\n\n\n<p>Pewnie o wszystkim tym, czego \u015bwiadkami byli\u015bmy w ostatnich miesi\u0105cach, jeszcze kiedy\u015b przyjdzie Wam opowiedzie\u0107 (a wierzcie mi, absurd goni\u0142 absurd), ale dzi\u015b niech najlepszym dowodem na to, jak bardzo to wszystko posz\u0142o nie tak, jest fakt, \u017ce 12 wrze\u015bnia to ju\u017c bodaj czwarty z termin\u00f3w, kt\u00f3ry na te obchody wyznaczono. Pierwotnie mia\u0142 by\u0107 to bowiem marzec. Potem koncepcja uleg\u0142a zmianie i celowano w jeden z majowych mecz\u00f3w ko\u0144cz\u0105cych sezon. Potem by\u0142 lipiec i pocz\u0105tek rozgrywek, by finalnie zmieni\u0107 zdanie ponownie i dat\u0119 ustali\u0107 na wrzesie\u0144.<\/p>\n\n\n\n<p>A to dopiero pocz\u0105tek. Gdy wczesn\u0105 jesieni\u0105 klub zaprosi\u0142 na pierwsze spotkanie organizacyjne przedstawicieli wielu grup dzia\u0142aj\u0105cych przy Zag\u0142\u0119biu, wszystko sprawia\u0142o wra\u017cenie przemy\u015blanego. Tyle tylko, \u017ce potem, ka\u017cde z kolejnych ustale\u0144 powzi\u0119tych na pocz\u0105tku rozsypywa\u0142o si\u0119 jak domek z kart, a liczba uczestnik\u00f3w owego spotkania coraz bardziej w\u015bciek\u0142a na klub za bezczynno\u015b\u0107 tylko ros\u0142a.<\/p>\n\n\n\n<p>Nagle okazywa\u0142o si\u0119, \u017ce czego\u015b si\u0119 nie da, na co\u015b nie zgodzono si\u0119 w DSU (co potem przez przypadek okaza\u0142o si\u0119 nieprawd\u0105), koncepcja jak wygl\u0105da\u0107 ma g\u0142\u00f3wna gala lub kto ma j\u0105 prowadzi\u0107 te\u017c by\u0142a powiedzmy to \u201cp\u0142ynna\u201d, a wszystko odk\u0142adane na ostatni\u0105 chwil\u0119, bo przecie\u017c w tydzie\u0144 mo\u017cna nadrobi\u0107 prac\u0119, kt\u00f3ra zwyczajowo wymaga kilka miesi\u0119cy przygotowa\u0144 i uzgodnie\u0144.<\/p>\n\n\n\n<p>A by\u0142o tego zdecydowanie wi\u0119cej.<\/p>\n\n\n\n<h2 class=\"wp-block-heading\">B\u0142\u0119dne ko\u0142o<\/h2>\n\n\n\n<p>Dzi\u015b nawet nie pr\u00f3buj\u0119 wyobrazi\u0107 sobie tego, co dzia\u0142oby si\u0119 w naszym piekie\u0142ku, gdyby nie szcz\u0119\u015bliwie wygrane derby. Sportowo bowiem daleko nam do dru\u017cyny, kt\u00f3ra jeszcze niedawno cieszy\u0142a nas wszystkich swoj\u0105 gr\u0105. Oczywi\u015bcie za nami dopiero kilka spotka\u0144 i prawdziwy potencja\u0142 tej dru\u017cyny poznamy najwcze\u015bniej za kilka tygodni. Ci\u0119\u017cko bowiem ju\u017c teraz ocenia\u0107 przydatno\u015b\u0107 Kerka, Szymczaka, \u0141yczki czy Coliny. Tak zawodnicy, jak i sztab maj\u0105 przed sob\u0105 jeszcze sporo pracy, aby wszystkim nam udowodni\u0107, \u017ce s\u0105 w\u0142a\u015bciwymi osobami na w\u0142a\u015bciwych miejscach, za co cholernie mocno trzymam kciuki.<\/p>\n\n\n\n<p>Mam te\u017c \u015bwiadomo\u015b\u0107, \u017ce gdyby pi\u0142karscy bogowie nieco przychylniej patrzyli na Zag\u0142\u0119bie na pocz\u0105tku tego sezonu, zupe\u0142nie inny odbi\u00f3r mia\u0142yby niekt\u00f3re wydarzenia, bo gdy sportowo wszystko jako\u015b si\u0119 spina, mo\u017cna nieco mocniej zacisn\u0105\u0107 z\u0119by w trudniejszych momentach, by okaza\u0107 wsparcie dru\u017cynie jako ca\u0142o\u015bci.<\/p>\n\n\n\n<p>Tyle tylko, \u017ce od d\u0142u\u017cszego ju\u017c czasu mam coraz wi\u0119ksz\u0105 pewno\u015b\u0107, \u017ce jako klub zatoczyli\u015bmy w\u0142a\u015bnie ko\u0142o. B\u0142\u0119dne ko\u0142o, kt\u00f3re zawsze sprowadza nas na skraj, w kt\u00f3rym nasze istnienie na najwy\u017cszym poziomie rozgrywkowym zaczyna by\u0107 publicznie kwestionowane. Kwestionowane nawet pomimo fakt\u00f3w, \u017ce jako pi\u0142karski o\u015brodek jeste\u015bmy jednym z wa\u017cniejszych punkt\u00f3w &#8222;produkcji&#8221; pi\u0142karzy na rynek krajowy i nie tylko.<\/p>\n\n\n\n<p>W k\u00f3\u0142ko bowiem potykamy si\u0119 dok\u0142adnie na tym samym schodku, by ponownie by\u0107 zdziwionym, \u017ce z hukiem run\u0119li\u015bmy na ziemi\u0119. Kolejni ludzie wchodz\u0105cy do klubu wydaj\u0105 si\u0119 bowiem wierzy\u0107, \u017ce w pojedynk\u0119 s\u0105 w stanie ten klub nie\u015b\u0107 na barkach do przodu i jeszcze mie\u0107 zapas si\u0142, aby go rozwija\u0107. Gdy jednak kolejne d\u0142ugie wieczory sp\u0119dzone w klubie zaczynaj\u0105 przyt\u0142acza\u0107, staje si\u0119 jasne, \u017ce kwesti\u0105 czasu jest to, \u017ce zrobi si\u0119 to za ci\u0119\u017ckie. Dzi\u015b Zag\u0142\u0119bie jest w sytuacji, w kt\u00f3rej tak wiele rzeczy wymaga uwagi, a tak niewiele os\u00f3b ma na to si\u0142y i \u015brodki, \u017ce zwyczajnie na ka\u017cdy odcinku zaczynamy przegrywa\u0107.<\/p>\n\n\n\n<p>Sztab szyje z tego, co ma do dyspozycji tak, by punkty w jakimkolwiek stylu jednak zdobywa\u0107, bo ich brak oznacza tylko jedno. Komunikacyjnie wr\u00f3cili\u015bmy do czas\u00f3w, gdy wi\u0119kszo\u015b\u0107 informacji kibice zdobywa\u0107 musz\u0105 od wszelkiej ma\u015bci &#8222;insajder\u00f3w&#8221;. Zarz\u0105d w\u0142a\u015bnie uzna\u0142, \u017ce zatrudniony ledwie rok temu dyrektor sportowy nie ma ju\u017c nic do zaoferowania klubowi, wi\u0119c dalsza wsp\u00f3\u0142praca nie ma ju\u017c racji bytu, a z dobrze poinformowanych \u017ar\u00f3de\u0142 s\u0142ycha\u0107, \u017ce brak informacji o zapowiadanych ju\u017c dawno temu inwestycjach jest spowodowany faktem, \u017ce zabezpieczone na nie \u015brodki, sta\u0142y si\u0119 \u0142akomym k\u0105skiem na bie\u017c\u0105c\u0105 dzia\u0142alno\u015b\u0107.<\/p>\n\n\n\n<p>I wiecie co. Mam cholerne wra\u017cenie, \u017ce ju\u017c to kiedy\u015b widzia\u0142em. Czy\u017cby kolejne b\u0142\u0119dne deja vu?<\/p>\n","protected":false},"excerpt":{"rendered":"<p>Sporo czasu min\u0119\u0142o, odk\u0105d ostatni raz go\u015bci\u0142em w tej rubryce. Powod\u00f3w takiego stanu rzeczy jest co najmniej kilka, wi\u0119c chyba najwy\u017csza pora i z t\u0105 materi\u0105 si\u0119 zmierzy\u0107. Atmosfera bowiem&hellip; <\/p>\n","protected":false},"author":5,"featured_media":25724,"comment_status":"open","ping_status":"open","sticky":false,"template":"","format":"standard","meta":{"footnotes":""},"categories":[7],"tags":[1184,2408,324,89],"class_list":["post-30289","post","type-post","status-publish","format-standard","has-post-thumbnail","hentry","category-felietony","tag-kghm","tag-leszek-ojrzynski","tag-rafal-ulatowski","tag-zaglebie-lubin"],"_links":{"self":[{"href":"https:\/\/www.zaglebiak.com\/index.php\/wp-json\/wp\/v2\/posts\/30289","targetHints":{"allow":["GET"]}}],"collection":[{"href":"https:\/\/www.zaglebiak.com\/index.php\/wp-json\/wp\/v2\/posts"}],"about":[{"href":"https:\/\/www.zaglebiak.com\/index.php\/wp-json\/wp\/v2\/types\/post"}],"author":[{"embeddable":true,"href":"https:\/\/www.zaglebiak.com\/index.php\/wp-json\/wp\/v2\/users\/5"}],"replies":[{"embeddable":true,"href":"https:\/\/www.zaglebiak.com\/index.php\/wp-json\/wp\/v2\/comments?post=30289"}],"version-history":[{"count":1,"href":"https:\/\/www.zaglebiak.com\/index.php\/wp-json\/wp\/v2\/posts\/30289\/revisions"}],"predecessor-version":[{"id":30290,"href":"https:\/\/www.zaglebiak.com\/index.php\/wp-json\/wp\/v2\/posts\/30289\/revisions\/30290"}],"wp:featuredmedia":[{"embeddable":true,"href":"https:\/\/www.zaglebiak.com\/index.php\/wp-json\/wp\/v2\/media\/25724"}],"wp:attachment":[{"href":"https:\/\/www.zaglebiak.com\/index.php\/wp-json\/wp\/v2\/media?parent=30289"}],"wp:term":[{"taxonomy":"category","embeddable":true,"href":"https:\/\/www.zaglebiak.com\/index.php\/wp-json\/wp\/v2\/categories?post=30289"},{"taxonomy":"post_tag","embeddable":true,"href":"https:\/\/www.zaglebiak.com\/index.php\/wp-json\/wp\/v2\/tags?post=30289"}],"curies":[{"name":"wp","href":"https:\/\/api.w.org\/{rel}","templated":true}]}}