{"id":30287,"date":"2026-09-06T18:25:45","date_gmt":"2026-09-06T16:25:45","guid":{"rendered":"https:\/\/www.zaglebiak.com\/?p=30287"},"modified":"2026-09-06T18:25:49","modified_gmt":"2026-09-06T16:25:49","slug":"sezon-2006-2007-w-drodze-po-mistrzostwo-polski","status":"publish","type":"post","link":"https:\/\/www.zaglebiak.com\/index.php\/2026\/09\/06\/sezon-2006-2007-w-drodze-po-mistrzostwo-polski\/","title":{"rendered":"Sezon 2006\/2007 w drodze po mistrzostwo Polski"},"content":{"rendered":"\n<p>W przysz\u0142ym roku, czyli w 2027 b\u0119dziemy \u015bwi\u0119towa\u0107 okr\u0105g\u0142\u0105 rocznic\u0119 zdobycia drugiego Mistrza Polski w klubowej historii. To ju\u017c 20 lat, a cz\u0142owiek jeszcze pami\u0119ta te ciarki i sza\u0142 rado\u015bci oraz trz\u0119s\u0105cy si\u0119 p\u0142ot na stadionie na \u0141azienkowskiej w Warszawie. <\/p>\n\n\n\n<p>Podobnie jak z histori\u0105 pierwszego mistrzostwa Polski z 1991 r. b\u0119dziemy wrzuca\u0107 wycinki prasowe odno\u015bnie ka\u017cdego mistrzowskiego meczu w serii #by\u0142takimecz, a dok\u0142adniej sk\u0142ady, opisy, ciekawsze wywiady z tego okresu zwi\u0105zane z Zag\u0142\u0119biem czy lubi\u0144sk\u0105 pi\u0142k\u0105. <\/p>\n\n\n\n<p>W celu wprowadzenia w otoczk\u0119 tamtego sezonu trzeba wspomnie\u0107 ko\u0144c\u00f3wk\u0119 sezonu 2005\/2006, a ten by\u0142 udany, bo Zag\u0142\u0119bie Lubin z 49 punktami zaj\u0119\u0142o trzecie miejsce w lidze i zagwarantowa\u0142o sobie gr\u0119 w europejskich pucharach. Dobrze te\u017c radzili\u015bmy sobie w Pucharze Polski i dotarli\u015bmy do fina\u0142u. Niestety w dwumeczu z p\u0142ock\u0105 Wis\u0142\u0105 musieli\u015bmy uzna\u0107 wy\u017cszo\u015b\u0107 rywala. To wszystko Zag\u0142\u0119bie Lubin osi\u0105gn\u0119\u0142o pod wodz\u0105 Franciszka Smudy, kt\u00f3ry po sezonie przeni\u00f3s\u0142 si\u0119 do Lecha Pozna\u0144. <\/p>\n\n\n\n<p>Prezes Miros\u0142aw Jab\u0142o\u0144ski zaproponowa\u0142 kandydatur\u0119 Edwarda Klejndinsta, kt\u00f3ry od lat by\u0142 zwi\u0105zany z PZPN, gdzie prowadzi\u0142 dru\u017cyny juniorskie, reprezentacj\u0119 olimpijsk\u0105 czy odpowiada\u0142 za bank informacji u trzech selekcjoner\u00f3w. By\u0142a to jego pierwsza praca w klubowej seniorskiej pi\u0142ce, ale wierzono w jego do\u015bwiadczenie. Jak potoczy\u0142y si\u0119 jego losy? Tego dowiecie si\u0119 w kolejnych cyklach. <\/p>\n\n\n\n<p>Pora nadrobi\u0107 zaleg\u0142o\u015bci i uzupe\u0142niamy spotkania z lipca i sierpnia 2006 r.  Zanim na dobre ruszy\u0142a liga musieli\u015bmy po\u017cegna\u0107 si\u0119 z europejskimi pucharami i uzna\u0107 wy\u017cszo\u015b\u0107 Dynamo Mi\u0144sk.<\/p>\n\n\n\n<p>1 kolejka rozegrana 30 lipca 2006 r. i spotkanie z Odr\u0105 Wodzis\u0142aw, kt\u00f3r\u0105 mocno nam nie le\u017ca\u0142a w tamtym czasie. Na starcie ligi musieli\u015bmy prze\u0142kn\u0105\u0107 gorycz pora\u017cki.<\/p>\n\n\n\n<figure class=\"wp-block-image size-full\"><img loading=\"lazy\" decoding=\"async\" width=\"1089\" height=\"1970\" src=\"https:\/\/64.media.tumblr.com\/1bb35cc11ddd7264398a8e92c33f4c6a\/ce501e2b99cc696e-aa\/s2048x3072\/54706f87a3172103472950adace86da2e5411cdb.jpg\" alt=\"\" class=\"wp-image-30268\"\/><\/figure>\n\n\n\n<figure class=\"wp-block-image size-full\"><img loading=\"lazy\" decoding=\"async\" width=\"925\" height=\"3072\" src=\"https:\/\/64.media.tumblr.com\/f758c5bc29e6052ab653346c9b6aa5d3\/ce501e2b99cc696e-14\/s2048x3072\/ccf1fad5b1bf1d1baa147e518547ea21d71d2453.jpg\" alt=\"\" class=\"wp-image-30270\"\/><\/figure>\n\n\n\n<p>2 kolejka i mecz z podtekstami, bo do Lubina wraca\u0142 Franciszek Smuda. W Zag\u0142\u0119biu debiutuje Michal Vaclavik i daje popis skuteczno\u015bci w bramce. Z remisu nie mog\u0142a by\u0107 zadowolona \u017cadna z dru\u017cyn. <\/p>\n\n\n\n<figure class=\"wp-block-image size-full\"><img loading=\"lazy\" decoding=\"async\" width=\"1025\" height=\"1948\" src=\"https:\/\/64.media.tumblr.com\/3e3105f4fdb0d3e7d71c6950466c1ae3\/ce501e2b99cc696e-17\/s2048x3072\/5441cf69cf337ec2fe5265157342b38baad865ce.jpg\" alt=\"\" class=\"wp-image-30272\"\/><\/figure>\n\n\n\n<figure class=\"wp-block-image size-full\"><img loading=\"lazy\" decoding=\"async\" width=\"901\" height=\"3072\" src=\"https:\/\/64.media.tumblr.com\/adbc1793083c6701b3b1eeb2e326f614\/ce501e2b99cc696e-88\/s2048x3072\/00cd178da1963e044ae6ee3d9338602403342b74.jpg\" alt=\"\" class=\"wp-image-30274\"\/><\/figure>\n\n\n\n<p>3 kolejka i szalony mecz w Lubinie. Hokejowy wynik, chocia\u017c to Cracovia posiada taka sekcj\u0119 w swoim klubie. M\u0142odsi kibice mog\u0105 nie pami\u0119ta\u0107, ale \u0141ukasz Piszczek by\u0142 kiedy\u015b napastnikiem i to skutecznym. Pierwsza wygrana w lidze. <\/p>\n\n\n\n<figure class=\"wp-block-image size-full\"><img loading=\"lazy\" decoding=\"async\" width=\"1016\" height=\"1939\" src=\"https:\/\/64.media.tumblr.com\/b17a121ac0adaa2c917f80d72c7f30cc\/ce501e2b99cc696e-d0\/s2048x3072\/aba61faa39fde5ea4c23f0fefc0926fb0e2599b2.jpg\" alt=\"\" class=\"wp-image-30276\"\/><\/figure>\n\n\n\n<figure class=\"wp-block-image size-full\"><img loading=\"lazy\" decoding=\"async\" width=\"913\" height=\"3072\" src=\"https:\/\/64.media.tumblr.com\/8600a3ae619ed22060a3a39d630de4c0\/ce501e2b99cc696e-eb\/s2048x3072\/a5bfe5bc3328ed7df86c5e0cab0f92e453f0d52f.jpg\" alt=\"\" class=\"wp-image-30278\"\/><\/figure>\n\n\n\n<p>4 kolejka i wyjazdowy remis z Groclinem. Mariusz Liberda wr\u00f3ci\u0142 na stare \u015bmieci i da\u0142 fenomenalny popis gry w bramce. Niestety napastnicy tym razem nic nie ustrzelili i mecz zako\u0144czy\u0142 si\u0119 bezbramkowym remisem. <\/p>\n\n\n\n<figure class=\"wp-block-image size-full\"><img loading=\"lazy\" decoding=\"async\" width=\"1023\" height=\"1951\" src=\"https:\/\/64.media.tumblr.com\/7105e1cead2e9fe4db206d25a8bfb1d0\/ce501e2b99cc696e-54\/s2048x3072\/f82f968d11cb20792195df54d442076a98d8bd9e.jpg\" alt=\"\" class=\"wp-image-30280\"\/><\/figure>\n\n\n\n<figure class=\"wp-block-image size-full\"><img loading=\"lazy\" decoding=\"async\" width=\"879\" height=\"3072\" src=\"https:\/\/64.media.tumblr.com\/fb4de9e2232c2330a91cf2c7f1457976\/ce501e2b99cc696e-8b\/s2048x3072\/b205d9555bb645564e47222d2219dcb21f152d4a.jpg\" alt=\"\" class=\"wp-image-30282\"\/><\/figure>\n\n\n\n<p>W 5 kolejce Zag\u0142\u0119bie w Lubinie zmierzy\u0142o si\u0119 z GKS Be\u0142chat\u00f3w. Jak si\u0119 p\u00f3\u017aniej oka\u017ce b\u0119dzie to g\u0142\u00f3wny rywal do zdobycia tytu\u0142u Mistrza Polski. Mecz wygrany, a Manuel Arboleda zaliczy\u0142 bramk\u0119 i asyst\u0119. Popularny Maniek wyrasta\u0142 powoli na czo\u0142owego zawodnika naszego klubu. <\/p>\n\n\n\n<figure class=\"wp-block-image size-full\"><img loading=\"lazy\" decoding=\"async\" width=\"994\" height=\"1941\" src=\"https:\/\/64.media.tumblr.com\/993b033c479b6587904caf801aa6d029\/ce501e2b99cc696e-9d\/s2048x3072\/68eba26e581186197e3b81a59d00350283e09408.jpg\" alt=\"\" class=\"wp-image-30284\"\/><\/figure>\n\n\n\n<figure class=\"wp-block-image size-full\"><img loading=\"lazy\" decoding=\"async\" width=\"1036\" height=\"3072\" src=\"https:\/\/64.media.tumblr.com\/908cc58cfdaac7974ca1c7a5058c5ac0\/ce501e2b99cc696e-83\/s2048x3072\/311926a3e959bc55c6e21a50e3d965097827e5a1.jpg\" alt=\"\" class=\"wp-image-30286\"\/><\/figure>\n\n\n\n<p>Kolejne mecze z tego sezonu b\u0119d\u0105 ju\u017c publikowane pod rocznicami ich rozegrania. Kolejny mecz to 9 wrze\u015bnia i spotkanie z \u0141KS-em \u0141\u00f3d\u017a.  <\/p>\n","protected":false},"excerpt":{"rendered":"<p>W przysz\u0142ym roku, czyli w 2027 b\u0119dziemy \u015bwi\u0119towa\u0107 okr\u0105g\u0142\u0105 rocznic\u0119 zdobycia drugiego Mistrza Polski w klubowej historii. To ju\u017c 20 lat, a cz\u0142owiek jeszcze pami\u0119ta te ciarki i sza\u0142 rado\u015bci&hellip; <\/p>\n","protected":false},"author":1,"featured_media":30268,"comment_status":"open","ping_status":"open","sticky":false,"template":"","format":"standard","meta":{"footnotes":""},"categories":[28,46,24],"tags":[1470,464,2512,89],"class_list":["post-30287","post","type-post","status-publish","format-standard","has-post-thumbnail","hentry","category-2001-2010","category-aktualnosci","category-historia","tag-byltakimecz","tag-edward-klejndinst","tag-sezon-2006-2007","tag-zaglebie-lubin"],"_links":{"self":[{"href":"https:\/\/www.zaglebiak.com\/index.php\/wp-json\/wp\/v2\/posts\/30287","targetHints":{"allow":["GET"]}}],"collection":[{"href":"https:\/\/www.zaglebiak.com\/index.php\/wp-json\/wp\/v2\/posts"}],"about":[{"href":"https:\/\/www.zaglebiak.com\/index.php\/wp-json\/wp\/v2\/types\/post"}],"author":[{"embeddable":true,"href":"https:\/\/www.zaglebiak.com\/index.php\/wp-json\/wp\/v2\/users\/1"}],"replies":[{"embeddable":true,"href":"https:\/\/www.zaglebiak.com\/index.php\/wp-json\/wp\/v2\/comments?post=30287"}],"version-history":[{"count":1,"href":"https:\/\/www.zaglebiak.com\/index.php\/wp-json\/wp\/v2\/posts\/30287\/revisions"}],"predecessor-version":[{"id":30288,"href":"https:\/\/www.zaglebiak.com\/index.php\/wp-json\/wp\/v2\/posts\/30287\/revisions\/30288"}],"wp:featuredmedia":[{"embeddable":true,"href":"https:\/\/www.zaglebiak.com\/index.php\/wp-json\/wp\/v2\/media\/30268"}],"wp:attachment":[{"href":"https:\/\/www.zaglebiak.com\/index.php\/wp-json\/wp\/v2\/media?parent=30287"}],"wp:term":[{"taxonomy":"category","embeddable":true,"href":"https:\/\/www.zaglebiak.com\/index.php\/wp-json\/wp\/v2\/categories?post=30287"},{"taxonomy":"post_tag","embeddable":true,"href":"https:\/\/www.zaglebiak.com\/index.php\/wp-json\/wp\/v2\/tags?post=30287"}],"curies":[{"name":"wp","href":"https:\/\/api.w.org\/{rel}","templated":true}]}}