{"id":29606,"date":"2026-05-03T02:51:00","date_gmt":"2026-05-03T00:51:00","guid":{"rendered":"https:\/\/www.zaglebiak.com\/?p=29606"},"modified":"2026-04-29T12:53:10","modified_gmt":"2026-04-29T10:53:10","slug":"3-maja-2024-r-zmarl-szymon-kanigowski-2","status":"publish","type":"post","link":"https:\/\/www.zaglebiak.com\/index.php\/2026\/05\/03\/3-maja-2024-r-zmarl-szymon-kanigowski-2\/","title":{"rendered":"3 maja 2024 r. zmar\u0142 Szymon Kanigowski"},"content":{"rendered":"\n<figure class=\"wp-block-image\"><img loading=\"lazy\" decoding=\"async\" width=\"1536\" height=\"2048\" src=\"https:\/\/64.media.tumblr.com\/d6878e0b85daaeb9da61a85a69a6db4d\/74b8176b5cc5689a-df\/s2048x3072\/c7aeb1396ee1fff134e5300cde2b8053ccd366f3.jpg\" alt=\"\" class=\"wp-image-27738\"\/><\/figure>\n\n\n\n<p>Szymon Kanigowski zmar\u0142 3 maja 2024 r. Urodzi\u0142 si\u0119 16 stycznia 1934 r. w Luberadzu. Jest jednym z za\u0142o\u017cycieli klubu i sekcji pi\u0142ki r\u0119cznej m\u0119\u017cczyzn oraz jego pierwszym trenerem. Klub powsta\u0142 w 1967 r. w Zespole Szk\u00f3\u0142 G\u00f3rniczych w Lubinie pod nazw\u0105 G\u00f3rnik Lubin. Od 1980 r. by\u0142 cz\u0142onkiem NSZZ \u201eSolidarno\u015b\u0107\u201d w Zak\u0142adach G\u00f3rniczych \u201eLubin\u201d w Lubinie. W okresie od 16 grudnia 1981 r. do 26 lutego 1982 r. by\u0142 internowany w O\u015brodku Odosobnienia w G\u0142ogowie. W latach 1983\u20131989 uczestniczy\u0142 w akcjach protestacyjnych upami\u0119tniaj\u0105cych zbrodni\u0119 lubi\u0144sk\u0105. 30 sierpnia 2017 roku w Hotelu Europa w Lubinie, o godzinie 18.00, odby\u0142a si\u0119 uroczysto\u015b\u0107 wr\u0119czenia odznacze\u0144 pa\u0144stwowych \u2013 Krzy\u017cy Wolno\u015bci i Solidarno\u015bci, kt\u00f3rym zosta\u0142 odznaczony. Odznaczenie KwiS zosta\u0142o mu nadane postanowieniem Prezydenta RP nr 375\/2017.<\/p>\n","protected":false},"excerpt":{"rendered":"<p>Szymon Kanigowski zmar\u0142 3 maja 2024 r. Urodzi\u0142 si\u0119 16 stycznia 1934 r. w Luberadzu. Jest jednym z za\u0142o\u017cycieli klubu i sekcji pi\u0142ki r\u0119cznej m\u0119\u017cczyzn oraz jego pierwszym trenerem. Klub&hellip; <\/p>\n","protected":false},"author":1,"featured_media":26289,"comment_status":"open","ping_status":"open","sticky":false,"template":"","format":"standard","meta":{"footnotes":""},"categories":[46],"tags":[89],"class_list":["post-29606","post","type-post","status-publish","format-standard","has-post-thumbnail","hentry","category-aktualnosci","tag-zaglebie-lubin"],"_links":{"self":[{"href":"https:\/\/www.zaglebiak.com\/index.php\/wp-json\/wp\/v2\/posts\/29606","targetHints":{"allow":["GET"]}}],"collection":[{"href":"https:\/\/www.zaglebiak.com\/index.php\/wp-json\/wp\/v2\/posts"}],"about":[{"href":"https:\/\/www.zaglebiak.com\/index.php\/wp-json\/wp\/v2\/types\/post"}],"author":[{"embeddable":true,"href":"https:\/\/www.zaglebiak.com\/index.php\/wp-json\/wp\/v2\/users\/1"}],"replies":[{"embeddable":true,"href":"https:\/\/www.zaglebiak.com\/index.php\/wp-json\/wp\/v2\/comments?post=29606"}],"version-history":[{"count":1,"href":"https:\/\/www.zaglebiak.com\/index.php\/wp-json\/wp\/v2\/posts\/29606\/revisions"}],"predecessor-version":[{"id":29607,"href":"https:\/\/www.zaglebiak.com\/index.php\/wp-json\/wp\/v2\/posts\/29606\/revisions\/29607"}],"wp:featuredmedia":[{"embeddable":true,"href":"https:\/\/www.zaglebiak.com\/index.php\/wp-json\/wp\/v2\/media\/26289"}],"wp:attachment":[{"href":"https:\/\/www.zaglebiak.com\/index.php\/wp-json\/wp\/v2\/media?parent=29606"}],"wp:term":[{"taxonomy":"category","embeddable":true,"href":"https:\/\/www.zaglebiak.com\/index.php\/wp-json\/wp\/v2\/categories?post=29606"},{"taxonomy":"post_tag","embeddable":true,"href":"https:\/\/www.zaglebiak.com\/index.php\/wp-json\/wp\/v2\/tags?post=29606"}],"curies":[{"name":"wp","href":"https:\/\/api.w.org\/{rel}","templated":true}]}}