{"id":29599,"date":"2026-05-01T02:40:00","date_gmt":"2026-05-01T00:40:00","guid":{"rendered":"https:\/\/www.zaglebiak.com\/?p=29599"},"modified":"2026-04-29T12:41:51","modified_gmt":"2026-04-29T10:41:51","slug":"1-maja-1978-roku-urodzil-sie-daniel-trescinski-5","status":"publish","type":"post","link":"https:\/\/www.zaglebiak.com\/index.php\/2026\/05\/01\/1-maja-1978-roku-urodzil-sie-daniel-trescinski-5\/","title":{"rendered":"1 maja 1978 roku urodzi\u0142 si\u0119 Daniel Tre\u015bci\u0144ski"},"content":{"rendered":"<div class=\"wp-block-image\">\n<figure class=\"aligncenter\"><img loading=\"lazy\" decoding=\"async\" width=\"540\" height=\"660\" src=\"https:\/\/64.media.tumblr.com\/2c3370fdd7de858461432f5a7562d673\/f5851d64a8d0464f-21\/s540x810\/802ce4cd6fd1f0591d26461b38e87bdb99ede201.jpg\" alt=\"\" class=\"wp-image-18538\"\/><figcaption class=\"wp-element-caption\">Daniel Tre\u015bci\u0144ski. Fot. zaglebie.eu<\/figcaption><\/figure>\n<\/div>\n\n\n<p>Daniel Tre\u015bci\u0144ski urodzi\u0142 si\u0119 1 maja 1978 roku w Sosnowcu. Wychowanek MOSiR Sosnowiec. Obro\u0144ca trafi\u0142 do Zag\u0142\u0119bia Lubin jesieni\u0105 1998 roku i rozegra\u0142 w naszych barwach 5 spotka\u0144. Mistrz Polski z \u0141KS-em \u0141\u00f3d\u017a. Znany najbardziej z gry w Zag\u0142\u0119biu Sosnowiec, w kt\u00f3rym zagra\u0142 \u0142\u0105cznie w 211 meczach i strzeli\u0142 16 goli. Karier\u0119 ko\u0144czy\u0142 w III-ligowym G\u00f3rniku Libi\u0105\u017c.<\/p>\n","protected":false},"excerpt":{"rendered":"<p>Daniel Tre\u015bci\u0144ski urodzi\u0142 si\u0119 1 maja 1978 roku w Sosnowcu. Wychowanek MOSiR Sosnowiec. Obro\u0144ca trafi\u0142 do Zag\u0142\u0119bia Lubin jesieni\u0105 1998 roku i rozegra\u0142 w naszych barwach 5 spotka\u0144. Mistrz Polski&hellip; <\/p>\n","protected":false},"author":1,"featured_media":18538,"comment_status":"open","ping_status":"open","sticky":false,"template":"","format":"standard","meta":{"footnotes":""},"categories":[46],"tags":[1459,89],"class_list":["post-29599","post","type-post","status-publish","format-standard","has-post-thumbnail","hentry","category-aktualnosci","tag-daniel-trescinski","tag-zaglebie-lubin"],"_links":{"self":[{"href":"https:\/\/www.zaglebiak.com\/index.php\/wp-json\/wp\/v2\/posts\/29599","targetHints":{"allow":["GET"]}}],"collection":[{"href":"https:\/\/www.zaglebiak.com\/index.php\/wp-json\/wp\/v2\/posts"}],"about":[{"href":"https:\/\/www.zaglebiak.com\/index.php\/wp-json\/wp\/v2\/types\/post"}],"author":[{"embeddable":true,"href":"https:\/\/www.zaglebiak.com\/index.php\/wp-json\/wp\/v2\/users\/1"}],"replies":[{"embeddable":true,"href":"https:\/\/www.zaglebiak.com\/index.php\/wp-json\/wp\/v2\/comments?post=29599"}],"version-history":[{"count":1,"href":"https:\/\/www.zaglebiak.com\/index.php\/wp-json\/wp\/v2\/posts\/29599\/revisions"}],"predecessor-version":[{"id":29600,"href":"https:\/\/www.zaglebiak.com\/index.php\/wp-json\/wp\/v2\/posts\/29599\/revisions\/29600"}],"wp:featuredmedia":[{"embeddable":true,"href":"https:\/\/www.zaglebiak.com\/index.php\/wp-json\/wp\/v2\/media\/18538"}],"wp:attachment":[{"href":"https:\/\/www.zaglebiak.com\/index.php\/wp-json\/wp\/v2\/media?parent=29599"}],"wp:term":[{"taxonomy":"category","embeddable":true,"href":"https:\/\/www.zaglebiak.com\/index.php\/wp-json\/wp\/v2\/categories?post=29599"},{"taxonomy":"post_tag","embeddable":true,"href":"https:\/\/www.zaglebiak.com\/index.php\/wp-json\/wp\/v2\/tags?post=29599"}],"curies":[{"name":"wp","href":"https:\/\/api.w.org\/{rel}","templated":true}]}}