{"id":29597,"date":"2026-04-29T02:35:00","date_gmt":"2026-04-29T00:35:00","guid":{"rendered":"https:\/\/www.zaglebiak.com\/?p=29597"},"modified":"2026-04-29T12:38:32","modified_gmt":"2026-04-29T10:38:32","slug":"29-kwietnia-urodzili-sie-piotr-cielewicz-krzysztof-ciuksa-i-krzysztof-wierzbowski-2","status":"publish","type":"post","link":"https:\/\/www.zaglebiak.com\/index.php\/2026\/04\/29\/29-kwietnia-urodzili-sie-piotr-cielewicz-krzysztof-ciuksa-i-krzysztof-wierzbowski-2\/","title":{"rendered":"29 kwietnia urodzili si\u0119 Piotr Cielewicz, Krzysztof Ciuksa i Krzysztof Wierzbowski"},"content":{"rendered":"<div class=\"wp-block-image\">\n<figure class=\"aligncenter is-resized\"><img loading=\"lazy\" decoding=\"async\" width=\"2048\" height=\"3072\" src=\"https:\/\/64.media.tumblr.com\/d547ee6358d268e0c9773de682bcb719\/d66526ffd0e643ca-f4\/s2048x3072\/d699a4e856ffed1fba1d65d608bf259a1f17dddf.jpg\" alt=\"\" class=\"wp-image-18522\" style=\"width:419px;height:auto\"\/><figcaption class=\"wp-element-caption\">Piotr Cielewicz. Fot. Jerzy Kosi\u0144ski<\/figcaption><\/figure>\n<\/div>\n\n\n<p>Piotr Cielewicz urodzi\u0142 si\u0119 29 kwietnia 1982 roku. Wychowanek Zag\u0142\u0119bia Lubin zwi\u0105zany z klubem do jesieni 2003 roku.<\/p>\n\n\n<div class=\"wp-block-image\">\n<figure class=\"aligncenter is-resized\"><img loading=\"lazy\" decoding=\"async\" width=\"204\" height=\"192\" src=\"https:\/\/64.media.tumblr.com\/081095fe5d26e19fdecdeff1c591baf7\/f982da0c5a1e6099-5b\/s250x400\/2a2676ccf8718a1f2ca2818c3b1defca2262901a.jpg\" alt=\"\" class=\"wp-image-24277\" style=\"width:534px;height:auto\"\/><figcaption class=\"wp-element-caption\">Krzysztof Ciuksa. Fot. zaglebie.com<\/figcaption><\/figure>\n<\/div>\n\n\n<p>Krzysztof Ciuksa obchodzi dzisiaj urodziny. Z Akademi\u0105 Zag\u0142\u0119bia jest zwi\u0105zany od 2015 r. Wsp\u00f3\u0142pracowa\u0142 z zespo\u0142ami U-14, U-15, U-16 i drug\u0105 dru\u017cyn\u0105 Zag\u0142\u0119bia. Pe\u0142ni\u0142 funkcj\u0119 g\u0142\u00f3wnego skauta akademii, a nast\u0119pnie by\u0142 szefem skautingu.<\/p>\n\n\n\n<p>Krzysztof Wierzbowski urodzi\u0142 si\u0119 29 kwietnia 1975 roku. Wychowanek Zag\u0142\u0119bia Lubin. Niestety nie posiadam ani zdj\u0119cia ani wi\u0119cej informacji o tym zawodniku. Mo\u017ce znacie jego lub jego losy<\/p>\n","protected":false},"excerpt":{"rendered":"<p>Piotr Cielewicz urodzi\u0142 si\u0119 29 kwietnia 1982 roku. Wychowanek Zag\u0142\u0119bia Lubin zwi\u0105zany z klubem do jesieni 2003 roku. Krzysztof Ciuksa obchodzi dzisiaj urodziny. Z Akademi\u0105 Zag\u0142\u0119bia jest zwi\u0105zany od 2015&hellip; <\/p>\n","protected":false},"author":1,"featured_media":18520,"comment_status":"open","ping_status":"open","sticky":false,"template":"","format":"standard","meta":{"footnotes":""},"categories":[46],"tags":[2155,725,724,89],"class_list":["post-29597","post","type-post","status-publish","format-standard","has-post-thumbnail","hentry","category-aktualnosci","tag-krzysztof-ciuksa","tag-krzysztof-wierzbowski","tag-piotr-cielewicz","tag-zaglebie-lubin"],"_links":{"self":[{"href":"https:\/\/www.zaglebiak.com\/index.php\/wp-json\/wp\/v2\/posts\/29597","targetHints":{"allow":["GET"]}}],"collection":[{"href":"https:\/\/www.zaglebiak.com\/index.php\/wp-json\/wp\/v2\/posts"}],"about":[{"href":"https:\/\/www.zaglebiak.com\/index.php\/wp-json\/wp\/v2\/types\/post"}],"author":[{"embeddable":true,"href":"https:\/\/www.zaglebiak.com\/index.php\/wp-json\/wp\/v2\/users\/1"}],"replies":[{"embeddable":true,"href":"https:\/\/www.zaglebiak.com\/index.php\/wp-json\/wp\/v2\/comments?post=29597"}],"version-history":[{"count":1,"href":"https:\/\/www.zaglebiak.com\/index.php\/wp-json\/wp\/v2\/posts\/29597\/revisions"}],"predecessor-version":[{"id":29598,"href":"https:\/\/www.zaglebiak.com\/index.php\/wp-json\/wp\/v2\/posts\/29597\/revisions\/29598"}],"wp:featuredmedia":[{"embeddable":true,"href":"https:\/\/www.zaglebiak.com\/index.php\/wp-json\/wp\/v2\/media\/18520"}],"wp:attachment":[{"href":"https:\/\/www.zaglebiak.com\/index.php\/wp-json\/wp\/v2\/media?parent=29597"}],"wp:term":[{"taxonomy":"category","embeddable":true,"href":"https:\/\/www.zaglebiak.com\/index.php\/wp-json\/wp\/v2\/categories?post=29597"},{"taxonomy":"post_tag","embeddable":true,"href":"https:\/\/www.zaglebiak.com\/index.php\/wp-json\/wp\/v2\/tags?post=29597"}],"curies":[{"name":"wp","href":"https:\/\/api.w.org\/{rel}","templated":true}]}}