{"id":29595,"date":"2026-04-29T02:32:00","date_gmt":"2026-04-29T00:32:00","guid":{"rendered":"https:\/\/www.zaglebiak.com\/?p=29595"},"modified":"2026-04-29T12:34:46","modified_gmt":"2026-04-29T10:34:46","slug":"29-kwietnia-2024-r-zmarl-leszek-korolewicz-2","status":"publish","type":"post","link":"https:\/\/www.zaglebiak.com\/index.php\/2026\/04\/29\/29-kwietnia-2024-r-zmarl-leszek-korolewicz-2\/","title":{"rendered":"29 kwietnia 2024 r. zmar\u0142 Leszek Korolewicz"},"content":{"rendered":"<div class=\"wp-block-image\">\n<figure class=\"aligncenter\"><img loading=\"lazy\" decoding=\"async\" width=\"541\" height=\"960\" src=\"https:\/\/64.media.tumblr.com\/4e0819d0edb5d8b03eac74d39fd50379\/9fc6a62419ee813a-c8\/s640x960\/24758b92b460adf176f3142f12f8ae402a079578.jpg\" alt=\"\" class=\"wp-image-27727\"\/><figcaption class=\"wp-element-caption\">Nagrobek Leszka Korolewicza<\/figcaption><\/figure>\n<\/div>\n\n\n<p>Leszek Korolewicz by\u0142 znanym w Lubinie pasjonatem sportu. W latach dziewi\u0119\u0107dziesi\u0105tych bra\u0142 czynny udzia\u0142 w \u017cyciu Zag\u0142\u0119bia Lubin. Anga\u017cowa\u0142 si\u0119 w spotkania Oldboj\u00f3w i Retrofutbolist\u00f3w Zag\u0142\u0119bia.&nbsp;By\u0142 r\u00f3wnie\u017c sympatykiem \u0142y\u017cwiarstwa i wieloletnim cz\u0142onkiem zarz\u0105du MKS Cuprum Lubin. Jako dzia\u0142acz spo\u0142eczny by\u0142 wsp\u00f3\u0142tw\u00f3rc\u0105 m.in. lubi\u0144skiego Stowarzyszenia \u201ePalium\u201d zajmuj\u0105cego si\u0119 opiek\u0105 paliatywn\u0105.<\/p>\n","protected":false},"excerpt":{"rendered":"<p>Leszek Korolewicz by\u0142 znanym w Lubinie pasjonatem sportu. W latach dziewi\u0119\u0107dziesi\u0105tych bra\u0142 czynny udzia\u0142 w \u017cyciu Zag\u0142\u0119bia Lubin. Anga\u017cowa\u0142 si\u0119 w spotkania Oldboj\u00f3w i Retrofutbolist\u00f3w Zag\u0142\u0119bia.&nbsp;By\u0142 r\u00f3wnie\u017c sympatykiem \u0142y\u017cwiarstwa i&hellip; <\/p>\n","protected":false},"author":1,"featured_media":26291,"comment_status":"open","ping_status":"open","sticky":false,"template":"","format":"standard","meta":{"footnotes":""},"categories":[46],"tags":[2164,89],"class_list":["post-29595","post","type-post","status-publish","format-standard","has-post-thumbnail","hentry","category-aktualnosci","tag-leszek-korolewicz","tag-zaglebie-lubin"],"_links":{"self":[{"href":"https:\/\/www.zaglebiak.com\/index.php\/wp-json\/wp\/v2\/posts\/29595","targetHints":{"allow":["GET"]}}],"collection":[{"href":"https:\/\/www.zaglebiak.com\/index.php\/wp-json\/wp\/v2\/posts"}],"about":[{"href":"https:\/\/www.zaglebiak.com\/index.php\/wp-json\/wp\/v2\/types\/post"}],"author":[{"embeddable":true,"href":"https:\/\/www.zaglebiak.com\/index.php\/wp-json\/wp\/v2\/users\/1"}],"replies":[{"embeddable":true,"href":"https:\/\/www.zaglebiak.com\/index.php\/wp-json\/wp\/v2\/comments?post=29595"}],"version-history":[{"count":1,"href":"https:\/\/www.zaglebiak.com\/index.php\/wp-json\/wp\/v2\/posts\/29595\/revisions"}],"predecessor-version":[{"id":29596,"href":"https:\/\/www.zaglebiak.com\/index.php\/wp-json\/wp\/v2\/posts\/29595\/revisions\/29596"}],"wp:featuredmedia":[{"embeddable":true,"href":"https:\/\/www.zaglebiak.com\/index.php\/wp-json\/wp\/v2\/media\/26291"}],"wp:attachment":[{"href":"https:\/\/www.zaglebiak.com\/index.php\/wp-json\/wp\/v2\/media?parent=29595"}],"wp:term":[{"taxonomy":"category","embeddable":true,"href":"https:\/\/www.zaglebiak.com\/index.php\/wp-json\/wp\/v2\/categories?post=29595"},{"taxonomy":"post_tag","embeddable":true,"href":"https:\/\/www.zaglebiak.com\/index.php\/wp-json\/wp\/v2\/tags?post=29595"}],"curies":[{"name":"wp","href":"https:\/\/api.w.org\/{rel}","templated":true}]}}