{"id":29419,"date":"2026-03-09T21:09:30","date_gmt":"2026-03-09T20:09:30","guid":{"rendered":"https:\/\/www.zaglebiak.com\/?p=29419"},"modified":"2026-03-09T21:09:32","modified_gmt":"2026-03-09T20:09:32","slug":"dzisiaj-zmarl-leszek-eliszewski","status":"publish","type":"post","link":"https:\/\/www.zaglebiak.com\/index.php\/2026\/03\/09\/dzisiaj-zmarl-leszek-eliszewski\/","title":{"rendered":"Dzisiaj zmar\u0142 Leszek Eliszewski"},"content":{"rendered":"\n<p>Przed chwil\u0105 otrzymali\u015bmy przykr\u0105 wiadomo\u015b\u0107 o \u015bmierci Leszka Eliszewskiego. <\/p>\n\n\n<div class=\"wp-block-image\">\n<figure class=\"aligncenter size-full\"><img loading=\"lazy\" decoding=\"async\" width=\"401\" height=\"495\" src=\"https:\/\/www.zaglebiak.com\/wp-content\/uploads\/2026\/03\/Leszek-Eliszewski.jpg\" alt=\"\" class=\"wp-image-29420\" srcset=\"https:\/\/www.zaglebiak.com\/wp-content\/uploads\/2026\/03\/Leszek-Eliszewski.jpg 401w, https:\/\/www.zaglebiak.com\/wp-content\/uploads\/2026\/03\/Leszek-Eliszewski-243x300.jpg 243w\" sizes=\"auto, (max-width: 401px) 100vw, 401px\" \/><\/figure>\n<\/div>\n\n\n<p>Leszek Eliszewski urodzi\u0142 si\u0119 17 grudnia 1951 roku. By\u0142 zawodnikiem Zag\u0142\u0119bia Lubin w latach 1973-1974. Jego karier\u0119 zahamowa\u0142o z\u0142amanie nogi. Zwi\u0105zany z Retrofutbolistami Zag\u0142\u0119bia Lubin i sta\u0142y uczestnik wszelkich retro spotka\u0144. <\/p>\n\n\n\n<p>Wyrazy wsp\u00f3\u0142czucia dla rodziny i bliskich. <\/p>\n\n\n\n<p>O uroczysto\u015bciach pogrzebowych b\u0119dziemy informowa\u0107 po uzyskaniu informacji. <\/p>\n","protected":false},"excerpt":{"rendered":"<p>Przed chwil\u0105 otrzymali\u015bmy przykr\u0105 wiadomo\u015b\u0107 o \u015bmierci Leszka Eliszewskiego. Leszek Eliszewski urodzi\u0142 si\u0119 17 grudnia 1951 roku. By\u0142 zawodnikiem Zag\u0142\u0119bia Lubin w latach 1973-1974. Jego karier\u0119 zahamowa\u0142o z\u0142amanie nogi. Zwi\u0105zany&hellip; <\/p>\n","protected":false},"author":1,"featured_media":29420,"comment_status":"open","ping_status":"open","sticky":false,"template":"","format":"standard","meta":{"footnotes":""},"categories":[46],"tags":[1257,89],"class_list":["post-29419","post","type-post","status-publish","format-standard","has-post-thumbnail","hentry","category-aktualnosci","tag-leszek-eliszewski","tag-zaglebie-lubin"],"_links":{"self":[{"href":"https:\/\/www.zaglebiak.com\/index.php\/wp-json\/wp\/v2\/posts\/29419","targetHints":{"allow":["GET"]}}],"collection":[{"href":"https:\/\/www.zaglebiak.com\/index.php\/wp-json\/wp\/v2\/posts"}],"about":[{"href":"https:\/\/www.zaglebiak.com\/index.php\/wp-json\/wp\/v2\/types\/post"}],"author":[{"embeddable":true,"href":"https:\/\/www.zaglebiak.com\/index.php\/wp-json\/wp\/v2\/users\/1"}],"replies":[{"embeddable":true,"href":"https:\/\/www.zaglebiak.com\/index.php\/wp-json\/wp\/v2\/comments?post=29419"}],"version-history":[{"count":1,"href":"https:\/\/www.zaglebiak.com\/index.php\/wp-json\/wp\/v2\/posts\/29419\/revisions"}],"predecessor-version":[{"id":29421,"href":"https:\/\/www.zaglebiak.com\/index.php\/wp-json\/wp\/v2\/posts\/29419\/revisions\/29421"}],"wp:featuredmedia":[{"embeddable":true,"href":"https:\/\/www.zaglebiak.com\/index.php\/wp-json\/wp\/v2\/media\/29420"}],"wp:attachment":[{"href":"https:\/\/www.zaglebiak.com\/index.php\/wp-json\/wp\/v2\/media?parent=29419"}],"wp:term":[{"taxonomy":"category","embeddable":true,"href":"https:\/\/www.zaglebiak.com\/index.php\/wp-json\/wp\/v2\/categories?post=29419"},{"taxonomy":"post_tag","embeddable":true,"href":"https:\/\/www.zaglebiak.com\/index.php\/wp-json\/wp\/v2\/tags?post=29419"}],"curies":[{"name":"wp","href":"https:\/\/api.w.org\/{rel}","templated":true}]}}