{"id":29415,"date":"2026-03-10T00:32:00","date_gmt":"2026-03-09T23:32:00","guid":{"rendered":"https:\/\/www.zaglebiak.com\/?p=29415"},"modified":"2026-03-09T20:35:30","modified_gmt":"2026-03-09T19:35:30","slug":"10-marca-urodzili-sie-drazen-besek-michal-kielan-i-aleksandr-czerniawski-3","status":"publish","type":"post","link":"https:\/\/www.zaglebiak.com\/index.php\/2026\/03\/10\/10-marca-urodzili-sie-drazen-besek-michal-kielan-i-aleksandr-czerniawski-3\/","title":{"rendered":"10 marca urodzili si\u0119 Drazen Besek, Micha\u0142 Kielan i Aleksandr Czerniawski"},"content":{"rendered":"<div class=\"wp-block-image\">\n<figure class=\"aligncenter\"><img loading=\"lazy\" decoding=\"async\" width=\"540\" height=\"360\" src=\"https:\/\/64.media.tumblr.com\/5b47e6add76e7092b940eeec0510556d\/53a8b1f54691084e-68\/s540x810\/7a864b724c130ac5d0b13b23505ecb2e37a30f2f.jpg\" alt=\"\" class=\"wp-image-23803\"\/><figcaption class=\"wp-element-caption\">Drazen Besek<\/figcaption><\/figure>\n<\/div>\n\n\n<p>Drazen Besek urodzi\u0142 si\u0119 10 marca 1963 roku w Varazdin. By\u0142 trenerem Zag\u0142\u0119bia Lubin w latach 2003-2005.<\/p>\n\n\n<div class=\"wp-block-image\">\n<figure class=\"aligncenter\"><img loading=\"lazy\" decoding=\"async\" width=\"540\" height=\"360\" src=\"https:\/\/64.media.tumblr.com\/bcb294085d12851995f95218a15bb658\/53a8b1f54691084e-f4\/s540x810\/21a8e3317bccc4ed113d51d7b3e3b22ccfce271c.jpg\" alt=\"\" class=\"wp-image-23805\"\/><figcaption class=\"wp-element-caption\">Micha\u0142 Kielan. Fot. zaglebie.com<\/figcaption><\/figure>\n<\/div>\n\n\n<p>Micha\u0142 Kielan urodzi\u0142 si\u0119 10 marca 1982 roku. Prezesem Zag\u0142\u0119bia Lubin zosta\u0142 w dniu 1 pa\u017adziernika 2021 roku. 22 marca 2024 r. odwo\u0142any z tej funkcji.<\/p>\n\n\n<div class=\"wp-block-image\">\n<figure class=\"aligncenter is-resized\"><img loading=\"lazy\" decoding=\"async\" width=\"140\" height=\"160\" src=\"https:\/\/64.media.tumblr.com\/dcac510ed1f12211477ef1429f5d09e1\/53a8b1f54691084e-9f\/s250x400\/3828a3099faa035d3c5572150e79658e4291ba40.jpg\" alt=\"\" class=\"wp-image-23807\" style=\"width:276px;height:auto\"\/><figcaption class=\"wp-element-caption\">Aleksandr Czerniawski. Fot. 90minut<\/figcaption><\/figure>\n<\/div>\n\n\n<p>Aleksandr Czerniawski (O\u0142eksandr Czorniaw\u015bkyj) urodzi\u0142 si\u0119 10 marca 1972 roku. W Zag\u0142\u0119biu Lubin sp\u0119dzi\u0142 jesie\u0144 1996 roku i rozegra\u0142 w tym czasie 4 mecze.<\/p>\n","protected":false},"excerpt":{"rendered":"<p>Drazen Besek urodzi\u0142 si\u0119 10 marca 1963 roku w Varazdin. By\u0142 trenerem Zag\u0142\u0119bia Lubin w latach 2003-2005. Micha\u0142 Kielan urodzi\u0142 si\u0119 10 marca 1982 roku. Prezesem Zag\u0142\u0119bia Lubin zosta\u0142 w&hellip; <\/p>\n","protected":false},"author":1,"featured_media":23803,"comment_status":"open","ping_status":"open","sticky":false,"template":"","format":"standard","meta":{"footnotes":""},"categories":[46],"tags":[483,482,1102,89],"class_list":["post-29415","post","type-post","status-publish","format-standard","has-post-thumbnail","hentry","category-aktualnosci","tag-aleksandr-czerniawski","tag-drazen-besek","tag-michal-kielan","tag-zaglebie-lubin"],"_links":{"self":[{"href":"https:\/\/www.zaglebiak.com\/index.php\/wp-json\/wp\/v2\/posts\/29415","targetHints":{"allow":["GET"]}}],"collection":[{"href":"https:\/\/www.zaglebiak.com\/index.php\/wp-json\/wp\/v2\/posts"}],"about":[{"href":"https:\/\/www.zaglebiak.com\/index.php\/wp-json\/wp\/v2\/types\/post"}],"author":[{"embeddable":true,"href":"https:\/\/www.zaglebiak.com\/index.php\/wp-json\/wp\/v2\/users\/1"}],"replies":[{"embeddable":true,"href":"https:\/\/www.zaglebiak.com\/index.php\/wp-json\/wp\/v2\/comments?post=29415"}],"version-history":[{"count":1,"href":"https:\/\/www.zaglebiak.com\/index.php\/wp-json\/wp\/v2\/posts\/29415\/revisions"}],"predecessor-version":[{"id":29416,"href":"https:\/\/www.zaglebiak.com\/index.php\/wp-json\/wp\/v2\/posts\/29415\/revisions\/29416"}],"wp:featuredmedia":[{"embeddable":true,"href":"https:\/\/www.zaglebiak.com\/index.php\/wp-json\/wp\/v2\/media\/23803"}],"wp:attachment":[{"href":"https:\/\/www.zaglebiak.com\/index.php\/wp-json\/wp\/v2\/media?parent=29415"}],"wp:term":[{"taxonomy":"category","embeddable":true,"href":"https:\/\/www.zaglebiak.com\/index.php\/wp-json\/wp\/v2\/categories?post=29415"},{"taxonomy":"post_tag","embeddable":true,"href":"https:\/\/www.zaglebiak.com\/index.php\/wp-json\/wp\/v2\/tags?post=29415"}],"curies":[{"name":"wp","href":"https:\/\/api.w.org\/{rel}","templated":true}]}}