{"id":29398,"date":"2026-03-09T02:13:00","date_gmt":"2026-03-09T01:13:00","guid":{"rendered":"https:\/\/www.zaglebiak.com\/?p=29398"},"modified":"2026-03-09T20:30:39","modified_gmt":"2026-03-09T19:30:39","slug":"9-marca-2002-r-urodzil-sie-jakub-siga-4","status":"publish","type":"post","link":"https:\/\/www.zaglebiak.com\/index.php\/2026\/03\/09\/9-marca-2002-r-urodzil-sie-jakub-siga-4\/","title":{"rendered":"9 marca urodzili si\u0119 Jakub Siga i Damian Rynio"},"content":{"rendered":"<div class=\"wp-block-image\">\n<figure class=\"aligncenter\"><img loading=\"lazy\" decoding=\"async\" width=\"600\" height=\"760\" src=\"https:\/\/64.media.tumblr.com\/44e5c508af939b7a087f99b53fa91598\/ab42c1329222ae30-7b\/s640x960\/7cacc2b6ea7f874a2fe72961ba85c88bb5276c4c.pnj\" alt=\"\" class=\"wp-image-23787\"\/><figcaption class=\"wp-element-caption\">Jakub Siga. Fot. zaglebie.com<\/figcaption><\/figure>\n<\/div>\n\n\n<p>Jakub Siga urodzi\u0142 si\u0119 9 marca 2002 roku. Wychowanek G\u00f3rnika Jaworzno trafi\u0142 do Zag\u0142\u0119bia Lubin w 2017 roku. W sezonie 2022\/2023 by\u0142 wypo\u017cyczony do Gwarka Tarnowskie G\u00f3ry, a obecnie jest zawodnikiem GKS-u Jastrz\u0119bie.<\/p>\n\n\n<div class=\"wp-block-image\">\n<figure class=\"aligncenter size-full\"><img loading=\"lazy\" decoding=\"async\" width=\"537\" height=\"480\" src=\"https:\/\/www.zaglebiak.com\/wp-content\/uploads\/2026\/03\/Damian-Rynio.jpg\" alt=\"\" class=\"wp-image-29413\" srcset=\"https:\/\/www.zaglebiak.com\/wp-content\/uploads\/2026\/03\/Damian-Rynio.jpg 537w, https:\/\/www.zaglebiak.com\/wp-content\/uploads\/2026\/03\/Damian-Rynio-300x268.jpg 300w\" sizes=\"auto, (max-width: 537px) 100vw, 537px\" \/><figcaption class=\"wp-element-caption\">Damian Rynio. Fot. z fb<\/figcaption><\/figure>\n<\/div>\n\n\n<p>Damian Rynio obchodzi dzisiaj urodziny. Trener zwi\u0105zany jest z sekcj\u0105 pi\u0142ki no\u017cnej kobiet Akademii Zag\u0142\u0119bia Lubin. Jest za\u0142o\u017cycielem Akademii FemGol Lubin. <\/p>\n\n\n\n<p><\/p>\n","protected":false},"excerpt":{"rendered":"<p>Jakub Siga urodzi\u0142 si\u0119 9 marca 2002 roku. Wychowanek G\u00f3rnika Jaworzno trafi\u0142 do Zag\u0142\u0119bia Lubin w 2017 roku. W sezonie 2022\/2023 by\u0142 wypo\u017cyczony do Gwarka Tarnowskie G\u00f3ry, a obecnie jest&hellip; <\/p>\n","protected":false},"author":1,"featured_media":23785,"comment_status":"open","ping_status":"open","sticky":false,"template":"","format":"standard","meta":{"footnotes":""},"categories":[46],"tags":[2479,478,89],"class_list":["post-29398","post","type-post","status-publish","format-standard","has-post-thumbnail","hentry","category-aktualnosci","tag-damian-rynio","tag-jakub-siga","tag-zaglebie-lubin"],"_links":{"self":[{"href":"https:\/\/www.zaglebiak.com\/index.php\/wp-json\/wp\/v2\/posts\/29398","targetHints":{"allow":["GET"]}}],"collection":[{"href":"https:\/\/www.zaglebiak.com\/index.php\/wp-json\/wp\/v2\/posts"}],"about":[{"href":"https:\/\/www.zaglebiak.com\/index.php\/wp-json\/wp\/v2\/types\/post"}],"author":[{"embeddable":true,"href":"https:\/\/www.zaglebiak.com\/index.php\/wp-json\/wp\/v2\/users\/1"}],"replies":[{"embeddable":true,"href":"https:\/\/www.zaglebiak.com\/index.php\/wp-json\/wp\/v2\/comments?post=29398"}],"version-history":[{"count":2,"href":"https:\/\/www.zaglebiak.com\/index.php\/wp-json\/wp\/v2\/posts\/29398\/revisions"}],"predecessor-version":[{"id":29414,"href":"https:\/\/www.zaglebiak.com\/index.php\/wp-json\/wp\/v2\/posts\/29398\/revisions\/29414"}],"wp:featuredmedia":[{"embeddable":true,"href":"https:\/\/www.zaglebiak.com\/index.php\/wp-json\/wp\/v2\/media\/23785"}],"wp:attachment":[{"href":"https:\/\/www.zaglebiak.com\/index.php\/wp-json\/wp\/v2\/media?parent=29398"}],"wp:term":[{"taxonomy":"category","embeddable":true,"href":"https:\/\/www.zaglebiak.com\/index.php\/wp-json\/wp\/v2\/categories?post=29398"},{"taxonomy":"post_tag","embeddable":true,"href":"https:\/\/www.zaglebiak.com\/index.php\/wp-json\/wp\/v2\/tags?post=29398"}],"curies":[{"name":"wp","href":"https:\/\/api.w.org\/{rel}","templated":true}]}}