{"id":29208,"date":"2026-01-23T15:43:00","date_gmt":"2026-01-23T14:43:00","guid":{"rendered":"https:\/\/www.zaglebiak.com\/?p=29208"},"modified":"2026-01-23T21:05:14","modified_gmt":"2026-01-23T20:05:14","slug":"wczoraj-zmarl-trener-witold-nieradko","status":"publish","type":"post","link":"https:\/\/www.zaglebiak.com\/index.php\/2026\/01\/23\/wczoraj-zmarl-trener-witold-nieradko\/","title":{"rendered":"Wczoraj zmar\u0142 trener Witold Nieradko"},"content":{"rendered":"<div class=\"wp-block-image\">\n<figure class=\"aligncenter size-full\"><img loading=\"lazy\" decoding=\"async\" width=\"1920\" height=\"1080\" src=\"https:\/\/64.media.tumblr.com\/9012fb9709cc91a0ca6cfd91cf09e748\/abc581f9ee8018ae-32\/s2048x3072\/2963d519820fbd43d1261b37702a268fd6e4e34e.jpg\" alt=\"\" class=\"wp-image-29212\"\/><figcaption class=\"wp-element-caption\">Trener Witold Nieradko ze swoimi podopiecznymi<\/figcaption><\/figure>\n<\/div>\n\n\n<p><strong>W dniu 22 stycznia 2025 roku, w wieku 77 lat, zmar\u0142 Witold Nieradko &#8211; osoba niezwykle zas\u0142u\u017cona dla hrubieszowskiego i lubi\u0144skiego sportu.<\/strong><\/p>\n\n\n\n<p>Witold Nieradko urodzi\u0142 si\u0119 1 sierpnia 1948 r. w Hrubieszowie. By\u0142 absolwentem AWF we Wroc\u0142awiu. By\u0142 trenerem Klasy I pi\u0142ki r\u0119cznej. Nale\u017ca\u0142 do pierwszych zespo\u0142\u00f3w pi\u0142ki r\u0119cznej w Hrubieszowie, zg\u0142oszony w barwach SRKS \u201eUnia\u201d w Hrubieszowie do rozgrywek w 1965 r. Gra\u0142 w klasie A, Lidze Okr\u0119gowej i Mi\u0119dzywojew\u00f3dzkiej w latach 1965 \u2013 1978. Trenowa\u0142 pod kierunkiem trenera Lucjana Szel\u0105ga i Edwarda W\u00f3jtowicza. W hrubieszowskiej dru\u017cynie by\u0142 czas, \u017ce wyst\u0119powa\u0142o czterech braci Nieradk\u00f3w: Antoni, Witold, Wies\u0142aw i Marian. By\u0142 trenerem w latach 1974 \u2013 1990 grup m\u0142odzie\u017cowych i I zespo\u0142u Unii w lidze mi\u0119dzyokr\u0119gowej, trener dru\u017cyn dziewcz\u0105t i ch\u0142opc\u00f3w w 1976 r. w Pucharze Miast \u2013 1 miejsca.\u00a0<\/p>\n\n\n\n<p>Przygotowane przez niego szkolne dru\u017cyny pi\u0142ki r\u0119cznej wielokrotnie stawa\u0142y na podium, najcz\u0119\u015bciej najwy\u017cszym, w rywalizacji powiatowej i wojew\u00f3dztwa zamojskiego.<\/p>\n\n\n\n<p>Id\u0105c w \u015blady starszego brata Antoniego Nieradko trenuj\u0105c na Huczwie pod kierunkiem Micha\u0142a Starykiewicza reprezentowa\u0142 w drugiej po\u0142owie lat 60. XX wieku hrubieszowskie p\u0142ywanie na szczeblu wojew\u00f3dzkim.  <\/p>\n\n\n\n<p>Pracowa\u0142 w SP nr 2 w Hrubieszowie w latach 1974 \u2013 1990, a nast\u0119pnie przeni\u00f3s\u0142 si\u0119 do Lubina gdzie pracowa\u0142 w SP nr 10 w Lubinie w latach 1990 \u2013 2000 oraz SP nr 7 w latach 2011 \u2013 2014. \u00a0<\/p>\n\n\n\n<p>Jego syn Micha\u0142 poszed\u0142 w \u015blady ojca i gra\u0142 na wysokim poziomie w Zag\u0142\u0119biu Lubin, a nawet by\u0142 w kadrze Polski junior\u00f3w. Obecnie jest trenerem. <\/p>\n\n\n\n<p>Jego pasja i zaanga\u017cowanie w rozw\u00f3j pi\u0142ki r\u0119cznej ukszta\u0142towa\u0142y pokolenia m\u0142odych sportowc\u00f3w. Jego ci\u0119\u017cka praca przyczyni\u0142a si\u0119 do ukszta\u0142towania struktur, kt\u00f3re pozwoli\u0142y Zag\u0142\u0119biu Lubin sta\u0107 si\u0119 jednym z najsilniejszych klub\u00f3w w Polsce.<\/p>\n\n\n\n<p>Pogrzeb odb\u0119dzie si\u0119 jutro tj. 24 stycznia o godz. 12:00 na Cmentarzu Komunalnym w Lubinie przy ul. Zacisze 2.<\/p>\n\n\n<div class=\"wp-block-image\">\n<figure class=\"aligncenter size-full\"><img loading=\"lazy\" decoding=\"async\" width=\"1471\" height=\"936\" src=\"https:\/\/64.media.tumblr.com\/79bed69eb5bc20a7c05a141b05ce5543\/abc581f9ee8018ae-01\/s2048x3072\/f657137d1046a88bd1e30dcb7e19e581c868645a.jpg\" alt=\"\" class=\"wp-image-29210\"\/><\/figure>\n<\/div>\n\n\n<p>Wyrazy wsp\u00f3\u0142czucia dla Rodziny i ca\u0142ej spo\u0142eczno\u015bci. <\/p>\n\n\n\n<p>W tek\u015bcie wykorzystano materia\u0142y z wwwlubiehrubie.pl oraz materia\u0142y od Mariusza Babicza. <\/p>\n","protected":false},"excerpt":{"rendered":"<p>W dniu 22 stycznia 2025 roku, w wieku 77 lat, zmar\u0142 Witold Nieradko &#8211; osoba niezwykle zas\u0142u\u017cona dla hrubieszowskiego i lubi\u0144skiego sportu. Witold Nieradko urodzi\u0142 si\u0119 1 sierpnia 1948 r.&hellip; <\/p>\n","protected":false},"author":1,"featured_media":29212,"comment_status":"open","ping_status":"open","sticky":false,"template":"","format":"standard","meta":{"footnotes":""},"categories":[46],"tags":[1757,2013,2463,2462,89],"class_list":["post-29208","post","type-post","status-publish","format-standard","has-post-thumbnail","hentry","category-aktualnosci","tag-mks-zaglebie-lubin","tag-sekcja-pilki-recznej","tag-unia-hrubieszow","tag-witold-nieradko","tag-zaglebie-lubin"],"_links":{"self":[{"href":"https:\/\/www.zaglebiak.com\/index.php\/wp-json\/wp\/v2\/posts\/29208","targetHints":{"allow":["GET"]}}],"collection":[{"href":"https:\/\/www.zaglebiak.com\/index.php\/wp-json\/wp\/v2\/posts"}],"about":[{"href":"https:\/\/www.zaglebiak.com\/index.php\/wp-json\/wp\/v2\/types\/post"}],"author":[{"embeddable":true,"href":"https:\/\/www.zaglebiak.com\/index.php\/wp-json\/wp\/v2\/users\/1"}],"replies":[{"embeddable":true,"href":"https:\/\/www.zaglebiak.com\/index.php\/wp-json\/wp\/v2\/comments?post=29208"}],"version-history":[{"count":1,"href":"https:\/\/www.zaglebiak.com\/index.php\/wp-json\/wp\/v2\/posts\/29208\/revisions"}],"predecessor-version":[{"id":29215,"href":"https:\/\/www.zaglebiak.com\/index.php\/wp-json\/wp\/v2\/posts\/29208\/revisions\/29215"}],"wp:featuredmedia":[{"embeddable":true,"href":"https:\/\/www.zaglebiak.com\/index.php\/wp-json\/wp\/v2\/media\/29212"}],"wp:attachment":[{"href":"https:\/\/www.zaglebiak.com\/index.php\/wp-json\/wp\/v2\/media?parent=29208"}],"wp:term":[{"taxonomy":"category","embeddable":true,"href":"https:\/\/www.zaglebiak.com\/index.php\/wp-json\/wp\/v2\/categories?post=29208"},{"taxonomy":"post_tag","embeddable":true,"href":"https:\/\/www.zaglebiak.com\/index.php\/wp-json\/wp\/v2\/tags?post=29208"}],"curies":[{"name":"wp","href":"https:\/\/api.w.org\/{rel}","templated":true}]}}