{"id":29202,"date":"2026-01-22T01:08:00","date_gmt":"2026-01-22T00:08:00","guid":{"rendered":"https:\/\/www.zaglebiak.com\/?p=29202"},"modified":"2026-01-20T21:10:40","modified_gmt":"2026-01-20T20:10:40","slug":"22-stycznia-zmarli-edmund-halamski-i-boleslaw-nowik-4","status":"publish","type":"post","link":"https:\/\/www.zaglebiak.com\/index.php\/2026\/01\/22\/22-stycznia-zmarli-edmund-halamski-i-boleslaw-nowik-4\/","title":{"rendered":"22 stycznia zmarli Edmund Halamski i Boles\u0142aw Nowik"},"content":{"rendered":"<div class=\"wp-block-image\">\n<figure class=\"aligncenter\"><img loading=\"lazy\" decoding=\"async\" width=\"1597\" height=\"1819\" src=\"https:\/\/64.media.tumblr.com\/b59657749dbb449de90e73236bec0e49\/1bebc17768a31953-8f\/s2048x3072\/4fa2fad2dce6a9890227ccd9d2133067eb33cb3b.jpg\" alt=\"\" class=\"wp-image-23018\"\/><figcaption class=\"wp-element-caption\">Nagrobek Edmunda Halamskiego<\/figcaption><\/figure>\n<\/div>\n\n\n<p>Edmund Halamski zmar\u0142 22 stycznia 1991 roku. Urodzi\u0142 si\u0119 18 pa\u017adziernika 1928 roku.Pe\u0142ni\u0142 funkcj\u0119 dyrektora Zag\u0142\u0119bia Lubin. Zawodowo zwi\u0105zany z KGHM. By\u0142 dyrektorem ds. socjalno-bytowych w dyrekcji KGHM, a nast\u0119pnie dyrektorem utworzonego Zak\u0142adu Remontowo-Monta\u017cowego. Piastowa\u0142 urz\u0105d wicewojewody legnickiego.<\/p>\n\n\n<div class=\"wp-block-image\">\n<figure class=\"aligncenter\"><img loading=\"lazy\" decoding=\"async\" width=\"516\" height=\"720\" src=\"https:\/\/64.media.tumblr.com\/59bcf334a62aaee051bca0d1ae775bf5\/2233fbfc1f5801dc-d4\/s540x810\/64a942f56c9596083c4cbe9f1f93ec958177ab73.jpg\" alt=\"\" class=\"wp-image-23006\"\/><figcaption class=\"wp-element-caption\">Boles\u0142aw Nowik. Zdj\u0119cie ze zbior\u00f3w Marcina Boratyna.<\/figcaption><\/figure>\n<\/div>\n\n\n<p>Boles\u0142aw Nowik zmar\u0142 22 stycznia 1998 roku. Zawodnik Zag\u0142\u0119bia Lubin i p\u00f3\u017aniejszy pi\u0119\u015bciarz GKS Jastrz\u0119bie. W Lubinie mia\u0142 ksyw\u0119 Szmaja od piorunuj\u0105cego uderzenia z lewej r\u0119ki.<br><br>W 1967 roku przyjecha\u0142 do Lubina z grup\u0105 trenera Buczkowskiego z Jeleniej G\u00f3ry. Jako pierwszy zawodnik Zag\u0142\u0119bia Lubin zosta\u0142 Mistrzem Dolnego \u015al\u0105ska w 1971 roku. Wygra\u0142 du\u017cy mi\u0119dzynarodowy turniej o Z\u0142oty Pas Pollusa w 1972 roku. By\u0142 r\u00f3wnie\u017c pierwszym w Lubinie reprezentantem kraju w boksie oraz zdobywc\u0105 srebrnego medalu Mistrzostw Polski w 1975 roku. Jak wspomina trener Stanis\u0142aw G\u0142adysz: \u201d Po s\u0142ynnej aferze z Komitetem Powiatowym odszed\u0142 do GKS Jastrz\u0119bie\u201d.<\/p>\n\n\n\n<p>Dzi\u0119ki uprzejmo\u015bci i pomocy Marcina Boratyna mog\u0119 przedstawi\u0107 Wam jego dalsz\u0105 karier\u0119 po przej\u015bciu do GKS Jastrz\u0119bie, gdzie boksowa\u0142 w latach 1975-1978. By\u0142 pierwszy z\u0142otym medalist\u0105 IMP w historii jastrz\u0119bskiego boksu. Mistrz Polski (1977) oraz Dru\u017cynowy Mistrz Polski z GKS (1977). Uczestnik Mistrzostw Europy (1977). Stoczy\u0142 ok. 200 walk. W Jastrz\u0119biu stoczy\u0142 46 walk ligowych (33Z, 2R, 11P).<\/p>\n\n\n\n<p>Swoj\u0105 drog\u0105 z czystym sumieniem polecam dwie ksi\u0105\u017cki, z kt\u00f3rych mo\u017cecie uzyska\u0107 wiele informacji o Boles\u0142awie Nowiku i innych bokserach \u0142\u0105cz\u0105cych lubi\u0144ski i jastrz\u0119bski boks. S\u0105 to: \u201cG\u00f3rnicze Pi\u0119\u015bci. Historia jastrz\u0119bskiego boksu\u201d Marcina Boratyna oraz \u201cZapomniani\u201d trenera Stanis\u0142awa G\u0142adysza.<\/p>\n","protected":false},"excerpt":{"rendered":"<p>Edmund Halamski zmar\u0142 22 stycznia 1991 roku. Urodzi\u0142 si\u0119 18 pa\u017adziernika 1928 roku.Pe\u0142ni\u0142 funkcj\u0119 dyrektora Zag\u0142\u0119bia Lubin. Zawodowo zwi\u0105zany z KGHM. By\u0142 dyrektorem ds. socjalno-bytowych w dyrekcji KGHM, a nast\u0119pnie&hellip; <\/p>\n","protected":false},"author":1,"featured_media":23008,"comment_status":"open","ping_status":"open","sticky":false,"template":"","format":"standard","meta":{"footnotes":""},"categories":[46],"tags":[312,1313,89],"class_list":["post-29202","post","type-post","status-publish","format-standard","has-post-thumbnail","hentry","category-aktualnosci","tag-boleslaw-nowik","tag-edmund-halamski","tag-zaglebie-lubin"],"_links":{"self":[{"href":"https:\/\/www.zaglebiak.com\/index.php\/wp-json\/wp\/v2\/posts\/29202","targetHints":{"allow":["GET"]}}],"collection":[{"href":"https:\/\/www.zaglebiak.com\/index.php\/wp-json\/wp\/v2\/posts"}],"about":[{"href":"https:\/\/www.zaglebiak.com\/index.php\/wp-json\/wp\/v2\/types\/post"}],"author":[{"embeddable":true,"href":"https:\/\/www.zaglebiak.com\/index.php\/wp-json\/wp\/v2\/users\/1"}],"replies":[{"embeddable":true,"href":"https:\/\/www.zaglebiak.com\/index.php\/wp-json\/wp\/v2\/comments?post=29202"}],"version-history":[{"count":1,"href":"https:\/\/www.zaglebiak.com\/index.php\/wp-json\/wp\/v2\/posts\/29202\/revisions"}],"predecessor-version":[{"id":29203,"href":"https:\/\/www.zaglebiak.com\/index.php\/wp-json\/wp\/v2\/posts\/29202\/revisions\/29203"}],"wp:featuredmedia":[{"embeddable":true,"href":"https:\/\/www.zaglebiak.com\/index.php\/wp-json\/wp\/v2\/media\/23008"}],"wp:attachment":[{"href":"https:\/\/www.zaglebiak.com\/index.php\/wp-json\/wp\/v2\/media?parent=29202"}],"wp:term":[{"taxonomy":"category","embeddable":true,"href":"https:\/\/www.zaglebiak.com\/index.php\/wp-json\/wp\/v2\/categories?post=29202"},{"taxonomy":"post_tag","embeddable":true,"href":"https:\/\/www.zaglebiak.com\/index.php\/wp-json\/wp\/v2\/tags?post=29202"}],"curies":[{"name":"wp","href":"https:\/\/api.w.org\/{rel}","templated":true}]}}