{"id":29200,"date":"2026-01-22T01:01:00","date_gmt":"2026-01-22T00:01:00","guid":{"rendered":"https:\/\/www.zaglebiak.com\/?p=29200"},"modified":"2026-01-20T21:08:16","modified_gmt":"2026-01-20T20:08:16","slug":"22-stycznia-urodzili-sie-michal-nalepa-damian-oko-i-pawel-kruszelnicki","status":"publish","type":"post","link":"https:\/\/www.zaglebiak.com\/index.php\/2026\/01\/22\/22-stycznia-urodzili-sie-michal-nalepa-damian-oko-i-pawel-kruszelnicki\/","title":{"rendered":"22 stycznia urodzili si\u0119 Micha\u0142 Nalepa, Damian Oko i Pawe\u0142 Kruszelnicki"},"content":{"rendered":"<div class=\"wp-block-image\">\n<figure class=\"aligncenter is-resized\"><img loading=\"lazy\" decoding=\"async\" width=\"240\" height=\"380\" src=\"https:\/\/64.media.tumblr.com\/e3ef4afe3445405a528c19263690cf6b\/c5bed68f9569d176-9d\/s250x400\/8993493cf75dd4a50100a4d3319190113a785890.jpg\" alt=\"\" class=\"wp-image-23014\" style=\"width:471px;height:auto\"\/><figcaption class=\"wp-element-caption\">Damian Oko. Fot. zaglebie.com<\/figcaption><\/figure>\n<\/div>\n\n\n<p>Damian Oko urodzi\u0142 si\u0119 22 stycznia 1997 roku w Boles\u0142awcu. Wychowanek Chrobrego Nowogrodziec trafi\u0142 do Zag\u0142\u0119bia Lubin w 2010 roku. W latach 2017-2023 by\u0142 w kadrze pierwszego zespo\u0142u. W Zag\u0142\u0119biu rozegra\u0142 38 spotka\u0144 w ESA i strzeli\u0142 1 bramk\u0119.&nbsp;Obecnie jest zawodnikiem Stali Stalowa Wola.<\/p>\n\n\n<div class=\"wp-block-image\">\n<figure class=\"aligncenter\"><img loading=\"lazy\" decoding=\"async\" width=\"500\" height=\"680\" src=\"https:\/\/64.media.tumblr.com\/a7e4c49232a913e517d6e4c0ab0326d1\/1a94ddc26bbdbd93-69\/s500x750\/104899dd39cc4deeb3ee2a4aa0836d13988fe83c.pnj\" alt=\"\" class=\"wp-image-23026\"\/><figcaption class=\"wp-element-caption\">Pawe\u0142 Kruszelnicki. Fot. zaglebie.com<\/figcaption><\/figure>\n<\/div>\n\n\n<p>Pawe\u0142 Kruszelnicki urodzi\u0142 si\u0119 22 stycznia 2003 roku. Wychowanek Sparty Prudnik do Zag\u0142\u0119bia Lubin trafi\u0142 w 2016 roku. By\u0142 zawodnikiem drugoligowych rezerw Zag\u0142\u0119bia Lubin i trenowa\u0142 z pierwsz\u0105 dru\u017cyn\u0105. Obecnie jest zawodnikiem Stali Mielec. <\/p>\n\n\n<div class=\"wp-block-image\">\n<figure class=\"aligncenter\"><img loading=\"lazy\" decoding=\"async\" width=\"320\" height=\"540\" src=\"https:\/\/64.media.tumblr.com\/385521e9de2728728f4d776be4b13f3c\/1a94ddc26bbdbd93-57\/s400x600\/032c39838c23ecbe3371aa8236a5069c94a2487a.jpg\" alt=\"\" class=\"wp-image-23024\"\/><figcaption class=\"wp-element-caption\">Micha\u0142 Nalepa. Fot. zaglebie.com<\/figcaption><\/figure>\n<\/div>\n\n\n<p>Micha\u0142 Nalepa urodzi\u0142 si\u0119 22 stycznia 1993 roku w Chrzanowie. Obro\u0144ca trafi\u0142 do nas z Lechii Gda\u0144sk. Do tej pory w ESA w barwach Zag\u0142\u0119bia Lubin rozegra\u0142 56 spotka\u0144 i strzeli\u0142 2 bramki. <\/p>\n","protected":false},"excerpt":{"rendered":"<p>Damian Oko urodzi\u0142 si\u0119 22 stycznia 1997 roku w Boles\u0142awcu. Wychowanek Chrobrego Nowogrodziec trafi\u0142 do Zag\u0142\u0119bia Lubin w 2010 roku. W latach 2017-2023 by\u0142 w kadrze pierwszego zespo\u0142u. W Zag\u0142\u0119biu&hellip; <\/p>\n","protected":false},"author":1,"featured_media":23012,"comment_status":"open","ping_status":"open","sticky":false,"template":"","format":"standard","meta":{"footnotes":""},"categories":[46],"tags":[310,1877,2068,89],"class_list":["post-29200","post","type-post","status-publish","format-standard","has-post-thumbnail","hentry","category-aktualnosci","tag-damian-oko","tag-michal-nalepa","tag-pawel-kruszelnicki","tag-zaglebie-lubin"],"_links":{"self":[{"href":"https:\/\/www.zaglebiak.com\/index.php\/wp-json\/wp\/v2\/posts\/29200","targetHints":{"allow":["GET"]}}],"collection":[{"href":"https:\/\/www.zaglebiak.com\/index.php\/wp-json\/wp\/v2\/posts"}],"about":[{"href":"https:\/\/www.zaglebiak.com\/index.php\/wp-json\/wp\/v2\/types\/post"}],"author":[{"embeddable":true,"href":"https:\/\/www.zaglebiak.com\/index.php\/wp-json\/wp\/v2\/users\/1"}],"replies":[{"embeddable":true,"href":"https:\/\/www.zaglebiak.com\/index.php\/wp-json\/wp\/v2\/comments?post=29200"}],"version-history":[{"count":1,"href":"https:\/\/www.zaglebiak.com\/index.php\/wp-json\/wp\/v2\/posts\/29200\/revisions"}],"predecessor-version":[{"id":29201,"href":"https:\/\/www.zaglebiak.com\/index.php\/wp-json\/wp\/v2\/posts\/29200\/revisions\/29201"}],"wp:featuredmedia":[{"embeddable":true,"href":"https:\/\/www.zaglebiak.com\/index.php\/wp-json\/wp\/v2\/media\/23012"}],"wp:attachment":[{"href":"https:\/\/www.zaglebiak.com\/index.php\/wp-json\/wp\/v2\/media?parent=29200"}],"wp:term":[{"taxonomy":"category","embeddable":true,"href":"https:\/\/www.zaglebiak.com\/index.php\/wp-json\/wp\/v2\/categories?post=29200"},{"taxonomy":"post_tag","embeddable":true,"href":"https:\/\/www.zaglebiak.com\/index.php\/wp-json\/wp\/v2\/tags?post=29200"}],"curies":[{"name":"wp","href":"https:\/\/api.w.org\/{rel}","templated":true}]}}