{"id":28521,"date":"2025-11-11T11:08:37","date_gmt":"2025-11-11T10:08:37","guid":{"rendered":"https:\/\/www.zaglebiak.com\/?p=28521"},"modified":"2025-11-11T11:08:43","modified_gmt":"2025-11-11T10:08:43","slug":"11-listopada-2001-r-urodzil-sie-bartosz-bialek-4","status":"publish","type":"post","link":"https:\/\/www.zaglebiak.com\/index.php\/2025\/11\/11\/11-listopada-2001-r-urodzil-sie-bartosz-bialek-4\/","title":{"rendered":"11 listopada 2001 r. urodzi\u0142 si\u0119 Bartosz Bia\u0142ek"},"content":{"rendered":"\n<figure class=\"wp-block-image\"><img loading=\"lazy\" decoding=\"async\" width=\"1920\" height=\"2880\" src=\"https:\/\/64.media.tumblr.com\/8cc37529c25a7cbc7d9e3167ee42433e\/73e3b7634bb4fb93-30\/s2048x3072\/3cdcd4596c55fde113ce07069c7d45265de466ec.jpg\" alt=\"\" class=\"wp-image-21384\"\/><figcaption class=\"wp-element-caption\">Bartosz Bia\u0142ek. Fot. zaglebie.com<\/figcaption><\/figure>\n\n\n\n<p>Bartosz Bia\u0142ek urodzi\u0142 si\u0119 11 listopada 2001 roku w Brzegu. Napastnik Stali Brzeg trafi\u0142 do Zag\u0142\u0119bia Lubin z MKS O\u0142awa. W latach 2014-2020 reprezentowa\u0142 junior\u00f3w, rezerwy i pierwsz\u0105 dru\u017cyn\u0119 Zag\u0142\u0119bia Lubin. W ESA rozegra\u0142 19 spotka\u0144 i strzeli\u0142 9 bramek. Odszed\u0142 do VfL Wolfsburg, gdzie rozegra\u0142 do tej pory 31 spotka\u0144 i strzeli\u0142 2 bramki. Na wypo\u017cyczeniu w SBV Vitesse rozegra\u0142 25 spotka\u0144 i strzeli\u0142 5 bramek. Wiosn\u0105 2024 r. by\u0142 wypo\u017cyczony do belgijskiego KAS Eupen gdzie rozegra\u0142 6 spotka\u0144 i strzeli\u0142 1 bramk\u0119. W lipcu tego roku zosta\u0142 zawodnikiem SV Darmstadt 98 graj\u0105cego w 2 Bundeslidze. <\/p>\n","protected":false},"excerpt":{"rendered":"<p>Bartosz Bia\u0142ek urodzi\u0142 si\u0119 11 listopada 2001 roku w Brzegu. Napastnik Stali Brzeg trafi\u0142 do Zag\u0142\u0119bia Lubin z MKS O\u0142awa. W latach 2014-2020 reprezentowa\u0142 junior\u00f3w, rezerwy i pierwsz\u0105 dru\u017cyn\u0119 Zag\u0142\u0119bia&hellip; <\/p>\n","protected":false},"author":1,"featured_media":21382,"comment_status":"open","ping_status":"open","sticky":false,"template":"","format":"standard","meta":{"footnotes":""},"categories":[46],"tags":[292,2446,2445,2447,1674,89],"class_list":["post-28521","post","type-post","status-publish","format-standard","has-post-thumbnail","hentry","category-aktualnosci","tag-bartosz-bialek","tag-kas-eupen","tag-sbv-vitesse","tag-sv-darmstadt-98","tag-vfl-wolfsburg","tag-zaglebie-lubin"],"_links":{"self":[{"href":"https:\/\/www.zaglebiak.com\/index.php\/wp-json\/wp\/v2\/posts\/28521","targetHints":{"allow":["GET"]}}],"collection":[{"href":"https:\/\/www.zaglebiak.com\/index.php\/wp-json\/wp\/v2\/posts"}],"about":[{"href":"https:\/\/www.zaglebiak.com\/index.php\/wp-json\/wp\/v2\/types\/post"}],"author":[{"embeddable":true,"href":"https:\/\/www.zaglebiak.com\/index.php\/wp-json\/wp\/v2\/users\/1"}],"replies":[{"embeddable":true,"href":"https:\/\/www.zaglebiak.com\/index.php\/wp-json\/wp\/v2\/comments?post=28521"}],"version-history":[{"count":1,"href":"https:\/\/www.zaglebiak.com\/index.php\/wp-json\/wp\/v2\/posts\/28521\/revisions"}],"predecessor-version":[{"id":28522,"href":"https:\/\/www.zaglebiak.com\/index.php\/wp-json\/wp\/v2\/posts\/28521\/revisions\/28522"}],"wp:featuredmedia":[{"embeddable":true,"href":"https:\/\/www.zaglebiak.com\/index.php\/wp-json\/wp\/v2\/media\/21382"}],"wp:attachment":[{"href":"https:\/\/www.zaglebiak.com\/index.php\/wp-json\/wp\/v2\/media?parent=28521"}],"wp:term":[{"taxonomy":"category","embeddable":true,"href":"https:\/\/www.zaglebiak.com\/index.php\/wp-json\/wp\/v2\/categories?post=28521"},{"taxonomy":"post_tag","embeddable":true,"href":"https:\/\/www.zaglebiak.com\/index.php\/wp-json\/wp\/v2\/tags?post=28521"}],"curies":[{"name":"wp","href":"https:\/\/api.w.org\/{rel}","templated":true}]}}