{"id":28361,"date":"2025-10-11T00:49:00","date_gmt":"2025-10-10T22:49:00","guid":{"rendered":"https:\/\/www.zaglebiak.com\/?p=28361"},"modified":"2025-10-12T08:35:42","modified_gmt":"2025-10-12T06:35:42","slug":"11-pazdziernika-urodzili-sie-boguslaw-lizak-jaroslaw-pokora-i-pawel-wozniak-5","status":"publish","type":"post","link":"https:\/\/www.zaglebiak.com\/index.php\/2025\/10\/11\/11-pazdziernika-urodzili-sie-boguslaw-lizak-jaroslaw-pokora-i-pawel-wozniak-5\/","title":{"rendered":"11 pa\u017adziernika urodzili si\u0119 Bogus\u0142aw Lizak, Jaros\u0142aw Pokora i Pawe\u0142 Wo\u017aniak"},"content":{"rendered":"<div class=\"wp-block-image\">\n<figure class=\"aligncenter\"><img loading=\"lazy\" decoding=\"async\" width=\"640\" height=\"767\" src=\"https:\/\/www.zaglebiak.com\/wp-content\/uploads\/2023\/10\/lizak.jpg\" alt=\"\" class=\"wp-image-21005\" srcset=\"https:\/\/www.zaglebiak.com\/wp-content\/uploads\/2023\/10\/lizak.jpg 640w, https:\/\/www.zaglebiak.com\/wp-content\/uploads\/2023\/10\/lizak-250x300.jpg 250w\" sizes=\"auto, (max-width: 640px) 100vw, 640px\" \/><figcaption class=\"wp-element-caption\">Bogus\u0142aw Lizak. Fot. zaglebie.com<\/figcaption><\/figure>\n<\/div>\n\n\n<p>Bogus\u0142aw Lizak urodzi\u0142 si\u0119 11 pa\u017adziernika 1969 roku w Sk\u00f3rczu. Wychowanek Pogoni Sm\u0119towo trafi\u0142 do Zag\u0142\u0119bia Lubin z bydgoskiego Zawiszy. W latach 1996-2002 rozegra\u0142 108 spotka\u0144 i strzeli\u0142 15 bramek. Odszed\u0142 do Arki Gdynia.<\/p>\n\n\n<div class=\"wp-block-image\">\n<figure class=\"aligncenter\"><img loading=\"lazy\" decoding=\"async\" width=\"640\" height=\"953\" src=\"https:\/\/www.zaglebiak.com\/wp-content\/uploads\/2023\/10\/pokora.jpg\" alt=\"\" class=\"wp-image-21006\" srcset=\"https:\/\/www.zaglebiak.com\/wp-content\/uploads\/2023\/10\/pokora.jpg 640w, https:\/\/www.zaglebiak.com\/wp-content\/uploads\/2023\/10\/pokora-201x300.jpg 201w\" sizes=\"auto, (max-width: 640px) 100vw, 640px\" \/><figcaption class=\"wp-element-caption\">Jaros\u0142aw Pokora. Fot. Jerzy Kosi\u0144ski<\/figcaption><\/figure>\n<\/div>\n\n\n<p>Jaros\u0142aw Pokora urodzi\u0142 si\u0119 11 pa\u017adziernika 1974 roku. Wychowanek Zag\u0142\u0119bia Lubin. Zawodnik b\u0119d\u0105cy w kadrze pierwszego zespo\u0142u zdobywaj\u0105cego pierwsze Mistrzostwo Polski dla Zag\u0142\u0119bia Lubin. Reprezentant Polski w kadrach juniorskich U-16, U-17 i U-18. Pi\u0142karz m.in. Miedzi Legnica, Chrobrego G\u0142og\u00f3w czy FC Sarrebourg.<\/p>\n\n\n\n<figure class=\"wp-block-embed is-type-wp-embed is-provider-zag-biak wp-block-embed-zag-biak\"><div class=\"wp-block-embed__wrapper\">\n<blockquote class=\"wp-embedded-content\" data-secret=\"owe4LvRtBn\"><a href=\"https:\/\/www.zaglebiak.com\/index.php\/2020\/10\/14\/jaroslaw-pokora\/\">Jaros\u0142aw Pokora<\/a><\/blockquote><iframe loading=\"lazy\" class=\"wp-embedded-content\" sandbox=\"allow-scripts\" security=\"restricted\" style=\"position: absolute; visibility: hidden;\" title=\"&#8222;Jaros\u0142aw Pokora&#8221; &#8212; Zag\u0142\u0119biak\" src=\"https:\/\/www.zaglebiak.com\/index.php\/2020\/10\/14\/jaroslaw-pokora\/embed\/#?secret=1uuspS06u7#?secret=owe4LvRtBn\" data-secret=\"owe4LvRtBn\" width=\"600\" height=\"338\" frameborder=\"0\" marginwidth=\"0\" marginheight=\"0\" scrolling=\"no\"><\/iframe>\n<\/div><\/figure>\n\n\n<div class=\"wp-block-image\">\n<figure class=\"aligncenter\"><img loading=\"lazy\" decoding=\"async\" width=\"640\" height=\"514\" src=\"https:\/\/www.zaglebiak.com\/wp-content\/uploads\/2023\/10\/wozniak.jpg\" alt=\"\" class=\"wp-image-21007\" srcset=\"https:\/\/www.zaglebiak.com\/wp-content\/uploads\/2023\/10\/wozniak.jpg 640w, https:\/\/www.zaglebiak.com\/wp-content\/uploads\/2023\/10\/wozniak-300x241.jpg 300w\" sizes=\"auto, (max-width: 640px) 100vw, 640px\" \/><figcaption class=\"wp-element-caption\">Pawe\u0142 Wo\u017aniak<\/figcaption><\/figure>\n<\/div>\n\n\n<p>Pawe\u0142 Wo\u017aniak urodzi\u0142 si\u0119 11 pa\u017adziernika 1978 roku w G\u0142ogowie. Wychowanek Chrobrego G\u0142og\u00f3w do Zag\u0142\u0119bia Lubin trafi\u0142 w 1997 roku. Rozegra\u0142 8 spotka\u0144 i odszed\u0142 do Legii Warszawa. Reprezentowa\u0142 r\u00f3wnie\u017c austriacki ASKO Pasching, Orlen P\u0142ock, \u015al\u0105sk Wroc\u0142aw, Podbeskidzie, Promie\u0144 \u017bary, Heko Czermno, Skalnik Gracze, Mied\u017a Legnic\u0119. Karier\u0119 ko\u0144czy\u0142 w G\u0142ogowie, gdzie p\u00f3\u017aniej pracowa\u0142 jako trener dru\u017cyn m\u0142odzie\u017cowych.<\/p>\n","protected":false},"excerpt":{"rendered":"<p>Bogus\u0142aw Lizak urodzi\u0142 si\u0119 11 pa\u017adziernika 1969 roku w Sk\u00f3rczu. Wychowanek Pogoni Sm\u0119towo trafi\u0142 do Zag\u0142\u0119bia Lubin z bydgoskiego Zawiszy. W latach 1996-2002 rozegra\u0142 108 spotka\u0144 i strzeli\u0142 15 bramek.&hellip; <\/p>\n","protected":false},"author":1,"featured_media":21005,"comment_status":"open","ping_status":"open","sticky":false,"template":"","format":"standard","meta":{"footnotes":""},"categories":[46],"tags":[1121,916,1122,89],"class_list":["post-28361","post","type-post","status-publish","format-standard","has-post-thumbnail","hentry","category-aktualnosci","tag-boguslaw-lizak","tag-jaroslaw-pokora","tag-pawel-wozniak","tag-zaglebie-lubin"],"_links":{"self":[{"href":"https:\/\/www.zaglebiak.com\/index.php\/wp-json\/wp\/v2\/posts\/28361","targetHints":{"allow":["GET"]}}],"collection":[{"href":"https:\/\/www.zaglebiak.com\/index.php\/wp-json\/wp\/v2\/posts"}],"about":[{"href":"https:\/\/www.zaglebiak.com\/index.php\/wp-json\/wp\/v2\/types\/post"}],"author":[{"embeddable":true,"href":"https:\/\/www.zaglebiak.com\/index.php\/wp-json\/wp\/v2\/users\/1"}],"replies":[{"embeddable":true,"href":"https:\/\/www.zaglebiak.com\/index.php\/wp-json\/wp\/v2\/comments?post=28361"}],"version-history":[{"count":1,"href":"https:\/\/www.zaglebiak.com\/index.php\/wp-json\/wp\/v2\/posts\/28361\/revisions"}],"predecessor-version":[{"id":28362,"href":"https:\/\/www.zaglebiak.com\/index.php\/wp-json\/wp\/v2\/posts\/28361\/revisions\/28362"}],"wp:featuredmedia":[{"embeddable":true,"href":"https:\/\/www.zaglebiak.com\/index.php\/wp-json\/wp\/v2\/media\/21005"}],"wp:attachment":[{"href":"https:\/\/www.zaglebiak.com\/index.php\/wp-json\/wp\/v2\/media?parent=28361"}],"wp:term":[{"taxonomy":"category","embeddable":true,"href":"https:\/\/www.zaglebiak.com\/index.php\/wp-json\/wp\/v2\/categories?post=28361"},{"taxonomy":"post_tag","embeddable":true,"href":"https:\/\/www.zaglebiak.com\/index.php\/wp-json\/wp\/v2\/tags?post=28361"}],"curies":[{"name":"wp","href":"https:\/\/api.w.org\/{rel}","templated":true}]}}