{"id":28227,"date":"2025-09-09T00:27:00","date_gmt":"2025-09-08T22:27:00","guid":{"rendered":"https:\/\/www.zaglebiak.com\/?p=28227"},"modified":"2025-09-10T20:29:02","modified_gmt":"2025-09-10T18:29:02","slug":"9-wrzesnia-urodzili-sie-stefan-lewandowski-i-maksymilian-trepczynski-4","status":"publish","type":"post","link":"https:\/\/www.zaglebiak.com\/index.php\/2025\/09\/09\/9-wrzesnia-urodzili-sie-stefan-lewandowski-i-maksymilian-trepczynski-4\/","title":{"rendered":"9 wrze\u015bnia urodzili si\u0119 Stefan Lewandowski i Maksymilian Trepczy\u0144ski"},"content":{"rendered":"\n<p>Stefan Lewandowski urodzi\u0142 si\u0119 9 wrze\u015bnia 1923 roku. By\u0142 bramkarzem OMTUR Zawiszy Lubin. Zmar\u0142 14 marca 1983 roku.<\/p>\n\n\n<div class=\"wp-block-image\">\n<figure class=\"aligncenter is-resized\"><img loading=\"lazy\" decoding=\"async\" width=\"540\" height=\"360\" src=\"https:\/\/64.media.tumblr.com\/2cd1afa6160330630383764d7a75af87\/4bee92a731798b9d-71\/s540x810\/3adca6cca8b7f37d5249aecc330f6f3718ff75cd.jpg\" alt=\"\" class=\"wp-image-20688\" style=\"width:840px;height:auto\"\/><figcaption class=\"wp-element-caption\">Maksymilian Trepczy\u0144ski w \u015brodku. Fot. zaglebie.com<\/figcaption><\/figure>\n<\/div>\n\n\n<p>Maksymilian Trepczy\u0144ski urodzi\u0142 si\u0119 9 wrze\u015bnia 2002 roku w Gorzowie Wlkp. Do Zag\u0142\u0119bia Lubin trafi\u0142 z Impulsu Wawr\u00f3w. W lubi\u0144skiej dru\u017cynie reprezentowa\u0142 junior\u00f3w i rezerwy w latach 2014-2019. Odszed\u0142 do rezerw \u015al\u0105ska Wroc\u0142aw, a obecnie reprezentuje Wart\u0119 Gorz\u00f3w Wlkp.<\/p>\n","protected":false},"excerpt":{"rendered":"<p>Stefan Lewandowski urodzi\u0142 si\u0119 9 wrze\u015bnia 1923 roku. By\u0142 bramkarzem OMTUR Zawiszy Lubin. Zmar\u0142 14 marca 1983 roku. Maksymilian Trepczy\u0144ski urodzi\u0142 si\u0119 9 wrze\u015bnia 2002 roku w Gorzowie Wlkp. Do&hellip; <\/p>\n","protected":false},"author":1,"featured_media":20688,"comment_status":"open","ping_status":"open","sticky":false,"template":"","format":"standard","meta":{"footnotes":""},"categories":[46],"tags":[1628,502,89],"class_list":["post-28227","post","type-post","status-publish","format-standard","has-post-thumbnail","hentry","category-aktualnosci","tag-maximilian-trepczynski","tag-stefan-lewandowski","tag-zaglebie-lubin"],"_links":{"self":[{"href":"https:\/\/www.zaglebiak.com\/index.php\/wp-json\/wp\/v2\/posts\/28227","targetHints":{"allow":["GET"]}}],"collection":[{"href":"https:\/\/www.zaglebiak.com\/index.php\/wp-json\/wp\/v2\/posts"}],"about":[{"href":"https:\/\/www.zaglebiak.com\/index.php\/wp-json\/wp\/v2\/types\/post"}],"author":[{"embeddable":true,"href":"https:\/\/www.zaglebiak.com\/index.php\/wp-json\/wp\/v2\/users\/1"}],"replies":[{"embeddable":true,"href":"https:\/\/www.zaglebiak.com\/index.php\/wp-json\/wp\/v2\/comments?post=28227"}],"version-history":[{"count":1,"href":"https:\/\/www.zaglebiak.com\/index.php\/wp-json\/wp\/v2\/posts\/28227\/revisions"}],"predecessor-version":[{"id":28228,"href":"https:\/\/www.zaglebiak.com\/index.php\/wp-json\/wp\/v2\/posts\/28227\/revisions\/28228"}],"wp:featuredmedia":[{"embeddable":true,"href":"https:\/\/www.zaglebiak.com\/index.php\/wp-json\/wp\/v2\/media\/20688"}],"wp:attachment":[{"href":"https:\/\/www.zaglebiak.com\/index.php\/wp-json\/wp\/v2\/media?parent=28227"}],"wp:term":[{"taxonomy":"category","embeddable":true,"href":"https:\/\/www.zaglebiak.com\/index.php\/wp-json\/wp\/v2\/categories?post=28227"},{"taxonomy":"post_tag","embeddable":true,"href":"https:\/\/www.zaglebiak.com\/index.php\/wp-json\/wp\/v2\/tags?post=28227"}],"curies":[{"name":"wp","href":"https:\/\/api.w.org\/{rel}","templated":true}]}}