{"id":28223,"date":"2025-09-11T00:15:00","date_gmt":"2025-09-10T22:15:00","guid":{"rendered":"https:\/\/www.zaglebiak.com\/?p=28223"},"modified":"2025-09-10T20:22:21","modified_gmt":"2025-09-10T18:22:21","slug":"11-wrzesnia-urodzili-sie-kacper-bieszczad-jacek-worobiec-patryk-mucha-i-asmir-suljic-4","status":"publish","type":"post","link":"https:\/\/www.zaglebiak.com\/index.php\/2025\/09\/11\/11-wrzesnia-urodzili-sie-kacper-bieszczad-jacek-worobiec-patryk-mucha-i-asmir-suljic-4\/","title":{"rendered":"11 wrze\u015bnia urodzili si\u0119 Kacper Bieszczad, Jacek Worobiec, Patryk Mucha i Asmir Sulji\u0107"},"content":{"rendered":"<div class=\"wp-block-image\">\n<figure class=\"aligncenter\"><img loading=\"lazy\" decoding=\"async\" width=\"360\" height=\"550\" src=\"https:\/\/64.media.tumblr.com\/57466042d02c7a4673bb4b87da09d07b\/9b437aeeebb1ebeb-22\/s400x600\/a081d65836dd64df664dd6bc02fd8962d96ce557.jpg\" alt=\"\" class=\"wp-image-20704\"\/><figcaption class=\"wp-element-caption\">Kacper Bieszczad. Fot. zaglebie.com<\/figcaption><\/figure>\n<\/div>\n\n\n<p>Kacper Bieszczad urodzi\u0142 si\u0119 11 wrze\u015bnia 2002 roku w Kro\u015bnie. Wychowanek Beniaminka Krosno do Zag\u0142\u0119bia Lubin trafi\u0142 z Karpat Krosno w 2016 roku. Bramkarz reprezentowa\u0142 Zag\u0142\u0119bie Lubin do jesieni 2024 r. Nast\u0119pnie trafi\u0142 do portugalskiego FC Vizela, z kt\u00f3rym by\u0142 zwi\u0105zany do czerwca 2025.<\/p>\n\n\n<div class=\"wp-block-image\">\n<figure class=\"aligncenter\"><img loading=\"lazy\" decoding=\"async\" width=\"600\" height=\"760\" src=\"https:\/\/64.media.tumblr.com\/2ff7f7ca57704fb735b84284aebf3f28\/9b437aeeebb1ebeb-30\/s640x960\/9e325fcaff6fce107ebaa928956290f76b32b02d.pnj\" alt=\"\" class=\"wp-image-20702\"\/><figcaption class=\"wp-element-caption\">Jacek Worobiec. Fot. zaglebie.com<\/figcaption><\/figure>\n<\/div>\n\n\n<p>Jacek Worobiec urodzi\u0142 si\u0119 11 wrze\u015bnia 1962 roku. Jest lekarzem pierwszej dru\u017cyny Zag\u0142\u0119bia Lubin.<\/p>\n\n\n<div class=\"wp-block-image\">\n<figure class=\"aligncenter\"><img loading=\"lazy\" decoding=\"async\" width=\"330\" height=\"495\" src=\"https:\/\/64.media.tumblr.com\/2128b7c13a04b2a9ec897029e5919b77\/9b437aeeebb1ebeb-b1\/s400x600\/39bc02623b89a319a51dde9d0e9487ac883ecca3.jpg\" alt=\"\" class=\"wp-image-20706\"\/><figcaption class=\"wp-element-caption\">Patryk Mucha. Fot. zaglebie.com<\/figcaption><\/figure>\n<\/div>\n\n\n<p>Patryk Mucha urodzi\u0142 si\u0119 11 wrze\u015bnia 1997 roku w G\u0142ogowie. Pomocnik do Zag\u0142\u0119bia Lubin trafi\u0142 z UKP Zielona G\u00f3ra. W latach 2013-2019 reprezentowa\u0142 rezerwy oraz pierwsz\u0105 dru\u017cyn\u0119 Zag\u0142\u0119bia Lubin. Obecnie jest zawodnikiem&nbsp;Chrobrego G\u0142og\u00f3w.<\/p>\n\n\n<div class=\"wp-block-image\">\n<figure class=\"aligncenter\"><img loading=\"lazy\" decoding=\"async\" width=\"960\" height=\"641\" src=\"https:\/\/64.media.tumblr.com\/218a34dfc5a4638c25fe043f405d20fd\/9b437aeeebb1ebeb-86\/s1280x1920\/e3e48a591ef1b73aa2b5435c0cbc84e2209b2af2.jpg\" alt=\"\" class=\"wp-image-20700\"\/><figcaption class=\"wp-element-caption\">Asmir Sulji\u0107. Fot. zaglebie.com<\/figcaption><\/figure>\n<\/div>\n\n\n<p>Asmir Sulji\u0107 urodzi\u0142 si\u0119 11 wrze\u015bnia 1991 roku w Srebrenicy. W Zag\u0142\u0119biu Lubin gra\u0142 jesieni\u0105 2019 roku. Rozegra\u0142 5 spotka\u0144. Obecnie reprezentuje FK Velez Mostar.<\/p>\n","protected":false},"excerpt":{"rendered":"<p>Kacper Bieszczad urodzi\u0142 si\u0119 11 wrze\u015bnia 2002 roku w Kro\u015bnie. Wychowanek Beniaminka Krosno do Zag\u0142\u0119bia Lubin trafi\u0142 z Karpat Krosno w 2016 roku. Bramkarz reprezentowa\u0142 Zag\u0142\u0119bie Lubin do jesieni 2024&hellip; <\/p>\n","protected":false},"author":1,"featured_media":20698,"comment_status":"open","ping_status":"open","sticky":false,"template":"","format":"standard","meta":{"footnotes":""},"categories":[46],"tags":[1067,1065,1066,1068,89],"class_list":["post-28223","post","type-post","status-publish","format-standard","has-post-thumbnail","hentry","category-aktualnosci","tag-asmir-suljic","tag-jacek-worobiec","tag-kacper-bieszczad","tag-patryk-mucha","tag-zaglebie-lubin"],"_links":{"self":[{"href":"https:\/\/www.zaglebiak.com\/index.php\/wp-json\/wp\/v2\/posts\/28223","targetHints":{"allow":["GET"]}}],"collection":[{"href":"https:\/\/www.zaglebiak.com\/index.php\/wp-json\/wp\/v2\/posts"}],"about":[{"href":"https:\/\/www.zaglebiak.com\/index.php\/wp-json\/wp\/v2\/types\/post"}],"author":[{"embeddable":true,"href":"https:\/\/www.zaglebiak.com\/index.php\/wp-json\/wp\/v2\/users\/1"}],"replies":[{"embeddable":true,"href":"https:\/\/www.zaglebiak.com\/index.php\/wp-json\/wp\/v2\/comments?post=28223"}],"version-history":[{"count":1,"href":"https:\/\/www.zaglebiak.com\/index.php\/wp-json\/wp\/v2\/posts\/28223\/revisions"}],"predecessor-version":[{"id":28224,"href":"https:\/\/www.zaglebiak.com\/index.php\/wp-json\/wp\/v2\/posts\/28223\/revisions\/28224"}],"wp:featuredmedia":[{"embeddable":true,"href":"https:\/\/www.zaglebiak.com\/index.php\/wp-json\/wp\/v2\/media\/20698"}],"wp:attachment":[{"href":"https:\/\/www.zaglebiak.com\/index.php\/wp-json\/wp\/v2\/media?parent=28223"}],"wp:term":[{"taxonomy":"category","embeddable":true,"href":"https:\/\/www.zaglebiak.com\/index.php\/wp-json\/wp\/v2\/categories?post=28223"},{"taxonomy":"post_tag","embeddable":true,"href":"https:\/\/www.zaglebiak.com\/index.php\/wp-json\/wp\/v2\/tags?post=28223"}],"curies":[{"name":"wp","href":"https:\/\/api.w.org\/{rel}","templated":true}]}}