{"id":28137,"date":"2025-08-19T10:03:28","date_gmt":"2025-08-19T08:03:28","guid":{"rendered":"https:\/\/www.zaglebiak.com\/?p=28137"},"modified":"2025-08-19T10:03:33","modified_gmt":"2025-08-19T08:03:33","slug":"38-lat-temu-polska-pokonala-2-0-nrd-w-lubinie-19-sierpnia-1987-r","status":"publish","type":"post","link":"https:\/\/www.zaglebiak.com\/index.php\/2025\/08\/19\/38-lat-temu-polska-pokonala-2-0-nrd-w-lubinie-19-sierpnia-1987-r\/","title":{"rendered":"38 lat temu Polska pokona\u0142a 2-0 NRD w Lubinie 19 sierpnia 1987 r."},"content":{"rendered":"\n<p>Pierwszy raz w Lubinie pojawi\u0142a si\u0119 reprezentacja Polski w 1987 roku. Rozegra\u0142a mecz towarzyski z reprezentacj\u0105 NRD. 19 sierpnia 1987 roku w Lubinie sw\u00f3j debiut zaliczy\u0142 Adam Zejer, kt\u00f3ry by\u0142 zawodnikiem Zag\u0142\u0119bia Lubin. Wszed\u0142 na boisko w 64 minucie zmieniaj\u0105c Krzysztofa Warzych\u0119 z Ruchu Chorz\u00f3w. Polska wygra\u0142a 2:0, a bramki strzelali zawodnicy \u015al\u0105ska Wroc\u0142aw, Pawe\u0142 Kr\u00f3l i Waldemar Prusik.<\/p>\n\n\n\n<p>Sk\u0142ad Polski: J\u00f3zef Wandzik, Dariusz Kubicki, Pawe\u0142 Kr\u00f3l, Modest Boguszewski, Wies\u0142aw Cisek, Krzysztof Warzycha, Andrzej Rudy, Waldemar Prusik, Jan Urban, Dariusz Marciniak, Marek Le\u015bniak. Po przerwie weszli: w 45 minucie za Marciniaka, Jaros\u0142aw Araszkiewicz, w 64 za Warzych\u0119, Adam Zejer i w 84 za Urbana, Krzysztof Baran.<\/p>\n\n\n\n<p>Sk\u0142ad NRD: Ren\u00e9 M\u00fcller, Frank Rohde, Ronald Kreer, Uwe Z\u00f6tzsche, Matthias D\u00f6schner, Ralf Minge, J\u00fcrgen Raab, J\u00f6rg St\u00fcbner, Andreas Thom, Rainer Ernst, Ulf Kirsten. Po przerwie weszli: w 59 minucie za Kirstena, Hans Richter i w 81 za Ernsta, Matthias Liebers.<\/p>\n\n\n\n<p>Jak informowa\u0142y Konkrety przed meczem zadbano o atrakcj\u0119 dla kibic\u00f3w. By\u0142y pokazy akrobatyki, loty balonem czy musztra orkiestry. Dla kolekcjoner\u00f3w pami\u0105tek przygotowano specjalne stoiska z pami\u0105tkami. By\u0142y punkty gastronomiczne, kt\u00f3re dba\u0142y o g\u0142odnego i spragnionego kibica.<\/p>\n\n\n\n<figure class=\"wp-block-image\"><img loading=\"lazy\" decoding=\"async\" width=\"2048\" height=\"2625\" src=\"https:\/\/64.media.tumblr.com\/69aa0723498ff164c917b904bbf021ba\/3aaa6db55defbb62-6a\/s2048x3072\/5c041a684bfada19dc727253fd951f50d1693026.jpg\" alt=\"\" class=\"wp-image-25637\"\/><\/figure>\n\n\n\n<figure class=\"wp-block-image\"><img loading=\"lazy\" decoding=\"async\" width=\"2048\" height=\"1156\" src=\"https:\/\/64.media.tumblr.com\/092f4fd98fe7064b0cfb7fe0bdaa8999\/3aaa6db55defbb62-bf\/s2048x3072\/efde0f9f47ca3ab9e38d09fd38f220d80a36a25d.jpg\" alt=\"\" class=\"wp-image-25639\"\/><\/figure>\n\n\n\n<figure class=\"wp-block-image\"><img loading=\"lazy\" decoding=\"async\" width=\"2048\" height=\"2709\" src=\"https:\/\/64.media.tumblr.com\/447b3cffa4f44cd8dfe2db88c95593c6\/3aaa6db55defbb62-4c\/s2048x3072\/e59a25433692e9cf9912f7e6ce553ffd13dc7719.jpg\" alt=\"\" class=\"wp-image-25641\"\/><\/figure>\n\n\n\n<p>Zdj\u0119cia wykonane przez \u015ap. Janusza Budnickiego<\/p>\n\n\n\n<figure class=\"wp-block-image\"><img loading=\"lazy\" decoding=\"async\" width=\"2048\" height=\"1677\" src=\"https:\/\/64.media.tumblr.com\/3cadfd1170b09d7301845415303e6e9c\/3aaa6db55defbb62-f4\/s2048x3072\/36feba664348dd3e41caccf6cc4925697db012be.jpg\" alt=\"\" class=\"wp-image-25653\"\/><figcaption class=\"wp-element-caption\">Oryginalne zdj\u0119cie podarowane nam przez \u015ap. Janusza Budnickiego<\/figcaption><\/figure>\n\n\n\n<figure class=\"wp-block-image\"><img loading=\"lazy\" decoding=\"async\" width=\"2048\" height=\"2424\" src=\"https:\/\/64.media.tumblr.com\/3060f31d9cc9322ea541a864bc96c3af\/3aaa6db55defbb62-ec\/s2048x3072\/42d2fda4922e30366e5fbaf52c7ed19212a3bd90.jpg\" alt=\"\" class=\"wp-image-25649\"\/><\/figure>\n\n\n\n<figure class=\"wp-block-image\"><img loading=\"lazy\" decoding=\"async\" width=\"2048\" height=\"767\" src=\"https:\/\/64.media.tumblr.com\/4f6e23ddd09a9fb1242d49b96f8a60f2\/3aaa6db55defbb62-7c\/s2048x3072\/36ff3c32024259ca444e604b008c39e73898055c.jpg\" alt=\"\" class=\"wp-image-25643\"\/><\/figure>\n\n\n\n<figure class=\"wp-block-image\"><img loading=\"lazy\" decoding=\"async\" width=\"1043\" height=\"3072\" src=\"https:\/\/64.media.tumblr.com\/ac8105b2a8fb575521bc15bb851e9209\/3aaa6db55defbb62-72\/s2048x3072\/6981b9b5fbf8b7f3f1454825042c4e634350f83d.jpg\" alt=\"\" class=\"wp-image-25645\"\/><\/figure>\n\n\n\n<figure class=\"wp-block-image\"><img loading=\"lazy\" decoding=\"async\" width=\"2048\" height=\"1487\" src=\"https:\/\/64.media.tumblr.com\/71b79f767c9c0d1ca0e0940df717af1b\/3aaa6db55defbb62-92\/s2048x3072\/ec0463dd88395ab0c47fd8c304f82c00374492b8.jpg\" alt=\"\" class=\"wp-image-25651\"\/><\/figure>\n\n\n\n<p>Ciekawostki:<\/p>\n\n\n\n<p>Debiut w reprezentacji Polski w tym meczu zaliczy\u0142 Adam Zejer.<\/p>\n\n\n\n<figure class=\"wp-block-image\"><img loading=\"lazy\" decoding=\"async\" width=\"2048\" height=\"2237\" src=\"https:\/\/64.media.tumblr.com\/99e159bcd2fc32254f2267d0b27a1b50\/3aaa6db55defbb62-36\/s2048x3072\/e10d3aec8efb04dd0810ee1be498149c2ce5ee5a.jpg\" alt=\"\" class=\"wp-image-25629\"\/><\/figure>\n\n\n\n<p>Na ten mecz zorganizowano specjalny poci\u0105g, kt\u00f3ry rusza\u0142 z Piekar i podje\u017cd\u017ca\u0142 pod sam stadion.<\/p>\n\n\n\n<figure class=\"wp-block-image\"><img loading=\"lazy\" decoding=\"async\" width=\"2048\" height=\"1147\" src=\"https:\/\/64.media.tumblr.com\/ca89476fce28b923e78449284d286978\/3aaa6db55defbb62-2a\/s2048x3072\/7c2bcce12243f1ea4c9fe0c17babc884e4041430.jpg\" alt=\"\" class=\"wp-image-25631\"\/><\/figure>\n\n\n\n<p>Nasza kadra przygotowywa\u0142a si\u0119 w G\u0142ogowie, a kadra NRD mieszka\u0142a w Legnicy.<\/p>\n\n\n\n<figure class=\"wp-block-image\"><img loading=\"lazy\" decoding=\"async\" width=\"2048\" height=\"1629\" src=\"https:\/\/64.media.tumblr.com\/e7699574ab7420485483474f8281f429\/3aaa6db55defbb62-76\/s2048x3072\/f1dfb8b76877bf1d9b8df418db76b176d174e546.jpg\" alt=\"\" class=\"wp-image-25633\"\/><\/figure>\n\n\n\n<p>Pami\u0105tki z tego meczu:<\/p>\n\n\n\n<figure class=\"wp-block-embed is-type-wp-embed is-provider-zag-biak wp-block-embed-zag-biak\"><div class=\"wp-block-embed__wrapper\">\n<blockquote class=\"wp-embedded-content\" data-secret=\"rwQHGUurkU\"><a href=\"https:\/\/www.zaglebiak.com\/index.php\/2022\/12\/09\/pamiatkowy-talerz-ze-spotkania-towarzyskiego-polska-nrd-19-08-1987-lubin\/\">Pami\u0105tkowy talerz ze spotkania towarzyskiego Polska-NRD 19.08.1987 Lubin<\/a><\/blockquote><iframe loading=\"lazy\" class=\"wp-embedded-content\" sandbox=\"allow-scripts\" security=\"restricted\" style=\"position: absolute; visibility: hidden;\" title=\"&#8222;Pami\u0105tkowy talerz ze spotkania towarzyskiego Polska-NRD 19.08.1987 Lubin&#8221; &#8212; Zag\u0142\u0119biak\" src=\"https:\/\/www.zaglebiak.com\/index.php\/2022\/12\/09\/pamiatkowy-talerz-ze-spotkania-towarzyskiego-polska-nrd-19-08-1987-lubin\/embed\/#?secret=4bre8CUj4f#?secret=rwQHGUurkU\" data-secret=\"rwQHGUurkU\" width=\"600\" height=\"338\" frameborder=\"0\" marginwidth=\"0\" marginheight=\"0\" scrolling=\"no\"><\/iframe>\n<\/div><\/figure>\n\n\n\n<figure class=\"wp-block-embed is-type-wp-embed is-provider-zag-biak wp-block-embed-zag-biak\"><div class=\"wp-block-embed__wrapper\">\n<blockquote class=\"wp-embedded-content\" data-secret=\"EeX35YzDCv\"><a href=\"https:\/\/www.zaglebiak.com\/index.php\/2021\/01\/21\/okolicznosciowa-koszulka-z-meczu-polska-nrd-rozegranego-19-08-1987-w-lubinie\/\">Okoliczno\u015bciowa koszulka z meczu Polska-NRD rozegranego 19.08.1987 w Lubinie<\/a><\/blockquote><iframe loading=\"lazy\" class=\"wp-embedded-content\" sandbox=\"allow-scripts\" security=\"restricted\" style=\"position: absolute; visibility: hidden;\" title=\"&#8222;Okoliczno\u015bciowa koszulka z meczu Polska-NRD rozegranego 19.08.1987 w Lubinie&#8221; &#8212; Zag\u0142\u0119biak\" src=\"https:\/\/www.zaglebiak.com\/index.php\/2021\/01\/21\/okolicznosciowa-koszulka-z-meczu-polska-nrd-rozegranego-19-08-1987-w-lubinie\/embed\/#?secret=WiQZwxsjei#?secret=EeX35YzDCv\" data-secret=\"EeX35YzDCv\" width=\"600\" height=\"338\" frameborder=\"0\" marginwidth=\"0\" marginheight=\"0\" scrolling=\"no\"><\/iframe>\n<\/div><\/figure>\n\n\n\n<figure class=\"wp-block-embed is-type-wp-embed is-provider-zag-biak wp-block-embed-zag-biak\"><div class=\"wp-block-embed__wrapper\">\n<blockquote class=\"wp-embedded-content\" data-secret=\"vlOfhR8Ro5\"><a href=\"https:\/\/www.zaglebiak.com\/index.php\/2021\/01\/21\/proporczyk-z-meczu-polska-20-nrd-z-19-08-1987-rozegranego-w-lubinie\/\">Proporczyk z meczu Polska 2:0 NRD z 19.08.1987 rozegranego w Lubinie<\/a><\/blockquote><iframe loading=\"lazy\" class=\"wp-embedded-content\" sandbox=\"allow-scripts\" security=\"restricted\" style=\"position: absolute; visibility: hidden;\" title=\"&#8222;Proporczyk z meczu Polska 2:0 NRD z 19.08.1987 rozegranego w Lubinie&#8221; &#8212; Zag\u0142\u0119biak\" src=\"https:\/\/www.zaglebiak.com\/index.php\/2021\/01\/21\/proporczyk-z-meczu-polska-20-nrd-z-19-08-1987-rozegranego-w-lubinie\/embed\/#?secret=r82C6jvyGG#?secret=vlOfhR8Ro5\" data-secret=\"vlOfhR8Ro5\" width=\"600\" height=\"338\" frameborder=\"0\" marginwidth=\"0\" marginheight=\"0\" scrolling=\"no\"><\/iframe>\n<\/div><\/figure>\n\n\n\n<figure class=\"wp-block-embed is-type-wp-embed is-provider-zag-biak wp-block-embed-zag-biak\"><div class=\"wp-block-embed__wrapper\">\n<blockquote class=\"wp-embedded-content\" data-secret=\"RLBeG4IBI5\"><a href=\"https:\/\/www.zaglebiak.com\/index.php\/2021\/01\/21\/program-meczowy-polska-20-nrd-19-sierpnia-1987\/\">Program meczowy Polska 2:0 NRD 19 sierpnia 1987<\/a><\/blockquote><iframe loading=\"lazy\" class=\"wp-embedded-content\" sandbox=\"allow-scripts\" security=\"restricted\" style=\"position: absolute; visibility: hidden;\" title=\"&#8222;Program meczowy Polska 2:0 NRD 19 sierpnia 1987&#8221; &#8212; Zag\u0142\u0119biak\" src=\"https:\/\/www.zaglebiak.com\/index.php\/2021\/01\/21\/program-meczowy-polska-20-nrd-19-sierpnia-1987\/embed\/#?secret=TxfW9bviJ0#?secret=RLBeG4IBI5\" data-secret=\"RLBeG4IBI5\" width=\"600\" height=\"338\" frameborder=\"0\" marginwidth=\"0\" marginheight=\"0\" scrolling=\"no\"><\/iframe>\n<\/div><\/figure>\n\n\n\n<figure class=\"wp-block-embed is-type-wp-embed is-provider-zag-biak wp-block-embed-zag-biak\"><div class=\"wp-block-embed__wrapper\">\n<blockquote class=\"wp-embedded-content\" data-secret=\"X4COxl0bat\"><a href=\"https:\/\/www.zaglebiak.com\/index.php\/2021\/01\/21\/bilet-polska-nrd-z-meczu-rozegranego-w-lubinie-19-08-1987-roku\/\">Bilet Polska-NRD z meczu rozegranego w Lubinie 19.08.1987 roku<\/a><\/blockquote><iframe loading=\"lazy\" class=\"wp-embedded-content\" sandbox=\"allow-scripts\" security=\"restricted\" style=\"position: absolute; visibility: hidden;\" title=\"&#8222;Bilet Polska-NRD z meczu rozegranego w Lubinie 19.08.1987 roku&#8221; &#8212; Zag\u0142\u0119biak\" src=\"https:\/\/www.zaglebiak.com\/index.php\/2021\/01\/21\/bilet-polska-nrd-z-meczu-rozegranego-w-lubinie-19-08-1987-roku\/embed\/#?secret=QhYKXK58fI#?secret=X4COxl0bat\" data-secret=\"X4COxl0bat\" width=\"600\" height=\"338\" frameborder=\"0\" marginwidth=\"0\" marginheight=\"0\" scrolling=\"no\"><\/iframe>\n<\/div><\/figure>\n\n\n\n<p>Trener Wojciech \u0141azarek doceni\u0142 lubi\u0144skich kibic\u00f3w m\u00f3wi\u0105c: \u201eNie ukrywam, \u017ce z du\u017c\u0105 rado\u015bci\u0105 przyj\u0105\u0142em propozycj\u0119 rozegrania mi\u0119dzypa\u0144stwowego meczu reprezentacji Polski i NRD w Lubinie. W tym mie\u015bcie jest du\u017ce zainteresowanie pi\u0142k\u0105 no\u017cn\u0105, a tamtejsi kibice potrafi\u0105 we w\u0142a\u015bciwy spos\u00f3b oceni\u0107 wysi\u0142ek zawodnik\u00f3w i s\u0105 w stanie stworzy\u0107 atmosfer\u0119 widowiska sportowego\u201d.<\/p>\n\n\n\n<figure class=\"wp-block-image\"><img loading=\"lazy\" decoding=\"async\" width=\"2048\" height=\"512\" src=\"https:\/\/64.media.tumblr.com\/6ec7637668fb609759c66e98a83ccce9\/3aaa6db55defbb62-3e\/s2048x3072\/33f1181d91d489d7fb6d4defd70b4cb36a4cecdb.jpg\" alt=\"\" class=\"wp-image-25635\"\/><\/figure>\n","protected":false},"excerpt":{"rendered":"<p>Pierwszy raz w Lubinie pojawi\u0142a si\u0119 reprezentacja Polski w 1987 roku. Rozegra\u0142a mecz towarzyski z reprezentacj\u0105 NRD. 19 sierpnia 1987 roku w Lubinie sw\u00f3j debiut zaliczy\u0142 Adam Zejer, kt\u00f3ry by\u0142&hellip; <\/p>\n","protected":false},"author":1,"featured_media":25653,"comment_status":"open","ping_status":"open","sticky":false,"template":"","format":"standard","meta":{"footnotes":""},"categories":[46],"tags":[128,2415,2414,305,89],"class_list":["post-28137","post","type-post","status-publish","format-standard","has-post-thumbnail","hentry","category-aktualnosci","tag-adam-zejer","tag-kadra","tag-reprezentacja-nrd","tag-reprezentacja-polski","tag-zaglebie-lubin"],"_links":{"self":[{"href":"https:\/\/www.zaglebiak.com\/index.php\/wp-json\/wp\/v2\/posts\/28137","targetHints":{"allow":["GET"]}}],"collection":[{"href":"https:\/\/www.zaglebiak.com\/index.php\/wp-json\/wp\/v2\/posts"}],"about":[{"href":"https:\/\/www.zaglebiak.com\/index.php\/wp-json\/wp\/v2\/types\/post"}],"author":[{"embeddable":true,"href":"https:\/\/www.zaglebiak.com\/index.php\/wp-json\/wp\/v2\/users\/1"}],"replies":[{"embeddable":true,"href":"https:\/\/www.zaglebiak.com\/index.php\/wp-json\/wp\/v2\/comments?post=28137"}],"version-history":[{"count":1,"href":"https:\/\/www.zaglebiak.com\/index.php\/wp-json\/wp\/v2\/posts\/28137\/revisions"}],"predecessor-version":[{"id":28138,"href":"https:\/\/www.zaglebiak.com\/index.php\/wp-json\/wp\/v2\/posts\/28137\/revisions\/28138"}],"wp:featuredmedia":[{"embeddable":true,"href":"https:\/\/www.zaglebiak.com\/index.php\/wp-json\/wp\/v2\/media\/25653"}],"wp:attachment":[{"href":"https:\/\/www.zaglebiak.com\/index.php\/wp-json\/wp\/v2\/media?parent=28137"}],"wp:term":[{"taxonomy":"category","embeddable":true,"href":"https:\/\/www.zaglebiak.com\/index.php\/wp-json\/wp\/v2\/categories?post=28137"},{"taxonomy":"post_tag","embeddable":true,"href":"https:\/\/www.zaglebiak.com\/index.php\/wp-json\/wp\/v2\/tags?post=28137"}],"curies":[{"name":"wp","href":"https:\/\/api.w.org\/{rel}","templated":true}]}}