{"id":27881,"date":"2025-06-16T01:08:00","date_gmt":"2025-06-15T23:08:00","guid":{"rendered":"https:\/\/www.zaglebiak.com\/?p=27881"},"modified":"2025-06-16T09:39:06","modified_gmt":"2025-06-16T07:39:06","slug":"16-czerwca-urodzili-sie-zdzislaw-pietrzykowski-tomasz-pelech-i-patryk-mirkowski-4","status":"publish","type":"post","link":"https:\/\/www.zaglebiak.com\/index.php\/2025\/06\/16\/16-czerwca-urodzili-sie-zdzislaw-pietrzykowski-tomasz-pelech-i-patryk-mirkowski-4\/","title":{"rendered":"16 czerwca urodzili si\u0119 Zdzis\u0142aw Pietrzykowski, Tomasz Pe\u0142ech i Patryk Mirkowski"},"content":{"rendered":"<div class=\"wp-block-image\">\n<figure class=\"aligncenter\"><img loading=\"lazy\" decoding=\"async\" width=\"2048\" height=\"1488\" src=\"https:\/\/64.media.tumblr.com\/4e467afe8d74cff465780e706f8a6ca7\/092f73cbe6b9d88b-86\/s2048x3072\/5bf0c967076ef557e5fea660320a9bf908fb08b3.jpg\" alt=\"\" class=\"wp-image-19335\"\/><figcaption class=\"wp-element-caption\">Zdzis\u0142aw Pietrzykowski. Fot. Jerzy Kosi\u0144ski<\/figcaption><\/figure>\n<\/div>\n\n\n<p>Zdzis\u0142aw Pietrzykowski urodzi\u0142 si\u0119 16 czerwca 1962 roku w Bydgoszczy. Do Zag\u0142\u0119bia Lubin trafi\u0142 z Zawiszy Bydgoszcz. W latach 1985-1992 rozegra\u0142 w pierwszej lidze dla Zag\u0142\u0119bia 147 spotka\u0144 i strzeli\u0142 2 bramki. Mistrz Polski z 1991 roku.<\/p>\n\n\n<div class=\"wp-block-image\">\n<figure class=\"aligncenter\"><img loading=\"lazy\" decoding=\"async\" width=\"540\" height=\"684\" src=\"https:\/\/64.media.tumblr.com\/a4e2d68b5d64924d7e8008923559cf82\/092f73cbe6b9d88b-11\/s540x810\/e806bc11f23df59e7fe19a0742dbf69be1392c8c.pnj\" alt=\"\" class=\"wp-image-19331\"\/><figcaption class=\"wp-element-caption\">Tomasz Pe\u0142ech. Fot. zaglebie.com<\/figcaption><\/figure>\n<\/div>\n\n\n<p>Tomasz Pe\u0142ech urodzi\u0142 si\u0119 16 czerwca 1982 roku. By\u0142 fizjoterapeut\u0105 pierwszej dru\u017cyny Zag\u0142\u0119bia Lubin. Obecnie koordynator dzia\u0142u fizjoterapii w naszej Akademii. <\/p>\n\n\n<div class=\"wp-block-image\">\n<figure class=\"aligncenter is-resized\"><img loading=\"lazy\" decoding=\"async\" width=\"140\" height=\"160\" src=\"https:\/\/64.media.tumblr.com\/0ab3590a7b8841671035eddace58eaf7\/092f73cbe6b9d88b-94\/s250x400\/57a50f6aa228a6ea3b47673d3190d7008c19f834.jpg\" alt=\"\" class=\"wp-image-19329\" style=\"width:340px;height:auto\"\/><figcaption class=\"wp-element-caption\">Patryk Mirkowski. Fot.&nbsp;<a rel=\"noreferrer noopener\" href=\"http:\/\/motobi.futbolowo.pl\/\" target=\"_blank\">motobi.futbolowo.pl<\/a><\/figcaption><\/figure>\n<\/div>\n\n\n<p>Patryk Mirkowski urodzi\u0142 si\u0119 16 czerwca 1984 roku w Lubinie. Wychowanek Zag\u0142\u0119bia Lubin. Reprezentowa\u0142 junior\u00f3w i rezerwy Zag\u0142\u0119bia Lubin do jesieni 2003 roku. Odszed\u0142 do Prochowiczanki Prochowice. Gra\u0142 r\u00f3wnie\u017c w Polmo Ko\u017cuch\u00f3w, Iskrze Kochlice, Motobi Bystrzyca K\u0105ty Wroc\u0142awskie, Polonii \u015aroda \u015al\u0105ska i Odrze Malczyce.<\/p>\n","protected":false},"excerpt":{"rendered":"<p>Zdzis\u0142aw Pietrzykowski urodzi\u0142 si\u0119 16 czerwca 1962 roku w Bydgoszczy. Do Zag\u0142\u0119bia Lubin trafi\u0142 z Zawiszy Bydgoszcz. W latach 1985-1992 rozegra\u0142 w pierwszej lidze dla Zag\u0142\u0119bia 147 spotka\u0144 i strzeli\u0142&hellip; <\/p>\n","protected":false},"author":1,"featured_media":19333,"comment_status":"open","ping_status":"open","sticky":false,"template":"","format":"standard","meta":{"footnotes":""},"categories":[46],"tags":[1519,881,89,880],"class_list":["post-27881","post","type-post","status-publish","format-standard","has-post-thumbnail","hentry","category-aktualnosci","tag-patryk-mirkowski","tag-tomasz-pelech","tag-zaglebie-lubin","tag-zdzislaw-pietrzykowski"],"_links":{"self":[{"href":"https:\/\/www.zaglebiak.com\/index.php\/wp-json\/wp\/v2\/posts\/27881","targetHints":{"allow":["GET"]}}],"collection":[{"href":"https:\/\/www.zaglebiak.com\/index.php\/wp-json\/wp\/v2\/posts"}],"about":[{"href":"https:\/\/www.zaglebiak.com\/index.php\/wp-json\/wp\/v2\/types\/post"}],"author":[{"embeddable":true,"href":"https:\/\/www.zaglebiak.com\/index.php\/wp-json\/wp\/v2\/users\/1"}],"replies":[{"embeddable":true,"href":"https:\/\/www.zaglebiak.com\/index.php\/wp-json\/wp\/v2\/comments?post=27881"}],"version-history":[{"count":2,"href":"https:\/\/www.zaglebiak.com\/index.php\/wp-json\/wp\/v2\/posts\/27881\/revisions"}],"predecessor-version":[{"id":27888,"href":"https:\/\/www.zaglebiak.com\/index.php\/wp-json\/wp\/v2\/posts\/27881\/revisions\/27888"}],"wp:featuredmedia":[{"embeddable":true,"href":"https:\/\/www.zaglebiak.com\/index.php\/wp-json\/wp\/v2\/media\/19333"}],"wp:attachment":[{"href":"https:\/\/www.zaglebiak.com\/index.php\/wp-json\/wp\/v2\/media?parent=27881"}],"wp:term":[{"taxonomy":"category","embeddable":true,"href":"https:\/\/www.zaglebiak.com\/index.php\/wp-json\/wp\/v2\/categories?post=27881"},{"taxonomy":"post_tag","embeddable":true,"href":"https:\/\/www.zaglebiak.com\/index.php\/wp-json\/wp\/v2\/tags?post=27881"}],"curies":[{"name":"wp","href":"https:\/\/api.w.org\/{rel}","templated":true}]}}