{"id":27809,"date":"2025-05-29T05:43:00","date_gmt":"2025-05-29T03:43:00","guid":{"rendered":"https:\/\/www.zaglebiak.com\/?p=27809"},"modified":"2025-05-29T15:48:52","modified_gmt":"2025-05-29T13:48:52","slug":"29-maja-urodzili-sie-kajetan-szmyt-i-jacek-banaszynski","status":"publish","type":"post","link":"https:\/\/www.zaglebiak.com\/index.php\/2025\/05\/29\/29-maja-urodzili-sie-kajetan-szmyt-i-jacek-banaszynski\/","title":{"rendered":"29 maja urodzili si\u0119 Kajetan Szmyt i Jacek Banaszy\u0144ski"},"content":{"rendered":"<div class=\"wp-block-image\">\n<figure class=\"aligncenter size-large\"><img loading=\"lazy\" decoding=\"async\" width=\"1024\" height=\"683\" src=\"https:\/\/www.zaglebiak.com\/wp-content\/uploads\/2025\/05\/6675b08186cb3_o_original-1024x683.jpg\" alt=\"\" class=\"wp-image-27811\" srcset=\"https:\/\/www.zaglebiak.com\/wp-content\/uploads\/2025\/05\/6675b08186cb3_o_original-1024x683.jpg 1024w, https:\/\/www.zaglebiak.com\/wp-content\/uploads\/2025\/05\/6675b08186cb3_o_original-300x200.jpg 300w, https:\/\/www.zaglebiak.com\/wp-content\/uploads\/2025\/05\/6675b08186cb3_o_original-768x512.jpg 768w, https:\/\/www.zaglebiak.com\/wp-content\/uploads\/2025\/05\/6675b08186cb3_o_original-1536x1025.jpg 1536w, https:\/\/www.zaglebiak.com\/wp-content\/uploads\/2025\/05\/6675b08186cb3_o_original.jpg 1920w\" sizes=\"auto, (max-width: 1024px) 100vw, 1024px\" \/><figcaption class=\"wp-element-caption\">Kajetan Szmyt<\/figcaption><\/figure>\n<\/div>\n\n\n<p>Kajetan Szmyt urodzi\u0142 si\u0119 29 maja 2002 r. w Poznaniu. Do Zag\u0142\u0119bia Lubin trafi\u0142 z Warty Pozna\u0144. W sezonie 2024\/2025 rozegra\u0142 20 spotka\u0144 i strzeli\u0142 2 bramki. <\/p>\n\n\n<div class=\"wp-block-image\">\n<figure class=\"aligncenter\"><img loading=\"lazy\" decoding=\"async\" width=\"2048\" height=\"2731\" src=\"https:\/\/64.media.tumblr.com\/79a80f80ee130ba7128a0931589c8090\/9f633aaebdca537b-eb\/s2048x3072\/206cce3881ca13f052be4c59f5518d9e95d67d5f.jpg\" alt=\"\" class=\"wp-image-19086\"\/><figcaption class=\"wp-element-caption\">Jacek Banaszy\u0144ski. Fot. Jerzy Kosi\u0144ski<\/figcaption><\/figure>\n<\/div>\n\n\n<p>Jacek Banaszy\u0144ski urodzi\u0142 si\u0119 29 maja 1975 roku w Jaworze. Popularny Banan jest wychowankiem Zag\u0142\u0119bia Lubin. Bramkarz zwi\u0105zany z Zag\u0142\u0119biem Lubin do jesieni 1998 roku. W mi\u0119dzyczasie wypo\u017cyczany do Chrobrego G\u0142og\u00f3w, Zawiszy Bydgoszcz i G\u00f3rnika Wa\u0142brzych. P\u00f3\u017aniej reprezentowa\u0142 barwy Miedzi Legnica, G\u00f3rnika Polkowice, Polonii Warszawa, GKS Be\u0142chat\u00f3w, Jagiellonii Bia\u0142ystok, \u015al\u0105ska Wroc\u0142aw i TUR-a Bielsk Podlaski.<\/p>\n\n\n\n<figure class=\"wp-block-embed is-type-wp-embed is-provider-zag-biak wp-block-embed-zag-biak\"><div class=\"wp-block-embed__wrapper\">\n<blockquote class=\"wp-embedded-content\" data-secret=\"pvAoOetXUE\"><a href=\"https:\/\/www.zaglebiak.com\/index.php\/2020\/12\/06\/jacek-banaszynski\/\">Jacek Banaszy\u0144ski<\/a><\/blockquote><iframe loading=\"lazy\" class=\"wp-embedded-content\" sandbox=\"allow-scripts\" security=\"restricted\" style=\"position: absolute; visibility: hidden;\" title=\"&#8222;Jacek Banaszy\u0144ski&#8221; &#8212; Zag\u0142\u0119biak\" src=\"https:\/\/www.zaglebiak.com\/index.php\/2020\/12\/06\/jacek-banaszynski\/embed\/#?secret=P493yQHuyL#?secret=pvAoOetXUE\" data-secret=\"pvAoOetXUE\" width=\"600\" height=\"338\" frameborder=\"0\" marginwidth=\"0\" marginheight=\"0\" scrolling=\"no\"><\/iframe>\n<\/div><\/figure>\n","protected":false},"excerpt":{"rendered":"<p>Kajetan Szmyt urodzi\u0142 si\u0119 29 maja 2002 r. w Poznaniu. Do Zag\u0142\u0119bia Lubin trafi\u0142 z Warty Pozna\u0144. W sezonie 2024\/2025 rozegra\u0142 20 spotka\u0144 i strzeli\u0142 2 bramki. Jacek Banaszy\u0144ski urodzi\u0142&hellip; <\/p>\n","protected":false},"author":1,"featured_media":27811,"comment_status":"open","ping_status":"open","sticky":false,"template":"","format":"standard","meta":{"footnotes":""},"categories":[46],"tags":[470,2407,89],"class_list":["post-27809","post","type-post","status-publish","format-standard","has-post-thumbnail","hentry","category-aktualnosci","tag-jacek-banaszynski","tag-kajetan-szmyt","tag-zaglebie-lubin"],"_links":{"self":[{"href":"https:\/\/www.zaglebiak.com\/index.php\/wp-json\/wp\/v2\/posts\/27809","targetHints":{"allow":["GET"]}}],"collection":[{"href":"https:\/\/www.zaglebiak.com\/index.php\/wp-json\/wp\/v2\/posts"}],"about":[{"href":"https:\/\/www.zaglebiak.com\/index.php\/wp-json\/wp\/v2\/types\/post"}],"author":[{"embeddable":true,"href":"https:\/\/www.zaglebiak.com\/index.php\/wp-json\/wp\/v2\/users\/1"}],"replies":[{"embeddable":true,"href":"https:\/\/www.zaglebiak.com\/index.php\/wp-json\/wp\/v2\/comments?post=27809"}],"version-history":[{"count":1,"href":"https:\/\/www.zaglebiak.com\/index.php\/wp-json\/wp\/v2\/posts\/27809\/revisions"}],"predecessor-version":[{"id":27812,"href":"https:\/\/www.zaglebiak.com\/index.php\/wp-json\/wp\/v2\/posts\/27809\/revisions\/27812"}],"wp:featuredmedia":[{"embeddable":true,"href":"https:\/\/www.zaglebiak.com\/index.php\/wp-json\/wp\/v2\/media\/27811"}],"wp:attachment":[{"href":"https:\/\/www.zaglebiak.com\/index.php\/wp-json\/wp\/v2\/media?parent=27809"}],"wp:term":[{"taxonomy":"category","embeddable":true,"href":"https:\/\/www.zaglebiak.com\/index.php\/wp-json\/wp\/v2\/categories?post=27809"},{"taxonomy":"post_tag","embeddable":true,"href":"https:\/\/www.zaglebiak.com\/index.php\/wp-json\/wp\/v2\/tags?post=27809"}],"curies":[{"name":"wp","href":"https:\/\/api.w.org\/{rel}","templated":true}]}}