{"id":27794,"date":"2025-05-24T00:57:00","date_gmt":"2025-05-23T22:57:00","guid":{"rendered":"https:\/\/www.zaglebiak.com\/?p=27794"},"modified":"2025-05-23T08:58:30","modified_gmt":"2025-05-23T06:58:30","slug":"24-maja-urodzili-sie-kacper-chodyna-i-kazimierz-sliwonik-3","status":"publish","type":"post","link":"https:\/\/www.zaglebiak.com\/index.php\/2025\/05\/24\/24-maja-urodzili-sie-kacper-chodyna-i-kazimierz-sliwonik-3\/","title":{"rendered":"24 maja urodzili si\u0119 Kacper Chodyna i Kazimierz \u015aliwonik"},"content":{"rendered":"<div class=\"wp-block-image\">\n<figure class=\"aligncenter\"><img loading=\"lazy\" decoding=\"async\" width=\"540\" height=\"647\" src=\"https:\/\/64.media.tumblr.com\/b2136b7f2afdfc87edd71f7da2de48e8\/288dbccfebb73075-8c\/s540x810\/baefddf0e1619ef2790b8c7d68e62e7b324d522b.jpg\" alt=\"\" class=\"wp-image-18906\"\/><figcaption class=\"wp-element-caption\">Kacper Chodyna. Fot. akademiakghm.com<\/figcaption><\/figure>\n<\/div>\n\n\n<p>Kacper Chodyna urodzi\u0142 si\u0119 24 maja 1999 roku w Drawsku Pomorskim. Wychowanek Iny I\u0144sko. Do Zag\u0142\u0119bia Lubin trafi\u0142 z Lecha Pozna\u0144 wiosn\u0105 2017 roku.<\/p>\n\n\n<div class=\"wp-block-image\">\n<figure class=\"aligncenter\"><img loading=\"lazy\" decoding=\"async\" width=\"636\" height=\"960\" src=\"https:\/\/64.media.tumblr.com\/ebca4b947698005233d4bc9805ca6781\/288dbccfebb73075-0c\/s640x960\/c7cb0617a72fc12e9057bcc46a8f9197dbae1850.jpg\" alt=\"\" class=\"wp-image-18908\"\/><figcaption class=\"wp-element-caption\">Kazimierz \u015aliwonik<\/figcaption><\/figure>\n<\/div>\n\n\n<p>Kazimierz \u015aliwonik urodzi\u0142 si\u0119 24 maja 1911 roku w Cz\u0119stochowie. Przyby\u0142 do Lubina prawdopodobnie w czerwcu 1945 roku i zamieszka\u0142 na ul. Odrodzenia 16 na pierwszym pi\u0119trze. By\u0142 jednym z za\u0142o\u017cycieli klubu. Pracowa\u0142 w \u00f3wczesnym starostwie jako buchalter, czyli ksi\u0119gowy. W 1948 roku by\u0142 sekretarzem klubu. Wyjecha\u0142 z Lubina w 1948 roku z powodu oskar\u017ce\u0144 o przekazywanie pieni\u0119dzy ze starostwa na rzecz klubu. Zmar\u0142 na zawa\u0142 12 czerwca 1959 roku w Cz\u0119stochowie.<\/p>\n","protected":false},"excerpt":{"rendered":"<p>Kacper Chodyna urodzi\u0142 si\u0119 24 maja 1999 roku w Drawsku Pomorskim. Wychowanek Iny I\u0144sko. Do Zag\u0142\u0119bia Lubin trafi\u0142 z Lecha Pozna\u0144 wiosn\u0105 2017 roku. Kazimierz \u015aliwonik urodzi\u0142 si\u0119 24 maja&hellip; <\/p>\n","protected":false},"author":1,"featured_media":18906,"comment_status":"open","ping_status":"open","sticky":false,"template":"","format":"standard","meta":{"footnotes":""},"categories":[46],"tags":[391,809,89],"class_list":["post-27794","post","type-post","status-publish","format-standard","has-post-thumbnail","hentry","category-aktualnosci","tag-kacper-chodyna","tag-kazimierz-sliwonik","tag-zaglebie-lubin"],"_links":{"self":[{"href":"https:\/\/www.zaglebiak.com\/index.php\/wp-json\/wp\/v2\/posts\/27794","targetHints":{"allow":["GET"]}}],"collection":[{"href":"https:\/\/www.zaglebiak.com\/index.php\/wp-json\/wp\/v2\/posts"}],"about":[{"href":"https:\/\/www.zaglebiak.com\/index.php\/wp-json\/wp\/v2\/types\/post"}],"author":[{"embeddable":true,"href":"https:\/\/www.zaglebiak.com\/index.php\/wp-json\/wp\/v2\/users\/1"}],"replies":[{"embeddable":true,"href":"https:\/\/www.zaglebiak.com\/index.php\/wp-json\/wp\/v2\/comments?post=27794"}],"version-history":[{"count":1,"href":"https:\/\/www.zaglebiak.com\/index.php\/wp-json\/wp\/v2\/posts\/27794\/revisions"}],"predecessor-version":[{"id":27795,"href":"https:\/\/www.zaglebiak.com\/index.php\/wp-json\/wp\/v2\/posts\/27794\/revisions\/27795"}],"wp:featuredmedia":[{"embeddable":true,"href":"https:\/\/www.zaglebiak.com\/index.php\/wp-json\/wp\/v2\/media\/18906"}],"wp:attachment":[{"href":"https:\/\/www.zaglebiak.com\/index.php\/wp-json\/wp\/v2\/media?parent=27794"}],"wp:term":[{"taxonomy":"category","embeddable":true,"href":"https:\/\/www.zaglebiak.com\/index.php\/wp-json\/wp\/v2\/categories?post=27794"},{"taxonomy":"post_tag","embeddable":true,"href":"https:\/\/www.zaglebiak.com\/index.php\/wp-json\/wp\/v2\/tags?post=27794"}],"curies":[{"name":"wp","href":"https:\/\/api.w.org\/{rel}","templated":true}]}}