{"id":27536,"date":"2025-03-26T01:04:00","date_gmt":"2025-03-26T00:04:00","guid":{"rendered":"https:\/\/www.zaglebiak.com\/?p=27536"},"modified":"2025-03-25T19:28:36","modified_gmt":"2025-03-25T18:28:36","slug":"26-marca-urodzili-sie-mariusz-rzepecki-bartlomiej-wandachowicz-dawid-radzinski-i-jan-rubaszewski","status":"publish","type":"post","link":"https:\/\/www.zaglebiak.com\/index.php\/2025\/03\/26\/26-marca-urodzili-sie-mariusz-rzepecki-bartlomiej-wandachowicz-dawid-radzinski-i-jan-rubaszewski\/","title":{"rendered":"26 marca urodzili si\u0119 Mariusz Rzepecki, Bart\u0142omiej Wandachowicz, Dawid Radzi\u0144ski i Jan Rubaszewski"},"content":{"rendered":"<div class=\"wp-block-image\">\n<figure class=\"aligncenter\"><img loading=\"lazy\" decoding=\"async\" width=\"773\" height=\"587\" src=\"https:\/\/64.media.tumblr.com\/a10ec30f67640940402c070964a928f6\/5b21e1d8f83cb9eb-a9\/s1280x1920\/d5df812a4d6ab7f425d63c8c171ab4376294fc69.jpg\" alt=\"\" class=\"wp-image-17805\"\/><figcaption class=\"wp-element-caption\">Mariusz Rzepecki<\/figcaption><\/figure>\n<\/div>\n\n\n<p>Mariusz Rzepecki urodzi\u0142 si\u0119 26 marca 1984 roku w Lubinie. W Zag\u0142\u0119biu Lubin gra\u0142 w latach 2000-2007. Obecnie jest bramkarzem Stali Chocian\u00f3w.<\/p>\n\n\n<div class=\"wp-block-image\">\n<figure class=\"aligncenter is-resized\"><img loading=\"lazy\" decoding=\"async\" width=\"540\" height=\"361\" src=\"https:\/\/64.media.tumblr.com\/03ccd79391d6f4ba0ccd332e82cef6e4\/5b21e1d8f83cb9eb-1b\/s540x810\/a2a2023a4f6687a29405f0fa932e4ad7c7a493e3.jpg\" alt=\"\" class=\"wp-image-17799\" style=\"width:840px;height:auto\"\/><figcaption class=\"wp-element-caption\">Bart\u0142omiej Wandachowicz. Fot. z fb<\/figcaption><\/figure>\n<\/div>\n\n\n<p>Bart\u0142omiej Wandachowicz urodzi\u0142 si\u0119 26 marca 2006 r. w Inowroc\u0142awiu. Wychowanek Unii Janikowo trafi\u0142 do Zag\u0142\u0119bia wiosn\u0105 2021 r. z Wdy \u015awiecie. Obecnie reprezentuje rezerwy Zag\u0142\u0119bia Lubin.<\/p>\n\n\n<div class=\"wp-block-image\">\n<figure class=\"aligncenter\"><img loading=\"lazy\" decoding=\"async\" width=\"840\" height=\"454\" src=\"https:\/\/64.media.tumblr.com\/d26b0d6ed8574d8a39c2d6f1770cbb7f\/5b21e1d8f83cb9eb-ae\/s1280x1920\/f01b93c6ad6c13e87c1d3b9c7cc1d42cc0ef470f.jpg\" alt=\"\" class=\"wp-image-17801\"\/><figcaption class=\"wp-element-caption\">Dawid Radzi\u0144ski. Fot. zaglebie.com<\/figcaption><\/figure>\n<\/div>\n\n\n<p>Dawid Radzi\u0144ski urodzi\u0142 si\u0119 26 marca 2005 r. w Szczecinie. Wychowanek AP Reissa Szczecinek trafi\u0142 do Zag\u0142\u0119bia Lubin wiosn\u0105 2018 r. Obecnie jest bramkarzem Karkonoszy Jelenia G\u00f3ra.<\/p>\n\n\n<div class=\"wp-block-image\">\n<figure class=\"aligncenter is-resized\"><img loading=\"lazy\" decoding=\"async\" width=\"540\" height=\"270\" src=\"https:\/\/64.media.tumblr.com\/f29bf46d751c177f6f6370ed7e2fe8b2\/aefac645c931f1c4-6a\/s540x810\/8f232a6b6411a04cee41fbfaedf6b175ea1a0aa9.jpg\" alt=\"\" class=\"wp-image-24004\" style=\"width:840px;height:auto\"\/><figcaption class=\"wp-element-caption\">Jan Rubaszewski siedzi 2 od prawej. Fot. akademiakghm.com<\/figcaption><\/figure>\n<\/div>\n\n\n<p>Jan Rubaszewski obchodzi dzisiaj urodziny. Jest fizjoterapeut\u0105 w Akademii Zag\u0142\u0119bia Lubin.<\/p>\n","protected":false},"excerpt":{"rendered":"<p>Mariusz Rzepecki urodzi\u0142 si\u0119 26 marca 1984 roku w Lubinie. W Zag\u0142\u0119biu Lubin gra\u0142 w latach 2000-2007. Obecnie jest bramkarzem Stali Chocian\u00f3w. Bart\u0142omiej Wandachowicz urodzi\u0142 si\u0119 26 marca 2006 r.&hellip; <\/p>\n","protected":false},"author":1,"featured_media":17803,"comment_status":"open","ping_status":"open","sticky":false,"template":"","format":"standard","meta":{"footnotes":""},"categories":[46],"tags":[1398,567,2128,566,89],"class_list":["post-27536","post","type-post","status-publish","format-standard","has-post-thumbnail","hentry","category-aktualnosci","tag-bartlomiej-wandachowicz","tag-dawid-radzinski","tag-jan-rubaszewski","tag-mariusz-rzepecki","tag-zaglebie-lubin"],"_links":{"self":[{"href":"https:\/\/www.zaglebiak.com\/index.php\/wp-json\/wp\/v2\/posts\/27536","targetHints":{"allow":["GET"]}}],"collection":[{"href":"https:\/\/www.zaglebiak.com\/index.php\/wp-json\/wp\/v2\/posts"}],"about":[{"href":"https:\/\/www.zaglebiak.com\/index.php\/wp-json\/wp\/v2\/types\/post"}],"author":[{"embeddable":true,"href":"https:\/\/www.zaglebiak.com\/index.php\/wp-json\/wp\/v2\/users\/1"}],"replies":[{"embeddable":true,"href":"https:\/\/www.zaglebiak.com\/index.php\/wp-json\/wp\/v2\/comments?post=27536"}],"version-history":[{"count":1,"href":"https:\/\/www.zaglebiak.com\/index.php\/wp-json\/wp\/v2\/posts\/27536\/revisions"}],"predecessor-version":[{"id":27537,"href":"https:\/\/www.zaglebiak.com\/index.php\/wp-json\/wp\/v2\/posts\/27536\/revisions\/27537"}],"wp:featuredmedia":[{"embeddable":true,"href":"https:\/\/www.zaglebiak.com\/index.php\/wp-json\/wp\/v2\/media\/17803"}],"wp:attachment":[{"href":"https:\/\/www.zaglebiak.com\/index.php\/wp-json\/wp\/v2\/media?parent=27536"}],"wp:term":[{"taxonomy":"category","embeddable":true,"href":"https:\/\/www.zaglebiak.com\/index.php\/wp-json\/wp\/v2\/categories?post=27536"},{"taxonomy":"post_tag","embeddable":true,"href":"https:\/\/www.zaglebiak.com\/index.php\/wp-json\/wp\/v2\/tags?post=27536"}],"curies":[{"name":"wp","href":"https:\/\/api.w.org\/{rel}","templated":true}]}}