{"id":27488,"date":"2025-03-13T08:18:07","date_gmt":"2025-03-13T07:18:07","guid":{"rendered":"https:\/\/www.zaglebiak.com\/?p=27488"},"modified":"2025-03-13T08:18:12","modified_gmt":"2025-03-13T07:18:12","slug":"13-marca-urodzili-sie-kamil-kruk-lukasz-poreba-krzysztof-kazimierczak-i-michal-bogacz-2","status":"publish","type":"post","link":"https:\/\/www.zaglebiak.com\/index.php\/2025\/03\/13\/13-marca-urodzili-sie-kamil-kruk-lukasz-poreba-krzysztof-kazimierczak-i-michal-bogacz-2\/","title":{"rendered":"13 marca urodzili si\u0119 Kamil Kruk, \u0141ukasz Por\u0119ba, Krzysztof Kazimierczak i Micha\u0142 Bogacz"},"content":{"rendered":"<div class=\"wp-block-image\">\n<figure class=\"aligncenter\"><img loading=\"lazy\" decoding=\"async\" width=\"1920\" height=\"1280\" src=\"https:\/\/64.media.tumblr.com\/2b9190cfd0e91a972b69fc4d5ba52680\/9a85251dede8be45-66\/s2048x3072\/1bb81afb9eabe1f54f06706a49e1b62a1fc99e94.jpg\" alt=\"\" class=\"wp-image-17594\"\/><figcaption class=\"wp-element-caption\">Kamil Kruk. Fot. zaglebie.com<\/figcaption><\/figure>\n<\/div>\n\n\n<p>Kamil Kruk urodzi\u0142 si\u0119 13 marca 2000 roku w Drezdenku. Wychowanek Lubuszanina Drezdenko. Do Zag\u0142\u0119bia Lubin trafi\u0142 w 2013 roku. Dla Zag\u0142\u0119bia Lubin w ESA rozegra\u0142 31 spotka\u0144 i strzeli\u0142 3 bramki. Na wypo\u017cyczeniu do Stali Mielec rozegra\u0142 20 spotka\u0144 w ekstraklasie i strzeli\u0142 2 bramki. Obecnie jest zawodnikiem Motoru Lublin.<\/p>\n\n\n\n<figure class=\"wp-block-image\"><img loading=\"lazy\" decoding=\"async\" width=\"2048\" height=\"1536\" src=\"https:\/\/64.media.tumblr.com\/e1048f3f0d93880eb37ca83ca3fb1a6b\/9a85251dede8be45-9d\/s2048x3072\/c8e6513d246b4eb0985b2307b63e8ef515d45c9f.jpg\" alt=\"\" class=\"wp-image-17598\"\/><figcaption class=\"wp-element-caption\">\u0141ukasz Por\u0119ba. Fot. zaglebie.com<\/figcaption><\/figure>\n\n\n\n<p>\u0141ukasz Por\u0119ba urodzi\u0142 si\u0119 13 marca 2000 roku w Legnicy. Wychowanek Zag\u0142\u0119bia Lubin. Dla Zag\u0142\u0119bia Lubin rozegra\u0142 88 spotka\u0144 i strzeli\u0142 4 bramki w ESA. Obecnie jest zawodnikiem niemieckiego Hamburger SV.<\/p>\n\n\n<div class=\"wp-block-image\">\n<figure class=\"aligncenter\"><img loading=\"lazy\" decoding=\"async\" width=\"450\" height=\"600\" src=\"https:\/\/64.media.tumblr.com\/7e49ecf02516c1e79e781391a83f6f9b\/9a85251dede8be45-00\/s500x750\/1537fd369b476854880888a8b09c814e5e45eb60.jpg\" alt=\"\" class=\"wp-image-17596\"\/><figcaption class=\"wp-element-caption\">Krzysztof Kazimierczak. Fot. Jerzy Kosi\u0144ski<\/figcaption><\/figure>\n<\/div>\n\n\n<p>Krzysztof Kazimierczak urodzi\u0142 si\u0119 13 marca 1981 roku w Lubinie. Wychowanek Zag\u0142\u0119bia Lubin. W lubi\u0144skiej dru\u017cynie do jesieni 2003 roku. P\u00f3\u017aniej zawodnik Wis\u0142y P\u0142ock, Boavisty FC, Polonii Warszawa, G\u00f3rnika \u0141\u0119czna, G\u00f3rnika Polkowice i Prochowiczanki Prochowice.<\/p>\n\n\n\n<blockquote class=\"wp-block-quote is-layout-flow wp-block-quote-is-layout-flow\">\n<p><a href=\"https:\/\/www.zaglebiak.com\/index.php\/2020\/10\/16\/krzysztof-kazimierczak\/\">Krzysztof Kazimierczak<\/a><\/p>\n<\/blockquote>\n\n\n\n<figure class=\"wp-block-embed is-type-wp-embed is-provider-zag-biak wp-block-embed-zag-biak\"><div class=\"wp-block-embed__wrapper\">\n<blockquote class=\"wp-embedded-content\" data-secret=\"HLs8hgiS9x\"><a href=\"https:\/\/www.zaglebiak.com\/index.php\/2020\/10\/16\/krzysztof-kazimierczak\/\">Krzysztof Kazimierczak<\/a><\/blockquote><iframe loading=\"lazy\" class=\"wp-embedded-content\" sandbox=\"allow-scripts\" security=\"restricted\" style=\"position: absolute; visibility: hidden;\" title=\"&#8222;Krzysztof Kazimierczak&#8221; &#8212; Zag\u0142\u0119biak\" src=\"https:\/\/www.zaglebiak.com\/index.php\/2020\/10\/16\/krzysztof-kazimierczak\/embed\/#?secret=Ewk4DqXret#?secret=HLs8hgiS9x\" data-secret=\"HLs8hgiS9x\" width=\"600\" height=\"338\" frameborder=\"0\" marginwidth=\"0\" marginheight=\"0\" scrolling=\"no\"><\/iframe>\n<\/div><\/figure>\n\n\n<div class=\"wp-block-image\">\n<figure class=\"aligncenter\"><img loading=\"lazy\" decoding=\"async\" width=\"400\" height=\"600\" src=\"https:\/\/64.media.tumblr.com\/58b5293d492117079342459cdf723904\/9a85251dede8be45-66\/s400x600\/19138711bbd9c83957136018fda5daaed1d5f4e8.pnj\" alt=\"\" class=\"wp-image-17600\"\/><figcaption class=\"wp-element-caption\">Micha\u0142 Bogacz. Fot. zaglebie.com<\/figcaption><\/figure>\n<\/div>\n\n\n<p>Micha\u0142 Bogacz urodzi\u0142 si\u0119 13 marca 2001 roku. Wychowanek Polonii \u015aroda \u015al\u0105ska. Od 2014 roku zawodnik Zag\u0142\u0119bia Lubin. Obecnie jest zawodnikiem G\u00f3rnika Polkowice.<\/p>\n","protected":false},"excerpt":{"rendered":"<p>Kamil Kruk urodzi\u0142 si\u0119 13 marca 2000 roku w Drezdenku. Wychowanek Lubuszanina Drezdenko. Do Zag\u0142\u0119bia Lubin trafi\u0142 w 2013 roku. Dla Zag\u0142\u0119bia Lubin w ESA rozegra\u0142 31 spotka\u0144 i strzeli\u0142&hellip; <\/p>\n","protected":false},"author":1,"featured_media":17594,"comment_status":"open","ping_status":"open","sticky":false,"template":"","format":"standard","meta":{"footnotes":""},"categories":[46],"tags":[499,501,498,500,89],"class_list":["post-27488","post","type-post","status-publish","format-standard","has-post-thumbnail","hentry","category-aktualnosci","tag-kamil-kruk","tag-krzysztof-kazimierczak","tag-lukasz-poreba","tag-michal-bogacz","tag-zaglebie-lubin"],"_links":{"self":[{"href":"https:\/\/www.zaglebiak.com\/index.php\/wp-json\/wp\/v2\/posts\/27488","targetHints":{"allow":["GET"]}}],"collection":[{"href":"https:\/\/www.zaglebiak.com\/index.php\/wp-json\/wp\/v2\/posts"}],"about":[{"href":"https:\/\/www.zaglebiak.com\/index.php\/wp-json\/wp\/v2\/types\/post"}],"author":[{"embeddable":true,"href":"https:\/\/www.zaglebiak.com\/index.php\/wp-json\/wp\/v2\/users\/1"}],"replies":[{"embeddable":true,"href":"https:\/\/www.zaglebiak.com\/index.php\/wp-json\/wp\/v2\/comments?post=27488"}],"version-history":[{"count":1,"href":"https:\/\/www.zaglebiak.com\/index.php\/wp-json\/wp\/v2\/posts\/27488\/revisions"}],"predecessor-version":[{"id":27489,"href":"https:\/\/www.zaglebiak.com\/index.php\/wp-json\/wp\/v2\/posts\/27488\/revisions\/27489"}],"wp:featuredmedia":[{"embeddable":true,"href":"https:\/\/www.zaglebiak.com\/index.php\/wp-json\/wp\/v2\/media\/17594"}],"wp:attachment":[{"href":"https:\/\/www.zaglebiak.com\/index.php\/wp-json\/wp\/v2\/media?parent=27488"}],"wp:term":[{"taxonomy":"category","embeddable":true,"href":"https:\/\/www.zaglebiak.com\/index.php\/wp-json\/wp\/v2\/categories?post=27488"},{"taxonomy":"post_tag","embeddable":true,"href":"https:\/\/www.zaglebiak.com\/index.php\/wp-json\/wp\/v2\/tags?post=27488"}],"curies":[{"name":"wp","href":"https:\/\/api.w.org\/{rel}","templated":true}]}}