{"id":27423,"date":"2025-03-01T01:11:00","date_gmt":"2025-03-01T00:11:00","guid":{"rendered":"https:\/\/www.zaglebiak.com\/?p=27423"},"modified":"2025-02-28T16:14:00","modified_gmt":"2025-02-28T15:14:00","slug":"1-marca-1946-r-powstal-ks-omtur-zawisza-lubin-3","status":"publish","type":"post","link":"https:\/\/www.zaglebiak.com\/index.php\/2025\/03\/01\/1-marca-1946-r-powstal-ks-omtur-zawisza-lubin-3\/","title":{"rendered":"1 marca 1946 r. powsta\u0142 KS OMTUR &#8222;Zawisza&#8221; Lubin"},"content":{"rendered":"\n<figure class=\"wp-block-image is-resized\"><img loading=\"lazy\" decoding=\"async\" width=\"540\" height=\"400\" src=\"https:\/\/64.media.tumblr.com\/091662afbde34905534bbb4a9e4c7421\/9226e6cfce103747-22\/s540x810\/5cad6bbe4851c7957cc4bb4a7c7421fc61c220e0.jpg\" alt=\"\" class=\"wp-image-23735\" style=\"width:840px;height:auto\"\/><\/figure>\n\n\n\n<p>Dyskutowa\u0107 o dacie powstania OMTUR Lubin mo\u017cemy i p\u00f3ki nie udokumentujemy wi\u0119ksz\u0105 ilo\u015bci\u0105 dokument\u00f3w pocz\u0105tk\u00f3w klubu, to ta dyskusja b\u0119dzie \u017cywa. Pewnikiem natomiast jest fakt, \u017ce 1 marca 1946 r. powsta\u0142 KS OMTUR \u201eZawisza\u201d Lubin, kt\u00f3ry skupia\u0142 w swoich szeregach tych samych ludzi, co zak\u0142adany we wrze\u015bniu 1945 r. OMTUR w Lubinie.<\/p>\n\n\n\n<p>Je\u015bli chcecie przeczyta\u0107 szerszy kontekst powstania klubu i jego funkcjonowania w latach 1945-1946 to odsy\u0142am do artyku\u0142u, kt\u00f3ry napisa\u0142em do Kornera nr 6:<\/p>\n\n\n\n<p><a href=\"https:\/\/korneroshispn.wordpress.com\/2023\/04\/02\/korner-nr-6\/embed\/#?secret=mJFjiVw76f#?secret=cvU2Hy6Jih\">https:\/\/korneroshispn.wordpress.com\/2023\/04\/02\/korner-nr-6\/embed\/#?secret=mJFjiVw76f#?secret=cvU2Hy6Jih<\/a><\/p>\n","protected":false},"excerpt":{"rendered":"<p>Dyskutowa\u0107 o dacie powstania OMTUR Lubin mo\u017cemy i p\u00f3ki nie udokumentujemy wi\u0119ksz\u0105 ilo\u015bci\u0105 dokument\u00f3w pocz\u0105tk\u00f3w klubu, to ta dyskusja b\u0119dzie \u017cywa. Pewnikiem natomiast jest fakt, \u017ce 1 marca 1946 r.&hellip; <\/p>\n","protected":false},"author":1,"featured_media":23735,"comment_status":"open","ping_status":"open","sticky":false,"template":"","format":"standard","meta":{"footnotes":""},"categories":[46],"tags":[2379,1374,89],"class_list":["post-27423","post","type-post","status-publish","format-standard","has-post-thumbnail","hentry","category-aktualnosci","tag-01-03-1946","tag-ks-omtur-zawisza-lubin","tag-zaglebie-lubin"],"_links":{"self":[{"href":"https:\/\/www.zaglebiak.com\/index.php\/wp-json\/wp\/v2\/posts\/27423","targetHints":{"allow":["GET"]}}],"collection":[{"href":"https:\/\/www.zaglebiak.com\/index.php\/wp-json\/wp\/v2\/posts"}],"about":[{"href":"https:\/\/www.zaglebiak.com\/index.php\/wp-json\/wp\/v2\/types\/post"}],"author":[{"embeddable":true,"href":"https:\/\/www.zaglebiak.com\/index.php\/wp-json\/wp\/v2\/users\/1"}],"replies":[{"embeddable":true,"href":"https:\/\/www.zaglebiak.com\/index.php\/wp-json\/wp\/v2\/comments?post=27423"}],"version-history":[{"count":1,"href":"https:\/\/www.zaglebiak.com\/index.php\/wp-json\/wp\/v2\/posts\/27423\/revisions"}],"predecessor-version":[{"id":27424,"href":"https:\/\/www.zaglebiak.com\/index.php\/wp-json\/wp\/v2\/posts\/27423\/revisions\/27424"}],"wp:featuredmedia":[{"embeddable":true,"href":"https:\/\/www.zaglebiak.com\/index.php\/wp-json\/wp\/v2\/media\/23735"}],"wp:attachment":[{"href":"https:\/\/www.zaglebiak.com\/index.php\/wp-json\/wp\/v2\/media?parent=27423"}],"wp:term":[{"taxonomy":"category","embeddable":true,"href":"https:\/\/www.zaglebiak.com\/index.php\/wp-json\/wp\/v2\/categories?post=27423"},{"taxonomy":"post_tag","embeddable":true,"href":"https:\/\/www.zaglebiak.com\/index.php\/wp-json\/wp\/v2\/tags?post=27423"}],"curies":[{"name":"wp","href":"https:\/\/api.w.org\/{rel}","templated":true}]}}