{"id":27245,"date":"2025-02-02T01:18:00","date_gmt":"2025-02-02T00:18:00","guid":{"rendered":"https:\/\/www.zaglebiak.com\/?p=27245"},"modified":"2025-01-31T19:28:18","modified_gmt":"2025-01-31T18:28:18","slug":"2-lutego-urodzili-sie-radoslaw-kaluzny-alan-czerwinski-i-tymon-sobek-4","status":"publish","type":"post","link":"https:\/\/www.zaglebiak.com\/index.php\/2025\/02\/02\/2-lutego-urodzili-sie-radoslaw-kaluzny-alan-czerwinski-i-tymon-sobek-4\/","title":{"rendered":"2 lutego urodzili si\u0119 Rados\u0142aw Ka\u0142u\u017cny, Alan Czerwi\u0144ski i Tymon Sobek"},"content":{"rendered":"<div class=\"wp-block-image\">\n<figure class=\"aligncenter\"><img loading=\"lazy\" decoding=\"async\" width=\"584\" height=\"893\" src=\"https:\/\/64.media.tumblr.com\/550b553e808855b21d8218458571c0b7\/286c90c4eee9d4d4-3b\/s640x960\/4f8a2d31fec1ac306c705a2905395fdd51623a3e.jpg\" alt=\"\" class=\"wp-image-23240\"\/><figcaption class=\"wp-element-caption\">Rados\u0142aw Ka\u0142u\u017cny. Fot. Jerzy Kosi\u0144ski<\/figcaption><\/figure>\n<\/div>\n\n\n<p>Rados\u0142aw Ka\u0142u\u017cny urodzi\u0142 si\u0119 2 lutego 1974 roku w G\u00f3rze. Wychowanek Zag\u0142\u0119bia Lubin. W latach 1992-1997 w pierwszej dru\u017cynie rozegra\u0142 163 mecze i strzeli\u0142 22 bramki. Wiosn\u0105 1998 roku odszed\u0142 do Wis\u0142y Krak\u00f3w. Gra\u0142 w takich klubach jak:FC Energie Cottbus, TSV Bayer 04 Leverkusen, SC Rot-Weiss Essen, LR Ahlen, AEL Limassol, Jagiellonii Bia\u0142ystok i Chrobrym G\u0142og\u00f3w. W reprezentacji Polski zagra\u0142 41 spotka\u0144 i strzeli\u0142 11 bramek.<\/p>\n\n\n<div class=\"wp-block-image\">\n<figure class=\"aligncenter\"><img loading=\"lazy\" decoding=\"async\" width=\"800\" height=\"1200\" src=\"https:\/\/64.media.tumblr.com\/a4b2bbbedc7878b054a8245ab15cca24\/286c90c4eee9d4d4-94\/s1280x1920\/605049dc7371fee51b450be3e345e97836e6dd76.jpg\" alt=\"\" class=\"wp-image-23236\"\/><figcaption class=\"wp-element-caption\">Alan Czerwi\u0144ski. Fot. zaglebie.com<\/figcaption><\/figure>\n<\/div>\n\n\n<p>Alan Czerwi\u0144ski urodzi\u0142 si\u0119 2 lutego 1993 roku w Olkuszu. Do Zag\u0142\u0119bia Lubin trafi\u0142 z GKS Katowice. W latach 2017-2020 rozegra\u0142 82 mecze i strzeli\u0142 2 bramki. Obecnie reprezentuje GKS Katowice. Zadebiutowa\u0142 r\u00f3wnie\u017c w Reprezentacji Polski.<\/p>\n\n\n<div class=\"wp-block-image\">\n<figure class=\"aligncenter\"><img loading=\"lazy\" decoding=\"async\" width=\"1364\" height=\"1367\" src=\"https:\/\/64.media.tumblr.com\/8c9afe032b216cf56595d20acc774246\/286c90c4eee9d4d4-4f\/s2048x3072\/8fd7ee353b4b95bae2939894f15779fc0cde6d06.jpg\" alt=\"\" class=\"wp-image-23242\"\/><figcaption class=\"wp-element-caption\">Tymon Sobek. Fot. zaglebie.com<\/figcaption><\/figure>\n<\/div>\n\n\n<p>Tymon Sobek urodzi\u0142 si\u0119 2 lutego 2006 roku w Gliwicach. Obecnie reprezentuje U-17 graj\u0105ce w CLJ u trenera Bo\u017cyczko.<\/p>\n","protected":false},"excerpt":{"rendered":"<p>Rados\u0142aw Ka\u0142u\u017cny urodzi\u0142 si\u0119 2 lutego 1974 roku w G\u00f3rze. Wychowanek Zag\u0142\u0119bia Lubin. W latach 1992-1997 w pierwszej dru\u017cynie rozegra\u0142 163 mecze i strzeli\u0142 22 bramki. Wiosn\u0105 1998 roku odszed\u0142&hellip; <\/p>\n","protected":false},"author":1,"featured_media":23238,"comment_status":"open","ping_status":"open","sticky":false,"template":"","format":"standard","meta":{"footnotes":""},"categories":[46],"tags":[271,355,1316,89],"class_list":["post-27245","post","type-post","status-publish","format-standard","has-post-thumbnail","hentry","category-aktualnosci","tag-alan-czerwinski","tag-radoslaw-kaluzny","tag-tymon-sobek","tag-zaglebie-lubin"],"_links":{"self":[{"href":"https:\/\/www.zaglebiak.com\/index.php\/wp-json\/wp\/v2\/posts\/27245","targetHints":{"allow":["GET"]}}],"collection":[{"href":"https:\/\/www.zaglebiak.com\/index.php\/wp-json\/wp\/v2\/posts"}],"about":[{"href":"https:\/\/www.zaglebiak.com\/index.php\/wp-json\/wp\/v2\/types\/post"}],"author":[{"embeddable":true,"href":"https:\/\/www.zaglebiak.com\/index.php\/wp-json\/wp\/v2\/users\/1"}],"replies":[{"embeddable":true,"href":"https:\/\/www.zaglebiak.com\/index.php\/wp-json\/wp\/v2\/comments?post=27245"}],"version-history":[{"count":1,"href":"https:\/\/www.zaglebiak.com\/index.php\/wp-json\/wp\/v2\/posts\/27245\/revisions"}],"predecessor-version":[{"id":27246,"href":"https:\/\/www.zaglebiak.com\/index.php\/wp-json\/wp\/v2\/posts\/27245\/revisions\/27246"}],"wp:featuredmedia":[{"embeddable":true,"href":"https:\/\/www.zaglebiak.com\/index.php\/wp-json\/wp\/v2\/media\/23238"}],"wp:attachment":[{"href":"https:\/\/www.zaglebiak.com\/index.php\/wp-json\/wp\/v2\/media?parent=27245"}],"wp:term":[{"taxonomy":"category","embeddable":true,"href":"https:\/\/www.zaglebiak.com\/index.php\/wp-json\/wp\/v2\/categories?post=27245"},{"taxonomy":"post_tag","embeddable":true,"href":"https:\/\/www.zaglebiak.com\/index.php\/wp-json\/wp\/v2\/tags?post=27245"}],"curies":[{"name":"wp","href":"https:\/\/api.w.org\/{rel}","templated":true}]}}