{"id":27074,"date":"2025-01-28T00:15:00","date_gmt":"2025-01-27T23:15:00","guid":{"rendered":"https:\/\/www.zaglebiak.com\/?p=27074"},"modified":"2025-01-27T23:17:07","modified_gmt":"2025-01-27T22:17:07","slug":"28-stycznia-urodzili-sie-mateusz-drozdz-pawel-stolarski-dariusz-michaliszyn-i-william-bassey-2","status":"publish","type":"post","link":"https:\/\/www.zaglebiak.com\/index.php\/2025\/01\/28\/28-stycznia-urodzili-sie-mateusz-drozdz-pawel-stolarski-dariusz-michaliszyn-i-william-bassey-2\/","title":{"rendered":"28 stycznia urodzili si\u0119 Mateusz Dr\u00f3\u017cd\u017c, Pawe\u0142 Stolarski, Dariusz Michaliszyn i William Bassey"},"content":{"rendered":"<div class=\"wp-block-image\">\n<figure class=\"aligncenter is-resized\"><img loading=\"lazy\" decoding=\"async\" width=\"540\" height=\"360\" src=\"https:\/\/64.media.tumblr.com\/09a1b1c201940a82938eba74fff390fb\/345678215e86c088-77\/s540x810\/3731487b979d7939f48fa4fcc362744ec81a2ca8.jpg\" alt=\"\" class=\"wp-image-23207\" style=\"width:840px;height:auto\"\/><figcaption class=\"wp-element-caption\">Mateusz Dr\u00f3\u017cd\u017c. Fot. zaglebie.com<\/figcaption><\/figure>\n<\/div>\n\n\n<p>Mateusz Dr\u00f3\u017cd\u017c urodzi\u0142 si\u0119 28 stycznia 1987 roku. W latach 2015-2018 zasiada\u0142 w Radzie Nadzorczej oraz w latach 2018-2019 by\u0142 prezesem Zag\u0142\u0119bia Lubin. By\u0142y prezes Widzewa \u0141\u00f3d\u017a, a obecnie Cracovii.<\/p>\n\n\n\n<figure class=\"wp-block-embed is-type-wp-embed is-provider-zag-biak wp-block-embed-zag-biak\"><div class=\"wp-block-embed__wrapper\">\n<blockquote class=\"wp-embedded-content\" data-secret=\"Y3kg3Q0K2H\"><a href=\"https:\/\/www.zaglebiak.com\/index.php\/2020\/11\/03\/mateusz-drozdz\/\">Mateusz Dr\u00f3\u017cd\u017c<\/a><\/blockquote><iframe loading=\"lazy\" class=\"wp-embedded-content\" sandbox=\"allow-scripts\" security=\"restricted\" style=\"position: absolute; visibility: hidden;\" title=\"&#8222;Mateusz Dr\u00f3\u017cd\u017c&#8221; &#8212; Zag\u0142\u0119biak\" src=\"https:\/\/www.zaglebiak.com\/index.php\/2020\/11\/03\/mateusz-drozdz\/embed\/#?secret=IfpfgVPMg4#?secret=Y3kg3Q0K2H\" data-secret=\"Y3kg3Q0K2H\" width=\"600\" height=\"338\" frameborder=\"0\" marginwidth=\"0\" marginheight=\"0\" scrolling=\"no\"><\/iframe>\n<\/div><\/figure>\n\n\n<div class=\"wp-block-image\">\n<figure class=\"aligncenter is-resized\"><img loading=\"lazy\" decoding=\"async\" width=\"540\" height=\"304\" src=\"https:\/\/64.media.tumblr.com\/f1c7cf49a3fb8a06d97eae69e5af3b60\/345678215e86c088-4d\/s540x810\/283c83e898e79e51de007c4688fb1ff199fef390.jpg\" alt=\"\" class=\"wp-image-23205\" style=\"width:840px;height:auto\"\/><figcaption class=\"wp-element-caption\">Pawe\u0142 Stolarski. Fot. zaglebie.com<\/figcaption><\/figure>\n<\/div>\n\n\n<p>Pawe\u0142 Stolarski urodzi\u0142 si\u0119 28 stycznia 1996 roku w Krakowie. W Zag\u0142\u0119biu Lubin sp\u0119dzi\u0142 sezon 2014-2015. Obecnie reprezentuje&nbsp;Motor Lublin.<\/p>\n\n\n<div class=\"wp-block-image\">\n<figure class=\"aligncenter\"><img loading=\"lazy\" decoding=\"async\" width=\"540\" height=\"709\" src=\"https:\/\/64.media.tumblr.com\/a1721051c564586638d22b830eef81d0\/345678215e86c088-2f\/s540x810\/29ca59c0b850214d0c90227289e84a000b5a6afd.jpg\" alt=\"\" class=\"wp-image-23209\"\/><figcaption class=\"wp-element-caption\">Dariusz Michaliszyn. Rys. Mariusz Babicz<\/figcaption><\/figure>\n<\/div>\n\n\n<p>Dariusz Michaliszyn urodzi\u0142 si\u0119 28 stycznia 1965 roku w Nysie. Wychowanek Stali Nysa do Zag\u0142\u0119bia Lubin trafi\u0142 ze \u015al\u0105ska Wroc\u0142aw. Jesieni\u0105 1992 roku napastnik rozegra\u0142 dla Zag\u0142\u0119bia 17 mecz\u00f3w i strzeli\u0142 5 bramek.<\/p>\n\n\n<div class=\"wp-block-image\">\n<figure class=\"aligncenter\"><img loading=\"lazy\" decoding=\"async\" width=\"540\" height=\"720\" src=\"https:\/\/64.media.tumblr.com\/b7733cc7551917d496c51329398779de\/345678215e86c088-0c\/s540x810\/b8474bfbce7be34d5875d0611bade86f7ea66620.jpg\" alt=\"\" class=\"wp-image-23211\"\/><figcaption class=\"wp-element-caption\">William Bassey<\/figcaption><\/figure>\n<\/div>\n\n\n<p>William Bassey urodzi\u0142 si\u0119 28 stycznia 1978 roku w Port Harcourt w Nigerii. Do Zag\u0142\u0119bia Lubin trafi\u0142 z Ports PLC FC. Jesieni\u0105 1997 roku rozegra\u0142 2 mecze dla Zag\u0142\u0119bia. P\u00f3\u017aniej gra\u0142 w WKS Wielu\u0144, Polonii Bytom i Miedzi Legnica. Jesieni\u0105 2000 roku reprezentowa\u0142 rezerwy Zag\u0142\u0119bia. Wiosn\u0105 2001 roku gra\u0142 w Hutniku Warszawa.<\/p>\n","protected":false},"excerpt":{"rendered":"<p>Mateusz Dr\u00f3\u017cd\u017c urodzi\u0142 si\u0119 28 stycznia 1987 roku. W latach 2015-2018 zasiada\u0142 w Radzie Nadzorczej oraz w latach 2018-2019 by\u0142 prezesem Zag\u0142\u0119bia Lubin. By\u0142y prezes Widzewa \u0141\u00f3d\u017a, a obecnie Cracovii.&hellip; <\/p>\n","protected":false},"author":1,"featured_media":23207,"comment_status":"open","ping_status":"open","sticky":false,"template":"","format":"standard","meta":{"footnotes":""},"categories":[46],"tags":[329,327,330,328,89],"class_list":["post-27074","post","type-post","status-publish","format-standard","has-post-thumbnail","hentry","category-aktualnosci","tag-dariusz-michaliszyn","tag-mateusz-drozdz","tag-pawel-stolarski","tag-william-bassey","tag-zaglebie-lubin"],"_links":{"self":[{"href":"https:\/\/www.zaglebiak.com\/index.php\/wp-json\/wp\/v2\/posts\/27074","targetHints":{"allow":["GET"]}}],"collection":[{"href":"https:\/\/www.zaglebiak.com\/index.php\/wp-json\/wp\/v2\/posts"}],"about":[{"href":"https:\/\/www.zaglebiak.com\/index.php\/wp-json\/wp\/v2\/types\/post"}],"author":[{"embeddable":true,"href":"https:\/\/www.zaglebiak.com\/index.php\/wp-json\/wp\/v2\/users\/1"}],"replies":[{"embeddable":true,"href":"https:\/\/www.zaglebiak.com\/index.php\/wp-json\/wp\/v2\/comments?post=27074"}],"version-history":[{"count":1,"href":"https:\/\/www.zaglebiak.com\/index.php\/wp-json\/wp\/v2\/posts\/27074\/revisions"}],"predecessor-version":[{"id":27075,"href":"https:\/\/www.zaglebiak.com\/index.php\/wp-json\/wp\/v2\/posts\/27074\/revisions\/27075"}],"wp:featuredmedia":[{"embeddable":true,"href":"https:\/\/www.zaglebiak.com\/index.php\/wp-json\/wp\/v2\/media\/23207"}],"wp:attachment":[{"href":"https:\/\/www.zaglebiak.com\/index.php\/wp-json\/wp\/v2\/media?parent=27074"}],"wp:term":[{"taxonomy":"category","embeddable":true,"href":"https:\/\/www.zaglebiak.com\/index.php\/wp-json\/wp\/v2\/categories?post=27074"},{"taxonomy":"post_tag","embeddable":true,"href":"https:\/\/www.zaglebiak.com\/index.php\/wp-json\/wp\/v2\/tags?post=27074"}],"curies":[{"name":"wp","href":"https:\/\/api.w.org\/{rel}","templated":true}]}}