{"id":27056,"date":"2025-01-24T03:17:00","date_gmt":"2025-01-24T02:17:00","guid":{"rendered":"https:\/\/www.zaglebiak.com\/?p=27056"},"modified":"2025-01-25T09:38:29","modified_gmt":"2025-01-25T08:38:29","slug":"24-stycznia-urodzili-sie-slawomir-kurant-i-marcin-pietron-5","status":"publish","type":"post","link":"https:\/\/www.zaglebiak.com\/index.php\/2025\/01\/24\/24-stycznia-urodzili-sie-slawomir-kurant-i-marcin-pietron-5\/","title":{"rendered":"24 stycznia urodzili si\u0119 S\u0142awomir Kurant, Daniel Miko\u0142ajewski i Marcin Pietro\u0144"},"content":{"rendered":"<div class=\"wp-block-image\">\n<figure class=\"aligncenter is-resized\"><img loading=\"lazy\" decoding=\"async\" width=\"540\" height=\"353\" src=\"https:\/\/64.media.tumblr.com\/cde0f86cd75d1e40263e0047b242e93f\/7646982c2da3bce0-d6\/s540x810\/48f3a7fdd0b4d6fea367d824c988de284a304154.jpg\" alt=\"\" class=\"wp-image-23118\" style=\"width:840px;height:auto\"\/><figcaption class=\"wp-element-caption\">S\u0142awomir Kurant. Fot. Jerzy Kosi\u0144ski<\/figcaption><\/figure>\n<\/div>\n\n\n<p>S\u0142awomir Kurant urodzi\u0142 si\u0119 24 stycznia 1962 roku w Bogatyni. Wychowanek Granicy Bogatynia trafi\u0142 do Zag\u0142\u0119bia Lubin w 1980 roku. W lubi\u0144skiej dru\u017cynie w ekstraklasie rozegra\u0142 82 mecze i strzeli\u0142 5 bramek. Trener Pogoni \u015awierzawa, Ku\u017ani Jawor i Odry Malczyce. Zmar\u0142 18 wrze\u015bnia 2002 roku w Lubinie.<\/p>\n\n\n\n<figure class=\"wp-block-embed is-type-wp-embed is-provider-zag-biak wp-block-embed-zag-biak\"><div class=\"wp-block-embed__wrapper\">\n<blockquote class=\"wp-embedded-content\" data-secret=\"bzVIvOa02Z\"><a href=\"https:\/\/www.zaglebiak.com\/index.php\/2024\/01\/24\/slawomir-kurant-24-01-1962-18-09-2002\/\">S\u0142awomir Kurant 24.01.1962 &#8211; 18.09.2002<\/a><\/blockquote><iframe loading=\"lazy\" class=\"wp-embedded-content\" sandbox=\"allow-scripts\" security=\"restricted\" style=\"position: absolute; visibility: hidden;\" title=\"&#8222;S\u0142awomir Kurant 24.01.1962 &#8211; 18.09.2002&#8221; &#8212; Zag\u0142\u0119biak\" src=\"https:\/\/www.zaglebiak.com\/index.php\/2024\/01\/24\/slawomir-kurant-24-01-1962-18-09-2002\/embed\/#?secret=1t2fl6Fy8i#?secret=bzVIvOa02Z\" data-secret=\"bzVIvOa02Z\" width=\"600\" height=\"338\" frameborder=\"0\" marginwidth=\"0\" marginheight=\"0\" scrolling=\"no\"><\/iframe>\n<\/div><\/figure>\n\n\n<div class=\"wp-block-image\">\n<figure class=\"aligncenter size-full is-resized\"><img loading=\"lazy\" decoding=\"async\" width=\"540\" height=\"360\" src=\"https:\/\/64.media.tumblr.com\/dcb1908da0cfb8956e151baf4bef05ea\/1c7a22fa707bfc71-78\/s540x810\/71e8422b279fd0cdb25fb7cf32b10df612973ffe.jpg\" alt=\"\" class=\"wp-image-27065\" style=\"width:840px;height:auto\"\/><figcaption class=\"wp-element-caption\">Daniel Miko\u0142ajewski. Fot. zaglebie.com<\/figcaption><\/figure>\n<\/div>\n\n\n<p>Daniel Miko\u0142ajewski urodzi\u0142 si\u0119 24 stycznia 2006 r. w Nienburgu. Zawodnik wypo\u017cyczony z Parma Calcio przed sezonem. Do tej pory rozegra\u0142 8 spotka\u0144 w ESA. Reprezentant Polski dru\u017cyn m\u0142odzie\u017cowych.<\/p>\n\n\n<div class=\"wp-block-image\">\n<figure class=\"aligncenter\"><img loading=\"lazy\" decoding=\"async\" width=\"529\" height=\"533\" src=\"https:\/\/64.media.tumblr.com\/a7ea4c92148d2bb52fbb6dcfdb8f2aa2\/7646982c2da3bce0-4c\/s540x810\/30f6f1d81fec9162e86479d4fa1c4f269a9ce802.jpg\" alt=\"\" class=\"wp-image-23120\"\/><figcaption class=\"wp-element-caption\">Marcin Pietro\u0144. Fot. zaglebie.com<\/figcaption><\/figure>\n<\/div>\n\n\n<p>Marcin Pietro\u0144 urodzi\u0142 si\u0119 24 stycznia 1986 roku w Zielonej G\u00f3rze. Wychowanek UKP Zielona G\u00f3ra trafi\u0142 do Zag\u0142\u0119bia Lubin w 2003 roku. Zdobywca Mistrzostwa Polski i Superpucharu Polski z nasz\u0105 dru\u017cyn\u0105 w 2007 roku. Jesieni\u0105 2008 roku odszed\u0142 do Arki Gdynia.<\/p>\n","protected":false},"excerpt":{"rendered":"<p>S\u0142awomir Kurant urodzi\u0142 si\u0119 24 stycznia 1962 roku w Bogatyni. Wychowanek Granicy Bogatynia trafi\u0142 do Zag\u0142\u0119bia Lubin w 1980 roku. W lubi\u0144skiej dru\u017cynie w ekstraklasie rozegra\u0142 82 mecze i strzeli\u0142&hellip; <\/p>\n","protected":false},"author":1,"featured_media":23118,"comment_status":"open","ping_status":"open","sticky":false,"template":"","format":"standard","meta":{"footnotes":""},"categories":[46],"tags":[2366,318,317,89],"class_list":["post-27056","post","type-post","status-publish","format-standard","has-post-thumbnail","hentry","category-aktualnosci","tag-daniel-mikolajewski","tag-marcin-pietron","tag-slawomir-kurant","tag-zaglebie-lubin"],"_links":{"self":[{"href":"https:\/\/www.zaglebiak.com\/index.php\/wp-json\/wp\/v2\/posts\/27056","targetHints":{"allow":["GET"]}}],"collection":[{"href":"https:\/\/www.zaglebiak.com\/index.php\/wp-json\/wp\/v2\/posts"}],"about":[{"href":"https:\/\/www.zaglebiak.com\/index.php\/wp-json\/wp\/v2\/types\/post"}],"author":[{"embeddable":true,"href":"https:\/\/www.zaglebiak.com\/index.php\/wp-json\/wp\/v2\/users\/1"}],"replies":[{"embeddable":true,"href":"https:\/\/www.zaglebiak.com\/index.php\/wp-json\/wp\/v2\/comments?post=27056"}],"version-history":[{"count":3,"href":"https:\/\/www.zaglebiak.com\/index.php\/wp-json\/wp\/v2\/posts\/27056\/revisions"}],"predecessor-version":[{"id":27068,"href":"https:\/\/www.zaglebiak.com\/index.php\/wp-json\/wp\/v2\/posts\/27056\/revisions\/27068"}],"wp:featuredmedia":[{"embeddable":true,"href":"https:\/\/www.zaglebiak.com\/index.php\/wp-json\/wp\/v2\/media\/23118"}],"wp:attachment":[{"href":"https:\/\/www.zaglebiak.com\/index.php\/wp-json\/wp\/v2\/media?parent=27056"}],"wp:term":[{"taxonomy":"category","embeddable":true,"href":"https:\/\/www.zaglebiak.com\/index.php\/wp-json\/wp\/v2\/categories?post=27056"},{"taxonomy":"post_tag","embeddable":true,"href":"https:\/\/www.zaglebiak.com\/index.php\/wp-json\/wp\/v2\/tags?post=27056"}],"curies":[{"name":"wp","href":"https:\/\/api.w.org\/{rel}","templated":true}]}}