{"id":26495,"date":"2024-11-27T10:06:34","date_gmt":"2024-11-27T09:06:34","guid":{"rendered":"https:\/\/www.zaglebiak.com\/?p=26495"},"modified":"2024-11-27T10:06:36","modified_gmt":"2024-11-27T09:06:36","slug":"27-listopada-zmarli-damian-opalinski-tadeusz-sadowski-i-edward-zarczynski-3","status":"publish","type":"post","link":"https:\/\/www.zaglebiak.com\/index.php\/2024\/11\/27\/27-listopada-zmarli-damian-opalinski-tadeusz-sadowski-i-edward-zarczynski-3\/","title":{"rendered":"27 listopada zmarli Damian Opali\u0144ski, Tadeusz Sadowski i Edward \u017barczy\u0144ski"},"content":{"rendered":"<div class=\"wp-block-image\">\n<figure class=\"aligncenter\"><img loading=\"lazy\" decoding=\"async\" width=\"980\" height=\"2016\" src=\"https:\/\/64.media.tumblr.com\/310b991826d4cd63be1c9b4e2c1a83a1\/c456b8b21c6f3360-94\/s2048x3072\/a6e3f84406cf2a4fe47fcf15c455c5541adec390.jpg\" alt=\"\" class=\"wp-image-21684\"\/><\/figure>\n<\/div>\n\n\n<p>Damian \u201eOpal\u201d Opali\u0144ski zmar\u0142 27 listopada 2018 roku. Zmar\u0142 w wypadku na oddziale G-25 w kopalni Rudna P\u00f3\u0142nocna. Od dzieciaka fanatyk Zag\u0142\u0119bia Lubin, kt\u00f3ry wsp\u00f3\u0142tworzy\u0142 ruch kibicowski w Lubinie.<\/p>\n\n\n<div class=\"wp-block-image\">\n<figure class=\"aligncenter\"><img loading=\"lazy\" decoding=\"async\" width=\"2048\" height=\"2048\" src=\"https:\/\/64.media.tumblr.com\/62573466ffc9947687db8b16bc225300\/37d422c87ac1cf35-8e\/s2048x3072\/b6ee2da5e53f2ba71e66ea0dae9d0afc2d77ef26.jpg\" alt=\"\" class=\"wp-image-21682\"\/><\/figure>\n<\/div>\n\n\n<p>Tadeusz Sadowski zmar\u0142 27 listopada 2011 roku w Lubinie. By\u0142 zawodnikiem Zag\u0142\u0119bia Lubin i G\u00f3rnika Polkowice. Urodzi\u0142 si\u0119 2 stycznia 1948 roku. Pochowany jest na cmentarzu w Lubinie.<\/p>\n\n\n<div class=\"wp-block-image\">\n<figure class=\"aligncenter\"><img loading=\"lazy\" decoding=\"async\" width=\"540\" height=\"720\" src=\"https:\/\/64.media.tumblr.com\/1c3ca2e576296ed80ba9175009b7e583\/37d422c87ac1cf35-4f\/s540x810\/482ec05b4cd66942d547f870ddaba492b4b12527.jpg\" alt=\"\" class=\"wp-image-21680\"\/><\/figure>\n<\/div>\n\n\n<p>Edward \u017barczy\u0144ski zmar\u0142 27 listopada 1974 roku w Lubinie. By\u0142 zawodnikiem Zawiszy Lubin oraz s\u0119dzi\u0105 pi\u0142karskim. Urodzi\u0142 si\u0119 27 listopada 1932 roku w Ha\u0142ach w dawnym ZSRR. Pochowany jest w Lubinie.<\/p>\n","protected":false},"excerpt":{"rendered":"<p>Damian \u201eOpal\u201d Opali\u0144ski zmar\u0142 27 listopada 2018 roku. Zmar\u0142 w wypadku na oddziale G-25 w kopalni Rudna P\u00f3\u0142nocna. Od dzieciaka fanatyk Zag\u0142\u0119bia Lubin, kt\u00f3ry wsp\u00f3\u0142tworzy\u0142 ruch kibicowski w Lubinie. Tadeusz&hellip; <\/p>\n","protected":false},"author":1,"featured_media":21684,"comment_status":"open","ping_status":"open","sticky":false,"template":"","format":"standard","meta":{"footnotes":""},"categories":[46],"tags":[1205,1204,200,89],"class_list":["post-26495","post","type-post","status-publish","format-standard","has-post-thumbnail","hentry","category-aktualnosci","tag-damian-opalinski","tag-edward-zarczynski","tag-tadeusz-sadowski","tag-zaglebie-lubin"],"_links":{"self":[{"href":"https:\/\/www.zaglebiak.com\/index.php\/wp-json\/wp\/v2\/posts\/26495","targetHints":{"allow":["GET"]}}],"collection":[{"href":"https:\/\/www.zaglebiak.com\/index.php\/wp-json\/wp\/v2\/posts"}],"about":[{"href":"https:\/\/www.zaglebiak.com\/index.php\/wp-json\/wp\/v2\/types\/post"}],"author":[{"embeddable":true,"href":"https:\/\/www.zaglebiak.com\/index.php\/wp-json\/wp\/v2\/users\/1"}],"replies":[{"embeddable":true,"href":"https:\/\/www.zaglebiak.com\/index.php\/wp-json\/wp\/v2\/comments?post=26495"}],"version-history":[{"count":1,"href":"https:\/\/www.zaglebiak.com\/index.php\/wp-json\/wp\/v2\/posts\/26495\/revisions"}],"predecessor-version":[{"id":26496,"href":"https:\/\/www.zaglebiak.com\/index.php\/wp-json\/wp\/v2\/posts\/26495\/revisions\/26496"}],"wp:featuredmedia":[{"embeddable":true,"href":"https:\/\/www.zaglebiak.com\/index.php\/wp-json\/wp\/v2\/media\/21684"}],"wp:attachment":[{"href":"https:\/\/www.zaglebiak.com\/index.php\/wp-json\/wp\/v2\/media?parent=26495"}],"wp:term":[{"taxonomy":"category","embeddable":true,"href":"https:\/\/www.zaglebiak.com\/index.php\/wp-json\/wp\/v2\/categories?post=26495"},{"taxonomy":"post_tag","embeddable":true,"href":"https:\/\/www.zaglebiak.com\/index.php\/wp-json\/wp\/v2\/tags?post=26495"}],"curies":[{"name":"wp","href":"https:\/\/api.w.org\/{rel}","templated":true}]}}