{"id":26459,"date":"2024-11-20T15:42:45","date_gmt":"2024-11-20T14:42:45","guid":{"rendered":"https:\/\/www.zaglebiak.com\/?p=26459"},"modified":"2024-11-20T15:42:46","modified_gmt":"2024-11-20T14:42:46","slug":"reprezentowali-zaglebie-lubin-i-motor-lublin","status":"publish","type":"post","link":"https:\/\/www.zaglebiak.com\/index.php\/2024\/11\/20\/reprezentowali-zaglebie-lubin-i-motor-lublin\/","title":{"rendered":"Reprezentowali Zag\u0142\u0119bie Lubin i Motor Lublin"},"content":{"rendered":"\n<p>W pi\u0105tek &#8222;derby Lubina\/Lublina&#8221; jak \u015bmieszkuje sobie wielu kibic\u00f3w z cz\u0119stych dziennikarskich b\u0142\u0119d\u00f3w myl\u0105cych oba miasta i kluby. Czeka nas pojedynek Zag\u0142\u0119bia Lubin z Motorem Lublin. Sporo czasu min\u0119\u0142o \u017ceby tak zas\u0142u\u017cona sportowa marka powr\u00f3ci\u0142a do ekstraklasy. Wielu z nas liczy\u0142o na przyjazd Kamila Kruka z dru\u017cyn\u0105, bo to by\u0142by pierwszy mecz Kamila w Lubinie odk\u0105d odszed\u0142 z klubu. Niestety nie b\u0119dzie nam dane go zobaczy\u0107 na murawie z powodu kontuzji (\u017cyczymy Kamilowi du\u017co zdrowia i szybkiego powrotu do sk\u0142adu). Prawdopodobnie w jedenastce z Lubelszczyzny zobaczymy Samuela Mraza, kt\u00f3ry ostatnio notuje ca\u0142kiem niez\u0142e wyst\u0119py. Pami\u0119ta\u0107 r\u00f3wnie\u017c nale\u017cy o Pawle Stolarskim, kt\u00f3ry jest r\u00f3wniez w kadrze Motoru Lublin. Poni\u017cej przedstawiam list\u0119 zawodnik\u00f3w i trener\u00f3w, kt\u00f3rzy \u0142\u0105cz\u0105 oba kluby. Je\u015bli o kim\u015b zapomnia\u0142em to prosz\u0119 piszcie w komentarzach.<\/p>\n\n\n\n<p>Zawodnicy:<\/p>\n\n\n\n<p>Jaros\u0142aw G\u00f3ra by\u0142 zawodnikiem Zag\u0142\u0119bia Lubin w latach 1988-1992, a w Motorze Lublin w latach 1982-1988 oraz by\u0142 asystentem trenera i trenerem m\u0142odzie\u017cy<\/p>\n\n\n\n<p>Kamil Kruk by\u0142 zawodnikiem Zag\u0142\u0119bia Lubin w latach 2013-2023, a od wiosny 2024 r. jest zawodnikiem Motoru Lublin<\/p>\n\n\n\n<p>Janusz Kudyba by\u0142 zawodnikiem Zag\u0142\u0119bia Lubin w latach 1988-1992, a w Motorze Lublin w latach 1982-1988. <\/p>\n\n\n\n<p>Ireneusz Lorenc by\u0142 zawodnikiem Zag\u0142\u0119bia Lubin w latach 1974-1976 i 1979 r., a w Motorze Lublin w latach 1979-1983<\/p>\n\n\n\n<p>Robert Mioduszewski by\u0142 zawodnikiem Zag\u0142\u0119bia Lubin w latach 1998-2002, a w Motorze Lublin w 2009 r. oraz trenerem bramkarzy w 2021 r.<\/p>\n\n\n\n<p>Samuel Mraz by\u0142 zawodnikiem Zag\u0142\u0119bia Lubin w sezonie 2020\/2021, a od wiosny 2024 r. jest zawodnikiem Motoru Lublin<\/p>\n\n\n\n<p>Dawid Pakulski by\u0142 zawodnikiem Zag\u0142\u0119bia Lubin w latach 2016-2023, a w Motorze Lublin wypo\u017cyczony w 2021 r.<\/p>\n\n\n\n<p>Tomasz Ptak by\u0142 zawodnikiem Zag\u0142\u0119bia Lubin w latach 2013-2014, a w Motorze Lublin w 2013 r. <\/p>\n\n\n\n<p>Pawe\u0142 Stolarski by\u0142 zawodnikiem Zag\u0142\u0119bia Lubin w sezonie 2014\/2015, a od wiosny 2024 r. jest zawodnikiem Motoru Lublin<\/p>\n\n\n\n<p>Patryk Szysz by\u0142 zawodnikiem Zag\u0142\u0119bia Lubin w latach 2018-2022, a w Motorze Lublin w latach 2016-2017<\/p>\n\n\n\n<p>Piotr \u015awierczewski by\u0142 zawodnikiem Zag\u0142\u0119bia Lubin w 2009 r., a w Motorze Lublin trenerem w latach 2012-2013<\/p>\n\n\n\n<p>Trenerzy:<\/p>\n\n\n\n<p>Stanis\u0142aw \u015awierk prowadzi\u0142 Zag\u0142\u0119bie Lubin dwukrotnie w latach 1979-1982 i 1988-1990, a w Motorze Lublin by\u0142 zawodnikiem w latach 1963-1968 oraz trenerem w latach 1968-1970<\/p>\n","protected":false},"excerpt":{"rendered":"<p>W pi\u0105tek &#8222;derby Lubina\/Lublina&#8221; jak \u015bmieszkuje sobie wielu kibic\u00f3w z cz\u0119stych dziennikarskich b\u0142\u0119d\u00f3w myl\u0105cych oba miasta i kluby. Czeka nas pojedynek Zag\u0142\u0119bia Lubin z Motorem Lublin. Sporo czasu min\u0119\u0142o \u017ceby&hellip; <\/p>\n","protected":false},"author":1,"featured_media":11031,"comment_status":"open","ping_status":"open","sticky":false,"template":"","format":"standard","meta":{"footnotes":""},"categories":[46,24],"tags":[1621,89],"class_list":["post-26459","post","type-post","status-publish","format-standard","has-post-thumbnail","hentry","category-aktualnosci","category-historia","tag-motor-lublin","tag-zaglebie-lubin"],"_links":{"self":[{"href":"https:\/\/www.zaglebiak.com\/index.php\/wp-json\/wp\/v2\/posts\/26459","targetHints":{"allow":["GET"]}}],"collection":[{"href":"https:\/\/www.zaglebiak.com\/index.php\/wp-json\/wp\/v2\/posts"}],"about":[{"href":"https:\/\/www.zaglebiak.com\/index.php\/wp-json\/wp\/v2\/types\/post"}],"author":[{"embeddable":true,"href":"https:\/\/www.zaglebiak.com\/index.php\/wp-json\/wp\/v2\/users\/1"}],"replies":[{"embeddable":true,"href":"https:\/\/www.zaglebiak.com\/index.php\/wp-json\/wp\/v2\/comments?post=26459"}],"version-history":[{"count":1,"href":"https:\/\/www.zaglebiak.com\/index.php\/wp-json\/wp\/v2\/posts\/26459\/revisions"}],"predecessor-version":[{"id":26460,"href":"https:\/\/www.zaglebiak.com\/index.php\/wp-json\/wp\/v2\/posts\/26459\/revisions\/26460"}],"wp:featuredmedia":[{"embeddable":true,"href":"https:\/\/www.zaglebiak.com\/index.php\/wp-json\/wp\/v2\/media\/11031"}],"wp:attachment":[{"href":"https:\/\/www.zaglebiak.com\/index.php\/wp-json\/wp\/v2\/media?parent=26459"}],"wp:term":[{"taxonomy":"category","embeddable":true,"href":"https:\/\/www.zaglebiak.com\/index.php\/wp-json\/wp\/v2\/categories?post=26459"},{"taxonomy":"post_tag","embeddable":true,"href":"https:\/\/www.zaglebiak.com\/index.php\/wp-json\/wp\/v2\/tags?post=26459"}],"curies":[{"name":"wp","href":"https:\/\/api.w.org\/{rel}","templated":true}]}}