{"id":26410,"date":"2024-11-27T15:41:29","date_gmt":"2024-11-27T14:41:29","guid":{"rendered":"https:\/\/www.zaglebiak.com\/?p=26410"},"modified":"2024-11-27T15:41:31","modified_gmt":"2024-11-27T14:41:31","slug":"kazimierz-kedron-04-08-1922-17-02-1980","status":"publish","type":"post","link":"https:\/\/www.zaglebiak.com\/index.php\/2024\/11\/27\/kazimierz-kedron-04-08-1922-17-02-1980\/","title":{"rendered":"Kazimierz K\u0119dro\u0144 (04.08.1922 \u2013 17.02.1980)"},"content":{"rendered":"\n<p>Kazimierz K\u0119dro\u0144 urodzi\u0142 si\u0119 4 sierpnia 1922 r. w Starej Wsi ko\u0142o Limanowej. Jego rodzicami byli Jakub K\u0119dro\u0144 i Cecylia z domu Gawron.<\/p>\n\n\n<div class=\"wp-block-image\">\n<figure class=\"aligncenter size-full\"><img loading=\"lazy\" decoding=\"async\" width=\"1128\" height=\"1680\" src=\"https:\/\/64.media.tumblr.com\/1bb1d00129c094a575541e993292a19d\/22b43d3a2db2bd9f-aa\/s1280x1920\/ab715fd95d0773cb07bc6ecc25d7bf97a5ba5722.jpg\" alt=\"\" class=\"wp-image-26430\"\/><figcaption class=\"wp-element-caption\">Kazimierz K\u0119dro\u0144<\/figcaption><\/figure>\n<\/div>\n\n\n<p>Gdy mia\u0142 kilka lat straci\u0142 rodzic\u00f3w, wi\u0119c najpierw wychowywa\u0142a go ciotka w Limanowej, a gdy by\u0142 nastolatkiem zosta\u0142 wychowankiem wojska.<\/p>\n\n\n<div class=\"wp-block-image\">\n<figure class=\"aligncenter size-full\"><img loading=\"lazy\" decoding=\"async\" width=\"2034\" height=\"1497\" src=\"https:\/\/64.media.tumblr.com\/b385e6e6554ca9a31fb17eed40298238\/022ff8b349bcaaa6-0d\/s2048x3072\/71da6e372330b6fa710764255bb6c3e2edfd06d5.jpg\" alt=\"\" class=\"wp-image-26414\"\/><figcaption class=\"wp-element-caption\">Kazimierz K\u0119dro\u0144 w wojsku<\/figcaption><\/figure>\n<\/div>\n\n\n<p>W czasie wojny by\u0142 \u017co\u0142nierzem \u2013 czo\u0142gist\u0105. Doszed\u0142 do stopnia podporucznika. W roku 1945 zosta\u0142 uwolniony z obozu jenieckiego w pobli\u017cu Drezna.<\/p>\n\n\n<div class=\"wp-block-image\">\n<figure class=\"aligncenter size-full\"><img loading=\"lazy\" decoding=\"async\" width=\"2048\" height=\"2815\" src=\"https:\/\/64.media.tumblr.com\/563fe72f38b044746dac54fa05a190ed\/00bb504bf32296cd-45\/s2048x3072\/2dc158a8aea3d643f9c8104c89adf8bc04671566.jpg\" alt=\"\" class=\"wp-image-26416\"\/><figcaption class=\"wp-element-caption\">Arbeitskarte Kazimierza K\u0119dronia<\/figcaption><\/figure>\n<\/div>\n\n\n<p>Uda\u0142 si\u0119 do Limanowej, gdzie 12 lipca 1945 r. zosta\u0142 skierowany przez Rejonow\u0105 Komend\u0119 Uzupe\u0142nie\u0144 Wojska Polskiego w Nowym S\u0105czu do nowego miejsca zameldowania. Z poni\u017cszego dokumentu wynik, \u017ce skierowany by\u0142 do \u015arody-prawdopodobnie chodzi o \u015arod\u0119 \u015al\u0105sk\u0105. <\/p>\n\n\n<div class=\"wp-block-image\">\n<figure class=\"aligncenter size-full is-resized\"><img loading=\"lazy\" decoding=\"async\" width=\"540\" height=\"409\" src=\"https:\/\/64.media.tumblr.com\/b2afad7847597977a87ad4389c7ea31e\/92a4e66a6b1fa5b2-00\/s540x810\/7c6979fc49e337e641b93b58dc3759d86deb3e51.jpg\" alt=\"\" class=\"wp-image-26418\" style=\"width:840px;height:auto\"\/><figcaption class=\"wp-element-caption\">Zezwolenie WKU na wyjazd do \u015arody<\/figcaption><\/figure>\n<\/div>\n\n\n<p>W ten spos\u00f3b znalaz\u0142 si\u0119 na Dolnym \u015al\u0105sku, a od 4 wrze\u015bnia 1946 r. zameldowany by\u0142 w Pucharowie G\u00f3rnym (obecnie Szklary G\u00f3rne).<\/p>\n\n\n<div class=\"wp-block-image\">\n<figure class=\"aligncenter size-full is-resized\"><img loading=\"lazy\" decoding=\"async\" width=\"540\" height=\"404\" src=\"https:\/\/64.media.tumblr.com\/b315c5c06ae5fb2bd38b6a163f3a8168\/b39ee794c55fce54-98\/s540x810\/28d1836c42ededdda032e088a13c4a308cda4d01.jpg\" alt=\"\" class=\"wp-image-26420\" style=\"width:840px;height:auto\"\/><figcaption class=\"wp-element-caption\">Tymczasowe za\u015bwiadczenie to\u017csamo\u015bci Kazimierza K\u0119dronia<\/figcaption><\/figure>\n<\/div>\n\n\n<p>Pracowa\u0142 w tutejszym PGR jako mechanik &#8211; brygadzista traktorzyst\u00f3w. W Szklarach pozna\u0142 swoj\u0105 przysz\u0142\u0105 \u017con\u0119, z kt\u00f3r\u0105 wzi\u0105\u0142 \u015blub w 1947 r.<\/p>\n\n\n<div class=\"wp-block-image\">\n<figure class=\"aligncenter size-full is-resized\"><img loading=\"lazy\" decoding=\"async\" width=\"540\" height=\"733\" src=\"https:\/\/64.media.tumblr.com\/79dbeca35b8530c91fcdb2370f6527f9\/c24da8ab27aa3ee2-4f\/s540x810\/34e301b726e31943db291bb60c38319dc52b4577.jpg\" alt=\"\" class=\"wp-image-26422\" style=\"width:840px;height:auto\"\/><figcaption class=\"wp-element-caption\">Zdj\u0119cie na tle pa\u0142acu w Szklarach G\u00f3rnych<\/figcaption><\/figure>\n<\/div>\n\n\n<p>W roku 1949 przeprowadzi\u0142 si\u0119 do Lubina, gdzie mieszka\u0142 a\u017c do \u015bmierci.<\/p>\n\n\n\n<p>By\u0142 bardzo aktywnym cz\u0142owiekiem. Bardzo lubi\u0142 sport, w tym pi\u0142k\u0119 no\u017cn\u0105. Zaczyna\u0142 jako obro\u0144ca w Gwardii Lubin w latach 50-tych i gra\u0142 chyba do pocz\u0105tku lat 60-tych. Wtedy boisko by\u0142o na terenie obecnego osiedla Staszica.<\/p>\n\n\n<div class=\"wp-block-image\">\n<figure class=\"aligncenter size-full\"><img loading=\"lazy\" decoding=\"async\" width=\"2048\" height=\"1497\" src=\"https:\/\/64.media.tumblr.com\/09680be6a900841fb4809a5d2eb1d2cc\/da39e69fd6d4b093-4e\/s2048x3072\/4849ef8e3f3d490917721107ce08eac5a40c889b.jpg\" alt=\"\" class=\"wp-image-26424\"\/><figcaption class=\"wp-element-caption\">Kazimierz K\u0119dro\u0144 w lubi\u0144skiej dru\u017cynie<\/figcaption><\/figure>\n<\/div>\n\n<div class=\"wp-block-image\">\n<figure class=\"aligncenter size-full\"><img loading=\"lazy\" decoding=\"async\" width=\"2048\" height=\"1379\" src=\"https:\/\/64.media.tumblr.com\/9791ce9e33d028a99d10174147b11568\/da39e69fd6d4b093-77\/s2048x3072\/c9751bef8bc54c34a5df49a888b321572430b56a.jpg\" alt=\"\" class=\"wp-image-26426\"\/><figcaption class=\"wp-element-caption\">Kazimierz K\u0119dro\u0144 w lubi\u0144skiej dru\u017cynie<\/figcaption><\/figure>\n<\/div>\n\n\n<p>By\u0142 r\u00f3wnie\u017c wiecznym \u017co\u0142nierzem, kochaj\u0105cym mundur wojskowy. Po przyje\u017adzie do Lubina utrzymywa\u0142 sta\u0142y kontakt z wojskiem polskim \u2013 by\u0142 m.in. instruktorem szkol\u0105cym \u017co\u0142nierzy z wojsk obrony terytorialnej. Wyje\u017cd\u017ca\u0142 na szkolenia, na manewry, na r\u00f3\u017cne spotkania koleg\u00f3w wojskowych.<\/p>\n\n\n<div class=\"wp-block-image\">\n<figure class=\"aligncenter size-full\"><img loading=\"lazy\" decoding=\"async\" width=\"2048\" height=\"1271\" src=\"https:\/\/64.media.tumblr.com\/d5e2637580a3c5f0cf37c199deebd0e9\/22b43d3a2db2bd9f-b8\/s2048x3072\/74e25519c74961c4defda594267682796409725e.jpg\" alt=\"\" class=\"wp-image-26428\"\/><figcaption class=\"wp-element-caption\">Kazimierz K\u0119dro\u0144 podczas spotkania koleg\u00f3w z wojska<\/figcaption><\/figure>\n<\/div>\n\n\n<p>Pracowa\u0142 m.in. w PSS Spo\u0142em w Lubinie (by\u0142 nawet jego prezesem), w Sk\u0142adnicy Maszyn Rolniczych Miejskiej Sp\u00f3\u0142dzielni Zaopatrzenia i Zbytu w Lubinie, a ostatnie lata przed \u015bmierci\u0105 w PKS w Lubinie, gdzie by\u0142 kierownikiem magazyn\u00f3w cz\u0119\u015bci zamiennych do autobus\u00f3w.<\/p>\n\n\n\n<p>Wraz z \u017con\u0105, kt\u00f3ra nadal \u017cyje i ma ju\u017c ponad 94 lata, doczekali si\u0119 tr\u00f3jki dzieci. Krystyna jest najstarsza, ma 4 lata m\u0142odsz\u0105 siostr\u0119 i 8 lat m\u0142odszego brata. <\/p>\n\n\n\n<p>Kazimierz K\u0119dro\u0144 zmar\u0142 17 lutego 1980 r.\u00a0Pochowany jest na starym cmentarzu w Lubinie.<\/p>\n\n\n<div class=\"wp-block-image\">\n<figure class=\"aligncenter size-full is-resized\"><img loading=\"lazy\" decoding=\"async\" width=\"541\" height=\"960\" src=\"https:\/\/64.media.tumblr.com\/e193ca9a5362a2a34f94363fa26b11c2\/d26a7a83353bb661-7c\/s640x960\/2c028efe16601669f9c86207209fe86c17274470.jpg\" alt=\"\" class=\"wp-image-26432\" style=\"width:840px;height:auto\"\/><figcaption class=\"wp-element-caption\">Gr\u00f3b Kazimierza K\u0119dronia obj\u0119ty akcj\u0105 #miedziowyznicz<\/figcaption><\/figure>\n<\/div>\n\n\n<p>Dzi\u0119kuj\u0119 serdecznie za pomoc z biogramem oraz przekazane zdj\u0119cia pani Krystynie, c\u00f3rce Kazimierza K\u0119dronia. <\/p>\n","protected":false},"excerpt":{"rendered":"<p>Kazimierz K\u0119dro\u0144 urodzi\u0142 si\u0119 4 sierpnia 1922 r. w Starej Wsi ko\u0142o Limanowej. Jego rodzicami byli Jakub K\u0119dro\u0144 i Cecylia z domu Gawron. Gdy mia\u0142 kilka lat straci\u0142 rodzic\u00f3w, wi\u0119c&hellip; <\/p>\n","protected":false},"author":1,"featured_media":26430,"comment_status":"open","ping_status":"open","sticky":false,"template":"","format":"standard","meta":{"footnotes":""},"categories":[46,40,1591],"tags":[1592,416,89],"class_list":["post-26410","post","type-post","status-publish","format-standard","has-post-thumbnail","hentry","category-aktualnosci","category-biogramy","category-k-biogramy","tag-biogram","tag-kazimierz-kedron","tag-zaglebie-lubin"],"_links":{"self":[{"href":"https:\/\/www.zaglebiak.com\/index.php\/wp-json\/wp\/v2\/posts\/26410","targetHints":{"allow":["GET"]}}],"collection":[{"href":"https:\/\/www.zaglebiak.com\/index.php\/wp-json\/wp\/v2\/posts"}],"about":[{"href":"https:\/\/www.zaglebiak.com\/index.php\/wp-json\/wp\/v2\/types\/post"}],"author":[{"embeddable":true,"href":"https:\/\/www.zaglebiak.com\/index.php\/wp-json\/wp\/v2\/users\/1"}],"replies":[{"embeddable":true,"href":"https:\/\/www.zaglebiak.com\/index.php\/wp-json\/wp\/v2\/comments?post=26410"}],"version-history":[{"count":1,"href":"https:\/\/www.zaglebiak.com\/index.php\/wp-json\/wp\/v2\/posts\/26410\/revisions"}],"predecessor-version":[{"id":26433,"href":"https:\/\/www.zaglebiak.com\/index.php\/wp-json\/wp\/v2\/posts\/26410\/revisions\/26433"}],"wp:featuredmedia":[{"embeddable":true,"href":"https:\/\/www.zaglebiak.com\/index.php\/wp-json\/wp\/v2\/media\/26430"}],"wp:attachment":[{"href":"https:\/\/www.zaglebiak.com\/index.php\/wp-json\/wp\/v2\/media?parent=26410"}],"wp:term":[{"taxonomy":"category","embeddable":true,"href":"https:\/\/www.zaglebiak.com\/index.php\/wp-json\/wp\/v2\/categories?post=26410"},{"taxonomy":"post_tag","embeddable":true,"href":"https:\/\/www.zaglebiak.com\/index.php\/wp-json\/wp\/v2\/tags?post=26410"}],"curies":[{"name":"wp","href":"https:\/\/api.w.org\/{rel}","templated":true}]}}