{"id":26287,"date":"2024-11-01T00:37:31","date_gmt":"2024-10-31T23:37:31","guid":{"rendered":"https:\/\/www.zaglebiak.com\/?p=26287"},"modified":"2024-11-01T19:11:15","modified_gmt":"2024-11-01T18:11:15","slug":"oni-odeszli-w-2024-roku","status":"publish","type":"post","link":"https:\/\/www.zaglebiak.com\/index.php\/2024\/11\/01\/oni-odeszli-w-2024-roku\/","title":{"rendered":"Oni odeszli w 2024 roku\u2026"},"content":{"rendered":"\n<figure class=\"wp-block-image size-full\"><img loading=\"lazy\" decoding=\"async\" width=\"1080\" height=\"1063\" src=\"https:\/\/64.media.tumblr.com\/e450dcc63dea18b769ae8d0c973f3ab2\/f7213ee1fd71323d-6f\/s1280x1920\/f029513346552f12e3ad5a94f6f042960dac55a1.jpg\" alt=\"\" class=\"wp-image-21726\"\/><\/figure>\n\n\n\n<p>Artur Siwy Siwek zmar\u0142 25 listopada 2023 r. Urodzi\u0142 si\u0119 31 grudnia 1976 r. Kibic Zag\u0142\u0119bia Lubin. <\/p>\n\n\n<div class=\"wp-block-image\">\n<figure class=\"aligncenter size-full\"><img loading=\"lazy\" decoding=\"async\" width=\"768\" height=\"920\" src=\"https:\/\/64.media.tumblr.com\/cec47d7e6cef333a68f0508963c11f6e\/5b3d05e290659fa3-00\/s1280x1920\/1c4ab801b7f6ab488d498524e90505e133f3b93f.jpg\" alt=\"\" class=\"wp-image-26291\"\/><\/figure>\n<\/div>\n\n\n<p>Leszek Korolewicz zmar\u0142 29 kwietnia 2024 r. Urodzi\u0142 si\u0119 27 sierpnia 1956 r. By\u0142 znanym w Lubinie pasjonatem sportu. W latach dziewi\u0119\u0107dziesi\u0105tych bra\u0142 czynny udzia\u0142 w \u017cyciu Zag\u0142\u0119bia Lubin. Anga\u017cowa\u0142 si\u0119 w spotkania Oldboj\u00f3w i Retrofutbolist\u00f3w Zag\u0142\u0119bia.&nbsp;By\u0142 r\u00f3wnie\u017c sympatykiem \u0142y\u017cwiarstwa i wieloletnim cz\u0142onkiem zarz\u0105du MKS Cuprum Lubin. Jako dzia\u0142acz spo\u0142eczny by\u0142 wsp\u00f3\u0142tw\u00f3rc\u0105 m.in. lubi\u0144skiego Stowarzyszenia \u201ePalium\u201d zajmuj\u0105cego si\u0119 opiek\u0105 paliatywn\u0105.<\/p>\n\n\n\n<figure class=\"wp-block-image size-full is-resized\"><img loading=\"lazy\" decoding=\"async\" width=\"540\" height=\"385\" src=\"https:\/\/64.media.tumblr.com\/24502b94e4562bac23f4542b3923452e\/75e8955d709717c6-ff\/s540x810\/0e1334344d8dfdfb87ce0cbf6fc0a693405c92d6.jpg\" alt=\"\" class=\"wp-image-26289\" style=\"width:840px;height:auto\"\/><\/figure>\n\n\n\n<p>Szymon Kanigowski zmar\u0142 3 maja 2024 r. Urodzi\u0142 si\u0119 16 stycznia 1934 r. w Luberadzu. Jest jednym z za\u0142o\u017cycieli klubu i sekcji pi\u0142ki r\u0119cznej m\u0119\u017cczyzn oraz jego pierwszym trenerem. Klub powsta\u0142 w 1967 r. w Zespole Szk\u00f3\u0142 G\u00f3rniczych w Lubinie pod nazw\u0105 G\u00f3rnik Lubin. Od 1980 r. by\u0142 cz\u0142onkiem NSZZ \u201eSolidarno\u015b\u0107\u201d w Zak\u0142adach G\u00f3rniczych \u201eLubin\u201d w Lubinie. W okresie od 16 grudnia 1981 r. do 26 lutego 1982 r. by\u0142 internowany w O\u015brodku Odosobnienia w G\u0142ogowie. W latach 1983\u20131989 uczestniczy\u0142 w akcjach protestacyjnych upami\u0119tniaj\u0105cych zbrodni\u0119 lubi\u0144sk\u0105. 30 sierpnia 2017 roku w Hotelu Europa w Lubinie, o godzinie 18.00, odby\u0142a si\u0119 uroczysto\u015b\u0107 wr\u0119czenia odznacze\u0144 pa\u0144stwowych \u2013 Krzy\u017cy Wolno\u015bci i Solidarno\u015bci, kt\u00f3rym zosta\u0142 odznaczony. Odznaczenie KwiS zosta\u0142o mu nadane postanowieniem Prezydenta RP nr 375\/2017.<\/p>\n\n\n<div class=\"wp-block-image\">\n<figure class=\"aligncenter size-full\"><img loading=\"lazy\" decoding=\"async\" width=\"1335\" height=\"1780\" src=\"https:\/\/64.media.tumblr.com\/ddbe9305b497b4f53c66140407f3129a\/ede619efee425d3c-d8\/s2048x3072\/831e931d3bf71831ff34cb136d31376e62585a6f.jpg\" alt=\"\" class=\"wp-image-26293\"\/><\/figure>\n<\/div>\n\n\n<p>Tomasz Olemski zmar\u0142 1 czerwca 2024 r. Zmar\u0142 w wieku 46 lat po d\u0142ugiej chorobie. Zaczyna\u0142 w grupach m\u0142odzie\u017cowych Zag\u0142\u0119bia Lubin, a p\u00f3\u017aniej gra\u0142 w SCS Amico Lubin w latach 1992-1999. Po zako\u0144czeniu kariery sportowej wyjecha\u0142 do Kanady, gdzie trenowa\u0142 grupy dzieci\u0119ce.<\/p>\n\n\n\n<figure class=\"wp-block-image size-full\"><img loading=\"lazy\" decoding=\"async\" width=\"1200\" height=\"678\" src=\"https:\/\/64.media.tumblr.com\/90224d9bf3a93efdd923e2f98838d09f\/88670e590be52f64-80\/s1280x1920\/f356e7d947f949569e33dbd05c0d9fd2cc226bd6.jpg\" alt=\"\" class=\"wp-image-24863\"\/><\/figure>\n\n\n\n<p>Orest Lenczyk zmar\u0142 11 czerwca 2024 r. w Krakowie. Urodzi\u0142 si\u0119 28 grudnia 1942 roku w Sanoku. Trenerem pierwszoligowego Zag\u0142\u0119bia Lubin zosta\u0142 16 kwietnia 2009 i wywalczy\u0142 z klubem awans do Ekstraklasy. 30 czerwca 2009 roku nie przed\u0142u\u017cono z nim umowy. Drugi raz trenerem lubi\u0144skiej dru\u017cyny zosta\u0142 27 wrze\u015bnia 2013 roku i piastowa\u0142 stanowisko do 12 maja 2014 roku. Po odej\u015bciu z Zag\u0142\u0119bia nie trenowa\u0142 ju\u017c \u017cadnej dru\u017cyny.<\/p>\n\n\n<div class=\"wp-block-image\">\n<figure class=\"aligncenter size-full\"><img loading=\"lazy\" decoding=\"async\" width=\"1269\" height=\"1904\" src=\"https:\/\/64.media.tumblr.com\/a356bd75e3741a2d1b99e4cd2b72d492\/94e118dede6c3d00-e8\/s1280x1920\/fbf5b563fd80346c043776b806dd885efcf44b9a.jpg\" alt=\"\" class=\"wp-image-25247\"\/><\/figure>\n<\/div>\n\n\n<p>Jerzy Wies\u0142aw Jarmu\u017cek zmar\u0142 23 lipca 2024 r.  Urodzi\u0142 si\u0119 10 sierpnia 1945 r. w Fallingbostel (Niemcy). W jego rodzinie by\u0142y g\u00f3rnicze tradycje i m.in. dlatego wybra\u0142 studia na Politechnice Wroc\u0142awskiej. By\u0142 pierwszym rocznikiem, kt\u00f3ry uko\u0144czy\u0142 studia na kierunku g\u00f3rnictwo g\u0142\u0119binowe. Po studiach trafi\u0142 do Lubina. W 1970 r. rozpocz\u0105\u0142 prac\u0119 w SOWI (Samodzielny Oddzia\u0142 Wykonawstwa Inwestycyjnego). Przeszed\u0142 praktycznie wszystkie szczeble awansu zawodowego od dozoru nadg\u00f3rnika i sztygara zmianowego, potem oddzia\u0142owego i zosta\u0142 kierownikiem na Rudnej Zachodniej. W styczniu 1982 r. zosta\u0142 dyrektorem technicznym. P\u00f3\u0142 roku p\u00f3\u017aniej zosta\u0142 najm\u0142odszym dyrektorem naczelnym kopalni w Polsce. By\u0142 jednym z budowniczych stadionu GOS, kt\u00f3ry otwiera\u0142 oficjalnie 22 lipca 1985 r. Jako dyrektor ZG Rudna wspiera\u0142 sportowc\u00f3w m.in. sekcj\u0119 boksersk\u0105 Zag\u0142\u0119bia Lubin czy podnoszenie ci\u0119\u017car\u00f3w w G\u00f3rniku Polkowice. By\u0142 te\u017c wiceprezesem do spraw organizacyjnych wszystkich sekcji sportowych Zag\u0142\u0119bia Lubin. Dyrektorem kopalni by\u0142 do 1990 r., a p\u00f3\u017aniej a\u017c do emerytury pracowa\u0142 jako g\u0142\u00f3wny in\u017cynier dyspozytorni g\u00f3rniczej. Za jego czas\u00f3w Zag\u0142\u0119bie \u015bwi\u0119towa\u0142o wice i pierwsze mistrzostwo Polski. W KGHM pracowa\u0142 do 1996 r. P\u00f3\u017aniej zwi\u0105zany dalej z bran\u017c\u0105 g\u00f3rnicz\u0105. Do 2022 r. by\u0142 aktywny zawodowo i bra\u0142 udzia\u0142 w spotkaniach Retrofutbolist\u00f3w. Interesowa\u0142 si\u0119 poczynaniami lubi\u0144skich sportowc\u00f3w i wspiera\u0142 lokalne inicjatywy. Cz\u0142onek Ko\u0142a \u0141owieckiego \u201eG\u00f3rnik\u201d i Polskiego Zwi\u0105zku W\u0119dkarskiego.<\/p>\n\n\n<div class=\"wp-block-image\">\n<figure class=\"aligncenter size-full is-resized\"><img loading=\"lazy\" decoding=\"async\" width=\"480\" height=\"352\" src=\"https:\/\/64.media.tumblr.com\/db80c1a1ec815ea9dd3ef3acf5cffa52\/d207e3c8b248ec06-b8\/s500x750\/72c9af653da2f6eb3be0ace90a6e8bc31629ece1.jpg\" alt=\"\" class=\"wp-image-25573\" style=\"width:490px;height:auto\"\/><\/figure>\n<\/div>\n\n\n<p>Tadeusz Krynicki zmar\u0142 6 sierpnia 2024 r. Urodzi\u0142 si\u0119 6 kwietnia 1958 r. Pi\u0119\u015bciarz Zag\u0142\u0119bia Lubin, kt\u00f3rego kibice tego sportu z naszego miasta mog\u0105 pami\u0119ta\u0107 cho\u0107by z walki o I lig\u0119 w grudniu 1974 roku. By\u0142 zawodnikiem, kt\u00f3ry sw\u00f3j pi\u0119\u015bciarski kunszt rozwija\u0142 pod okiem medalisty olimpijskiego Kazimierza Pa\u017adziora. Walczy\u0142 jeszcze na pocz\u0105tku lat osiemdziesi\u0105tych w wadze do 57kg. W tej samej&nbsp;kategorii co Zbigniew Kogut czy Miko\u0142aj Paduchowicz. Pochowany jest na Cmentarzu Komunalnym w Wo\u0142owie.<\/p>\n\n\n\n<figure class=\"wp-block-image size-full is-resized\"><img loading=\"lazy\" decoding=\"async\" width=\"780\" height=\"615\" src=\"https:\/\/64.media.tumblr.com\/59ec464648f314b960e7a722b9bdf112\/ddb783046df31977-1d\/s1280x1920\/b059593e2e4abba19b8498194ee7066f319553e1.jpg\" alt=\"\" class=\"wp-image-19434\" style=\"width:840px;height:auto\"\/><\/figure>\n\n\n\n<p>Franciszek Smuda zmar\u0142 18 sierpnia 2024 r.  Mia\u0142 76 lat. Urodzi\u0142 si\u0119 22 czerwca 1948 roku w Lubomi. By\u0142 szkoleniowcem Zag\u0142\u0119bia Lubin w latach 2005-2006 oraz w 2009 roku. Po Zag\u0142\u0119biu prowadzi\u0142 Reprezentacj\u0119 Polski. Zag\u0142\u0119biem zaj\u0105\u0142 3 miejsce oraz gra\u0142 w Pucharze UEFA. Dotar\u0142 te\u017c z naszym klubem do fina\u0142u Pucharu Polski.<\/p>\n\n\n<div class=\"wp-block-image\">\n<figure class=\"aligncenter size-full\"><img loading=\"lazy\" decoding=\"async\" width=\"491\" height=\"615\" src=\"https:\/\/www.zaglebiak.com\/wp-content\/uploads\/2024\/09\/Rudolf-Rupa.jpg\" alt=\"\" class=\"wp-image-26108\" srcset=\"https:\/\/www.zaglebiak.com\/wp-content\/uploads\/2024\/09\/Rudolf-Rupa.jpg 491w, https:\/\/www.zaglebiak.com\/wp-content\/uploads\/2024\/09\/Rudolf-Rupa-240x300.jpg 240w\" sizes=\"auto, (max-width: 491px) 100vw, 491px\" \/><\/figure>\n<\/div>\n\n\n<p>Rudolf Rupa zmar\u0142 22 wrze\u015bnia 2024 r.  Urodzi\u0142 si\u0119 26 maja 1950 r. Wychowanek BKS-u Boles\u0142awiec trafi\u0142 do Zag\u0142\u0119bia Lubin w okresie zimowym 1979 r. Dok\u0142adnie miesi\u0105c przed pami\u0119tnym meczem w Pucharze Polski z Wis\u0142\u0105 Krak\u00f3w. W 1982 r. awansowa\u0142 z Zag\u0142\u0119biem Lubin do drugiej ligi. Odszed\u0142 do G\u00f3rnika Polkowice, gdzie zako\u0144czy\u0142 karier\u0119, a p\u00f3\u017aniej by\u0142 te\u017c trenerem pierwszej dru\u017cyny. Pochowany jest na Cmentarzu Komunalnym w Boles\u0142awcu.<\/p>\n\n\n\n<p><strong>Zapraszamy serdecznie na msz\u0119 \u015bw. 8 listopada o godzinie 17 w Ko\u015bciele na Starym Lubinie. B\u0119dzie po\u015bwi\u0119cona zmar\u0142ym zwi\u0105zanym z Zag\u0142\u0119biem Lubin oraz lubi\u0144skiej spo\u0142eczno\u015bci sportowej. <\/strong><\/p>\n","protected":false},"excerpt":{"rendered":"<p>Artur Siwy Siwek zmar\u0142 25 listopada 2023 r. Urodzi\u0142 si\u0119 31 grudnia 1976 r. Kibic Zag\u0142\u0119bia Lubin. Leszek Korolewicz zmar\u0142 29 kwietnia 2024 r. Urodzi\u0142 si\u0119 27 sierpnia 1956 r.&hellip; <\/p>\n","protected":false},"author":1,"featured_media":21388,"comment_status":"open","ping_status":"open","sticky":false,"template":"","format":"standard","meta":{"footnotes":""},"categories":[46],"tags":[2332,2236,2164,2320,2333,2256,89],"class_list":["post-26287","post","type-post","status-publish","format-standard","has-post-thumbnail","hentry","category-aktualnosci","tag-artur-siwy-siwek","tag-jerzy-wieslaw-jarmuzek","tag-leszek-korolewicz","tag-rudolf-rupa","tag-szymon-kanigowski","tag-tadeusz-krynicki","tag-zaglebie-lubin"],"_links":{"self":[{"href":"https:\/\/www.zaglebiak.com\/index.php\/wp-json\/wp\/v2\/posts\/26287","targetHints":{"allow":["GET"]}}],"collection":[{"href":"https:\/\/www.zaglebiak.com\/index.php\/wp-json\/wp\/v2\/posts"}],"about":[{"href":"https:\/\/www.zaglebiak.com\/index.php\/wp-json\/wp\/v2\/types\/post"}],"author":[{"embeddable":true,"href":"https:\/\/www.zaglebiak.com\/index.php\/wp-json\/wp\/v2\/users\/1"}],"replies":[{"embeddable":true,"href":"https:\/\/www.zaglebiak.com\/index.php\/wp-json\/wp\/v2\/comments?post=26287"}],"version-history":[{"count":4,"href":"https:\/\/www.zaglebiak.com\/index.php\/wp-json\/wp\/v2\/posts\/26287\/revisions"}],"predecessor-version":[{"id":26301,"href":"https:\/\/www.zaglebiak.com\/index.php\/wp-json\/wp\/v2\/posts\/26287\/revisions\/26301"}],"wp:featuredmedia":[{"embeddable":true,"href":"https:\/\/www.zaglebiak.com\/index.php\/wp-json\/wp\/v2\/media\/21388"}],"wp:attachment":[{"href":"https:\/\/www.zaglebiak.com\/index.php\/wp-json\/wp\/v2\/media?parent=26287"}],"wp:term":[{"taxonomy":"category","embeddable":true,"href":"https:\/\/www.zaglebiak.com\/index.php\/wp-json\/wp\/v2\/categories?post=26287"},{"taxonomy":"post_tag","embeddable":true,"href":"https:\/\/www.zaglebiak.com\/index.php\/wp-json\/wp\/v2\/tags?post=26287"}],"curies":[{"name":"wp","href":"https:\/\/api.w.org\/{rel}","templated":true}]}}