{"id":26254,"date":"2024-10-23T14:20:46","date_gmt":"2024-10-23T12:20:46","guid":{"rendered":"https:\/\/www.zaglebiak.com\/?p=26254"},"modified":"2024-10-23T14:20:48","modified_gmt":"2024-10-23T12:20:48","slug":"23-pazdziernika-2022-roku-zmarl-zdzislaw-giernalczyk-2","status":"publish","type":"post","link":"https:\/\/www.zaglebiak.com\/index.php\/2024\/10\/23\/23-pazdziernika-2022-roku-zmarl-zdzislaw-giernalczyk-2\/","title":{"rendered":"23 pa\u017adziernika 2022 roku zmar\u0142 Zdzis\u0142aw Giernalczyk"},"content":{"rendered":"<div class=\"wp-block-image\">\n<figure class=\"aligncenter is-resized\"><img loading=\"lazy\" decoding=\"async\" width=\"540\" height=\"375\" src=\"https:\/\/www.zaglebiak.com\/wp-content\/uploads\/2023\/10\/tumblr_29db6844a7b1f509c63cd0bb280e456b_7f8b7f89_540.jpg\" alt=\"\" class=\"wp-image-21220\" style=\"width:840px;height:auto\" srcset=\"https:\/\/www.zaglebiak.com\/wp-content\/uploads\/2023\/10\/tumblr_29db6844a7b1f509c63cd0bb280e456b_7f8b7f89_540.jpg 540w, https:\/\/www.zaglebiak.com\/wp-content\/uploads\/2023\/10\/tumblr_29db6844a7b1f509c63cd0bb280e456b_7f8b7f89_540-300x208.jpg 300w\" sizes=\"auto, (max-width: 540px) 100vw, 540px\" \/><figcaption class=\"wp-element-caption\">Zdzis\u0142aw Giernalczyk stoi pierwszy od prawej<\/figcaption><\/figure>\n<\/div>\n\n\n<p>Zdzis\u0142aw Giernalczyk zmar\u0142 23 pa\u017adziernika 2022 roku w Lubinie. Urodzi\u0142 si\u0119 24 listopada 1944 roku w Krobii. Prace zaczyna\u0142 w Elektrociep\u0142owni Legnica. Od 1968 roku zwi\u0105zany z ZG Lubin, gdzie pe\u0142ni\u0142 funkcj\u0119 kierownika oddzia\u0142u elektrycznego. W 1974 roku zosta\u0142 kierownikiem oddzia\u0142u automatyki i pomiar\u00f3w. Do Zag\u0142\u0119bia Lubin trafi\u0142 dzi\u0119ki zainteresowaniu jego osob\u0105 Piotra Czai. Od 1972 roku by\u0142 opiekunem zawodnik\u00f3w. W 1974 roku zosta\u0142 kierownikiem dru\u017cyny, na na prze\u0142omie 1984\/1985 roku zosta\u0142 kierownikiem sekcji pi\u0142ki no\u017cnej i to stanowisko piastowa\u0142 do 1990 roku.<\/p>\n","protected":false},"excerpt":{"rendered":"<p>Zdzis\u0142aw Giernalczyk zmar\u0142 23 pa\u017adziernika 2022 roku w Lubinie. Urodzi\u0142 si\u0119 24 listopada 1944 roku w Krobii. Prace zaczyna\u0142 w Elektrociep\u0142owni Legnica. Od 1968 roku zwi\u0105zany z ZG Lubin, gdzie&hellip; <\/p>\n","protected":false},"author":1,"featured_media":21220,"comment_status":"open","ping_status":"open","sticky":false,"template":"","format":"standard","meta":{"footnotes":""},"categories":[46],"tags":[89,1660],"class_list":["post-26254","post","type-post","status-publish","format-standard","has-post-thumbnail","hentry","category-aktualnosci","tag-zaglebie-lubin","tag-zdzislaw-giernalczyk"],"_links":{"self":[{"href":"https:\/\/www.zaglebiak.com\/index.php\/wp-json\/wp\/v2\/posts\/26254","targetHints":{"allow":["GET"]}}],"collection":[{"href":"https:\/\/www.zaglebiak.com\/index.php\/wp-json\/wp\/v2\/posts"}],"about":[{"href":"https:\/\/www.zaglebiak.com\/index.php\/wp-json\/wp\/v2\/types\/post"}],"author":[{"embeddable":true,"href":"https:\/\/www.zaglebiak.com\/index.php\/wp-json\/wp\/v2\/users\/1"}],"replies":[{"embeddable":true,"href":"https:\/\/www.zaglebiak.com\/index.php\/wp-json\/wp\/v2\/comments?post=26254"}],"version-history":[{"count":1,"href":"https:\/\/www.zaglebiak.com\/index.php\/wp-json\/wp\/v2\/posts\/26254\/revisions"}],"predecessor-version":[{"id":26255,"href":"https:\/\/www.zaglebiak.com\/index.php\/wp-json\/wp\/v2\/posts\/26254\/revisions\/26255"}],"wp:featuredmedia":[{"embeddable":true,"href":"https:\/\/www.zaglebiak.com\/index.php\/wp-json\/wp\/v2\/media\/21220"}],"wp:attachment":[{"href":"https:\/\/www.zaglebiak.com\/index.php\/wp-json\/wp\/v2\/media?parent=26254"}],"wp:term":[{"taxonomy":"category","embeddable":true,"href":"https:\/\/www.zaglebiak.com\/index.php\/wp-json\/wp\/v2\/categories?post=26254"},{"taxonomy":"post_tag","embeddable":true,"href":"https:\/\/www.zaglebiak.com\/index.php\/wp-json\/wp\/v2\/tags?post=26254"}],"curies":[{"name":"wp","href":"https:\/\/api.w.org\/{rel}","templated":true}]}}