{"id":26234,"date":"2024-10-18T03:15:00","date_gmt":"2024-10-18T01:15:00","guid":{"rendered":"https:\/\/www.zaglebiak.com\/?p=26234"},"modified":"2024-10-17T23:22:50","modified_gmt":"2024-10-17T21:22:50","slug":"18-pazdziernika-urodzili-sie-damjan-bohar-janusz-karski-i-ariel-sworacki","status":"publish","type":"post","link":"https:\/\/www.zaglebiak.com\/index.php\/2024\/10\/18\/18-pazdziernika-urodzili-sie-damjan-bohar-janusz-karski-i-ariel-sworacki\/","title":{"rendered":"18 pa\u017adziernika urodzili si\u0119 Damjan Bohar, Janusz Karski i Ariel Sworacki"},"content":{"rendered":"<div class=\"wp-block-image\">\n<figure class=\"aligncenter\"><img loading=\"lazy\" decoding=\"async\" width=\"768\" height=\"920\" src=\"https:\/\/64.media.tumblr.com\/6beb7e8b0d816dee21a492b9b4ad304d\/87e6e65863a54c50-49\/s1280x1920\/0ce00af6f9605b9b3a105359e0ca0164463bd2ba.jpg\" alt=\"\" class=\"wp-image-21108\"\/><figcaption class=\"wp-element-caption\">Damjan Bohar. Fot. zaglebie.com<\/figcaption><\/figure>\n<\/div>\n\n\n<p>Damjan Bohar urodzi\u0142 si\u0119 18 pa\u017adziernika 1991 roku w Ma\u010dkovci. Do Zag\u0142\u0119bia Lubin trafi\u0142 z NK Maribor. W latach 2018-2020 rozegra\u0142 dla Zag\u0142\u0119bia 75 spotka\u0144 w ESA i strzeli\u0142 26 bramek. Odszed\u0142 do NK Osijek.  Nast\u0119pnie wr\u00f3ci\u0142 do Zag\u0142\u0119bia Lubin, a od wczoraj jest zawodnikiem s\u0142owe\u0144skiego FC Koper. \u0141\u0105cznie dla Zag\u0142\u0119bia Lubin rozegra\u0142 111 spotka\u0144 i strzeli\u0142 30 bramek. <\/p>\n\n\n<div class=\"wp-block-image\">\n<figure class=\"aligncenter\"><img loading=\"lazy\" decoding=\"async\" width=\"2040\" height=\"3072\" src=\"https:\/\/64.media.tumblr.com\/fa481c256ecce22358462285105357b9\/87e6e65863a54c50-0d\/s2048x3072\/081334d929ca1b9489488b1ba32b96cf9d8efa60.jpg\" alt=\"\" class=\"wp-image-21110\"\/><figcaption class=\"wp-element-caption\">Janusz Karski<\/figcaption><\/figure>\n<\/div>\n\n\n<p>Janusz Karski urodzi\u0142 si\u0119 18 pa\u017adziernika 1944 roku. Boles\u0142awianin przez ca\u0142e \u017cycie zawodowe zwi\u0105zany by\u0142 z Lubinem, gdzie \u015bci\u0105gn\u0105\u0142 go dyrektor Zastawnik. W latach 1970-1980 pe\u0142ni\u0142 funkcj\u0119 dyrektora do spraw inwestycyjnych przy KGHM. Z pocz\u0105tkiem lat 80 by\u0142 cz\u0142onkiem zarz\u0105du MKS Zag\u0142\u0119bia Lubin, by\u0142 praw\u0105 r\u0119k\u0105 prezesa Parchimowicza przy sekcji pi\u0142ki no\u017cnej. Zak\u0142ada\u0142 w Zag\u0142\u0119biu sekcje judo i karate. Dzia\u0142acz sportowy, sportowiec, wio\u015blarz, karateka. Ogromny mi\u0142o\u015bnik pi\u0142ki r\u0119cznej i siatkowej, oddany sympatyk Zag\u0142\u0119bia Lubin. By\u0142 absolwentem AWF Wroc\u0142aw, wio\u015blarzem AZS AWF Wroc\u0142aw. Znajdowa\u0142 si\u0119 w osadzie olimpijskiej, przygotowuj\u0105cej si\u0119 do Igrzysk Olimpijskich w Monachium. Zmar\u0142 10 grudnia 2021 roku.<\/p>\n\n\n<div class=\"wp-block-image\">\n<figure class=\"aligncenter\"><img loading=\"lazy\" decoding=\"async\" width=\"960\" height=\"959\" src=\"https:\/\/64.media.tumblr.com\/7b88827e5a54f522ec98129ba78fdeba\/6a0030fa6e2a7260-7b\/s1280x1920\/b2b4376dea0c3ed59c53ef161fc91f58ce342329.jpg\" alt=\"\" class=\"wp-image-21133\"\/><figcaption class=\"wp-element-caption\">Ariel Sworacki. Fot. z fb<\/figcaption><\/figure>\n<\/div>\n\n\n<p>Ariel Sworacki urodzi\u0142 si\u0119 18 pa\u017adziernika 1987 roku w Lubinie. Wychowanek G\u00f3rnika Polkowice, zawodnik Sparty Rudna i BKS Boles\u0142awiec. By\u0142 w sztabie G\u00f3rnika Polkowice, a nast\u0119pnie pracowa\u0142 w akademii Zag\u0142\u0119bia Lubin. Obecnie jest trenerem trzecioligowego G\u00f3rnika Polkowice. <\/p>\n","protected":false},"excerpt":{"rendered":"<p>Damjan Bohar urodzi\u0142 si\u0119 18 pa\u017adziernika 1991 roku w Ma\u010dkovci. Do Zag\u0142\u0119bia Lubin trafi\u0142 z NK Maribor. W latach 2018-2020 rozegra\u0142 dla Zag\u0142\u0119bia 75 spotka\u0144 w ESA i strzeli\u0142 26&hellip; <\/p>\n","protected":false},"author":1,"featured_media":21106,"comment_status":"open","ping_status":"open","sticky":false,"template":"","format":"standard","meta":{"footnotes":""},"categories":[46],"tags":[1966,837,1229,89],"class_list":["post-26234","post","type-post","status-publish","format-standard","has-post-thumbnail","hentry","category-aktualnosci","tag-ariel-sworacki","tag-damjan-bohar","tag-janusz-karski","tag-zaglebie-lubin"],"_links":{"self":[{"href":"https:\/\/www.zaglebiak.com\/index.php\/wp-json\/wp\/v2\/posts\/26234","targetHints":{"allow":["GET"]}}],"collection":[{"href":"https:\/\/www.zaglebiak.com\/index.php\/wp-json\/wp\/v2\/posts"}],"about":[{"href":"https:\/\/www.zaglebiak.com\/index.php\/wp-json\/wp\/v2\/types\/post"}],"author":[{"embeddable":true,"href":"https:\/\/www.zaglebiak.com\/index.php\/wp-json\/wp\/v2\/users\/1"}],"replies":[{"embeddable":true,"href":"https:\/\/www.zaglebiak.com\/index.php\/wp-json\/wp\/v2\/comments?post=26234"}],"version-history":[{"count":1,"href":"https:\/\/www.zaglebiak.com\/index.php\/wp-json\/wp\/v2\/posts\/26234\/revisions"}],"predecessor-version":[{"id":26235,"href":"https:\/\/www.zaglebiak.com\/index.php\/wp-json\/wp\/v2\/posts\/26234\/revisions\/26235"}],"wp:featuredmedia":[{"embeddable":true,"href":"https:\/\/www.zaglebiak.com\/index.php\/wp-json\/wp\/v2\/media\/21106"}],"wp:attachment":[{"href":"https:\/\/www.zaglebiak.com\/index.php\/wp-json\/wp\/v2\/media?parent=26234"}],"wp:term":[{"taxonomy":"category","embeddable":true,"href":"https:\/\/www.zaglebiak.com\/index.php\/wp-json\/wp\/v2\/categories?post=26234"},{"taxonomy":"post_tag","embeddable":true,"href":"https:\/\/www.zaglebiak.com\/index.php\/wp-json\/wp\/v2\/tags?post=26234"}],"curies":[{"name":"wp","href":"https:\/\/api.w.org\/{rel}","templated":true}]}}