{"id":26231,"date":"2024-10-17T01:35:00","date_gmt":"2024-10-16T23:35:00","guid":{"rendered":"https:\/\/www.zaglebiak.com\/?p=26231"},"modified":"2024-10-16T21:38:33","modified_gmt":"2024-10-16T19:38:33","slug":"17-pazdziernika-urodzili-sie-jaroslaw-gora-igor-stanczak-pawel-kijowski-i-magdalena-berkowska-2","status":"publish","type":"post","link":"https:\/\/www.zaglebiak.com\/index.php\/2024\/10\/17\/17-pazdziernika-urodzili-sie-jaroslaw-gora-igor-stanczak-pawel-kijowski-i-magdalena-berkowska-2\/","title":{"rendered":"17 pa\u017adziernika urodzili si\u0119 Jaros\u0142aw G\u00f3ra, Igor Sta\u0144czak, Pawe\u0142 Kijowski i Magdalena Berkowska"},"content":{"rendered":"<div class=\"wp-block-image\">\n<figure class=\"aligncenter\"><img loading=\"lazy\" decoding=\"async\" width=\"1843\" height=\"2737\" src=\"https:\/\/64.media.tumblr.com\/c52400e387d6f70c5fd15b0bfbade580\/201ae31e41fa749d-22\/s2048x3072\/9719a88954242421cfa4d753125fa690080a6e8b.jpg\" alt=\"\" class=\"wp-image-21095\"\/><figcaption class=\"wp-element-caption\">Jaros\u0142aw G\u00f3ra. Fot. Jerzy Kosi\u0144ski<\/figcaption><\/figure>\n<\/div>\n\n\n<p>Jaros\u0142aw G\u00f3ra urodzi\u0142 si\u0119 17 pa\u017adziernika 1964 roku w Lublinie. Pomocnik trafi\u0142 do Zag\u0142\u0119bia Lubin z Motoru Lublin. W latach 1988-1992 rozegra\u0142 dla Zag\u0142\u0119bia w Ekstraklasie 77 spotka\u0144 i strzeli\u0142 12 bramek. Mistrz Polski z 1991 roku. Po odej\u015bciu z Zag\u0142\u0119bia wr\u00f3ci\u0142 do Motoru Lublin, a nast\u0119pnie reprezentowa\u0142 barwy \u015al\u0105ska Wroc\u0142aw, G\u00f3rnika \u0141\u0119czna i Lublinianki Lublin.<\/p>\n\n\n<div class=\"wp-block-image\">\n<figure class=\"aligncenter\"><img loading=\"lazy\" decoding=\"async\" width=\"1179\" height=\"1177\" src=\"https:\/\/64.media.tumblr.com\/0be2669a898bf5d25b359da4e0772ce2\/201ae31e41fa749d-98\/s1280x1920\/72924be92475ec5d0316b919297e6c6345446430.jpg\" alt=\"\" class=\"wp-image-21093\"\/><figcaption class=\"wp-element-caption\">Igor Sta\u0144czak. Fot. z fb<\/figcaption><\/figure>\n<\/div>\n\n\n<p>Igor Sta\u0144czak urodzi\u0142 si\u0119 17 pa\u017adziernika 2006 roku w Gostyniu. Mistrz Centralnej Ligi Junior\u00f3w z Zag\u0142\u0119biem Lubin. Zawodnik odszed\u0142 do Warty Pozna\u0144, a obecnie reprezentuje Karkonosze Jelenia G\u00f3ra.<\/p>\n\n\n<div class=\"wp-block-image\">\n<figure class=\"aligncenter\"><img loading=\"lazy\" decoding=\"async\" width=\"1686\" height=\"1125\" src=\"https:\/\/64.media.tumblr.com\/007add9d6a340a0ed3296a80443bff74\/201ae31e41fa749d-8b\/s2048x3072\/e2197ff96014a861b6b34180e5b393bd3a15b526.jpg\" alt=\"\" class=\"wp-image-21101\"\/><figcaption class=\"wp-element-caption\">Pawe\u0142 Kijowski<\/figcaption><\/figure>\n<\/div>\n\n\n<p>Pawe\u0142 Kijowski obchodzi dzisiaj swoje urodziny. Prezes Stowarzyszenia Sympatyk\u00f3w Zag\u0142\u0119bia Lubin \u201eZAG\u0141\u0118BIE FANATYK\u00d3W\u201d.<\/p>\n\n\n<div class=\"wp-block-image\">\n<figure class=\"aligncenter is-resized\"><img loading=\"lazy\" decoding=\"async\" width=\"537\" height=\"406\" src=\"https:\/\/64.media.tumblr.com\/d8c3f57f884f4988479caeb61684690f\/201ae31e41fa749d-cb\/s540x810\/c49234671c98f5b1177f34331d39893a74bc8530.jpg\" alt=\"\" class=\"wp-image-21099\" style=\"width:842px;height:auto\"\/><figcaption class=\"wp-element-caption\">Magdalena Berkowska<\/figcaption><\/figure>\n<\/div>\n\n\n<p>Magdalena Berkowska dyrektor dzia\u0142u sprzeda\u017cy Zag\u0142\u0119bia Lubin obchodzi dzisiaj urodziny.<\/p>\n","protected":false},"excerpt":{"rendered":"<p>Jaros\u0142aw G\u00f3ra urodzi\u0142 si\u0119 17 pa\u017adziernika 1964 roku w Lublinie. Pomocnik trafi\u0142 do Zag\u0142\u0119bia Lubin z Motoru Lublin. W latach 1988-1992 rozegra\u0142 dla Zag\u0142\u0119bia w Ekstraklasie 77 spotka\u0144 i strzeli\u0142&hellip; <\/p>\n","protected":false},"author":1,"featured_media":21097,"comment_status":"open","ping_status":"open","sticky":false,"template":"","format":"standard","meta":{"footnotes":""},"categories":[46],"tags":[1136,98,1134,1135,89],"class_list":["post-26231","post","type-post","status-publish","format-standard","has-post-thumbnail","hentry","category-aktualnosci","tag-igor-stanczak","tag-jaroslaw-gora","tag-magdalena-berkowska","tag-pawel-kijowski","tag-zaglebie-lubin"],"_links":{"self":[{"href":"https:\/\/www.zaglebiak.com\/index.php\/wp-json\/wp\/v2\/posts\/26231","targetHints":{"allow":["GET"]}}],"collection":[{"href":"https:\/\/www.zaglebiak.com\/index.php\/wp-json\/wp\/v2\/posts"}],"about":[{"href":"https:\/\/www.zaglebiak.com\/index.php\/wp-json\/wp\/v2\/types\/post"}],"author":[{"embeddable":true,"href":"https:\/\/www.zaglebiak.com\/index.php\/wp-json\/wp\/v2\/users\/1"}],"replies":[{"embeddable":true,"href":"https:\/\/www.zaglebiak.com\/index.php\/wp-json\/wp\/v2\/comments?post=26231"}],"version-history":[{"count":1,"href":"https:\/\/www.zaglebiak.com\/index.php\/wp-json\/wp\/v2\/posts\/26231\/revisions"}],"predecessor-version":[{"id":26232,"href":"https:\/\/www.zaglebiak.com\/index.php\/wp-json\/wp\/v2\/posts\/26231\/revisions\/26232"}],"wp:featuredmedia":[{"embeddable":true,"href":"https:\/\/www.zaglebiak.com\/index.php\/wp-json\/wp\/v2\/media\/21097"}],"wp:attachment":[{"href":"https:\/\/www.zaglebiak.com\/index.php\/wp-json\/wp\/v2\/media?parent=26231"}],"wp:term":[{"taxonomy":"category","embeddable":true,"href":"https:\/\/www.zaglebiak.com\/index.php\/wp-json\/wp\/v2\/categories?post=26231"},{"taxonomy":"post_tag","embeddable":true,"href":"https:\/\/www.zaglebiak.com\/index.php\/wp-json\/wp\/v2\/tags?post=26231"}],"curies":[{"name":"wp","href":"https:\/\/api.w.org\/{rel}","templated":true}]}}