{"id":26187,"date":"2024-10-10T16:18:14","date_gmt":"2024-10-10T14:18:14","guid":{"rendered":"https:\/\/www.zaglebiak.com\/?p=26187"},"modified":"2024-10-10T16:18:16","modified_gmt":"2024-10-10T14:18:16","slug":"10-pazdziernika-urodzili-sie-tomasz-salamonski-i-matija-kristic-2","status":"publish","type":"post","link":"https:\/\/www.zaglebiak.com\/index.php\/2024\/10\/10\/10-pazdziernika-urodzili-sie-tomasz-salamonski-i-matija-kristic-2\/","title":{"rendered":"10 pa\u017adziernika urodzili si\u0119 Tomasz Salamo\u0144ski i Matija Kristi\u0107"},"content":{"rendered":"<div class=\"wp-block-image\">\n<figure class=\"aligncenter\"><img loading=\"lazy\" decoding=\"async\" width=\"850\" height=\"524\" src=\"https:\/\/www.zaglebiak.com\/wp-content\/uploads\/2023\/10\/Salamon.jpg\" alt=\"\" class=\"wp-image-20997\" srcset=\"https:\/\/www.zaglebiak.com\/wp-content\/uploads\/2023\/10\/Salamon.jpg 850w, https:\/\/www.zaglebiak.com\/wp-content\/uploads\/2023\/10\/Salamon-300x185.jpg 300w, https:\/\/www.zaglebiak.com\/wp-content\/uploads\/2023\/10\/Salamon-768x473.jpg 768w\" sizes=\"auto, (max-width: 850px) 100vw, 850px\" \/><figcaption class=\"wp-element-caption\">Tomasz Salamo\u0144ski<\/figcaption><\/figure>\n<\/div>\n\n\n<p>Tomasz Salamo\u0144ski urodzi\u0142 si\u0119 10 pa\u017adziernika 1973 roku w W\u0105soszu. Wychowanek Orli W\u0105sosz trafi\u0142 do Zag\u0142\u0119bia Lubin z G\u00f3rnika Polkowice. Gra\u0142 w Zag\u0142\u0119biu Lubin w latach 2003-2006. Z Lubina powr\u00f3ci\u0142 do G\u00f3rnika Polkowice gdzie zako\u0144czy\u0142 swoj\u0105 karier\u0119.<\/p>\n\n\n<div class=\"wp-block-image\">\n<figure class=\"aligncenter\"><img loading=\"lazy\" decoding=\"async\" width=\"1000\" height=\"591\" src=\"https:\/\/www.zaglebiak.com\/wp-content\/uploads\/2023\/10\/Kristic.jpg\" alt=\"\" class=\"wp-image-20998\" srcset=\"https:\/\/www.zaglebiak.com\/wp-content\/uploads\/2023\/10\/Kristic.jpg 1000w, https:\/\/www.zaglebiak.com\/wp-content\/uploads\/2023\/10\/Kristic-300x177.jpg 300w, https:\/\/www.zaglebiak.com\/wp-content\/uploads\/2023\/10\/Kristic-768x454.jpg 768w\" sizes=\"auto, (max-width: 1000px) 100vw, 1000px\" \/><figcaption class=\"wp-element-caption\">Matija Kristi\u0107<\/figcaption><\/figure>\n<\/div>\n\n\n<p>Matija Kristi\u0107 urodzi\u0142 si\u0119 10 pa\u017adziernika 1978 roku w Vara\u017adin. Wychowanek chorwackiego NK Vardeks Vara\u017adin trafi\u0142 do Zag\u0142\u0119bia Lubin jesieni\u0105 2005 roku. Przez rund\u0119 rozegra\u0142 4 spotkania i strzeli\u0142 jedn\u0105 bramk\u0119, w szalonym meczu z Lechem Pozna\u0144 zako\u0144czonym pora\u017ck\u0105 5:4. Wiosn\u0119 2006 roku gra\u0142 w rezerwach lubi\u0144skiej dru\u017cyny. Jesieni\u0105 2006 roku odszed\u0142 do NK Slaven Koprivnica.<\/p>\n","protected":false},"excerpt":{"rendered":"<p>Tomasz Salamo\u0144ski urodzi\u0142 si\u0119 10 pa\u017adziernika 1973 roku w W\u0105soszu. Wychowanek Orli W\u0105sosz trafi\u0142 do Zag\u0142\u0119bia Lubin z G\u00f3rnika Polkowice. Gra\u0142 w Zag\u0142\u0119biu Lubin w latach 2003-2006. Z Lubina powr\u00f3ci\u0142&hellip; <\/p>\n","protected":false},"author":1,"featured_media":20997,"comment_status":"open","ping_status":"open","sticky":false,"template":"","format":"standard","meta":{"footnotes":""},"categories":[46],"tags":[1652,1120,89],"class_list":["post-26187","post","type-post","status-publish","format-standard","has-post-thumbnail","hentry","category-aktualnosci","tag-matija-kristic","tag-tomasz-salamonski","tag-zaglebie-lubin"],"_links":{"self":[{"href":"https:\/\/www.zaglebiak.com\/index.php\/wp-json\/wp\/v2\/posts\/26187","targetHints":{"allow":["GET"]}}],"collection":[{"href":"https:\/\/www.zaglebiak.com\/index.php\/wp-json\/wp\/v2\/posts"}],"about":[{"href":"https:\/\/www.zaglebiak.com\/index.php\/wp-json\/wp\/v2\/types\/post"}],"author":[{"embeddable":true,"href":"https:\/\/www.zaglebiak.com\/index.php\/wp-json\/wp\/v2\/users\/1"}],"replies":[{"embeddable":true,"href":"https:\/\/www.zaglebiak.com\/index.php\/wp-json\/wp\/v2\/comments?post=26187"}],"version-history":[{"count":1,"href":"https:\/\/www.zaglebiak.com\/index.php\/wp-json\/wp\/v2\/posts\/26187\/revisions"}],"predecessor-version":[{"id":26188,"href":"https:\/\/www.zaglebiak.com\/index.php\/wp-json\/wp\/v2\/posts\/26187\/revisions\/26188"}],"wp:featuredmedia":[{"embeddable":true,"href":"https:\/\/www.zaglebiak.com\/index.php\/wp-json\/wp\/v2\/media\/20997"}],"wp:attachment":[{"href":"https:\/\/www.zaglebiak.com\/index.php\/wp-json\/wp\/v2\/media?parent=26187"}],"wp:term":[{"taxonomy":"category","embeddable":true,"href":"https:\/\/www.zaglebiak.com\/index.php\/wp-json\/wp\/v2\/categories?post=26187"},{"taxonomy":"post_tag","embeddable":true,"href":"https:\/\/www.zaglebiak.com\/index.php\/wp-json\/wp\/v2\/tags?post=26187"}],"curies":[{"name":"wp","href":"https:\/\/api.w.org\/{rel}","templated":true}]}}