{"id":26171,"date":"2024-10-06T20:26:38","date_gmt":"2024-10-06T18:26:38","guid":{"rendered":"https:\/\/www.zaglebiak.com\/?p=26171"},"modified":"2024-10-06T20:26:41","modified_gmt":"2024-10-06T18:26:41","slug":"dzisiaj-urodziny-obchodzi-michal-szczygiel","status":"publish","type":"post","link":"https:\/\/www.zaglebiak.com\/index.php\/2024\/10\/06\/dzisiaj-urodziny-obchodzi-michal-szczygiel\/","title":{"rendered":"Dzisiaj urodziny obchodzi Micha\u0142 Szczygie\u0142"},"content":{"rendered":"<div class=\"wp-block-image\">\n<figure class=\"aligncenter size-large\"><img loading=\"lazy\" decoding=\"async\" width=\"803\" height=\"1024\" src=\"https:\/\/www.zaglebiak.com\/wp-content\/uploads\/2024\/10\/Michal-Szczygiel-kopia-803x1024.jpg\" alt=\"\" class=\"wp-image-26173\" srcset=\"https:\/\/www.zaglebiak.com\/wp-content\/uploads\/2024\/10\/Michal-Szczygiel-kopia-803x1024.jpg 803w, https:\/\/www.zaglebiak.com\/wp-content\/uploads\/2024\/10\/Michal-Szczygiel-kopia-235x300.jpg 235w, https:\/\/www.zaglebiak.com\/wp-content\/uploads\/2024\/10\/Michal-Szczygiel-kopia-768x979.jpg 768w, https:\/\/www.zaglebiak.com\/wp-content\/uploads\/2024\/10\/Michal-Szczygiel-kopia-1205x1536.jpg 1205w, https:\/\/www.zaglebiak.com\/wp-content\/uploads\/2024\/10\/Michal-Szczygiel-kopia-1606x2048.jpg 1606w, https:\/\/www.zaglebiak.com\/wp-content\/uploads\/2024\/10\/Michal-Szczygiel-kopia.jpg 1699w\" sizes=\"auto, (max-width: 803px) 100vw, 803px\" \/><figcaption class=\"wp-element-caption\">Micha\u0142 Szczygie\u0142<\/figcaption><\/figure>\n<\/div>\n\n\n<p>Dzisiaj urodziny obchodzi Micha\u0142 Szczygie\u0142. Od lat zwi\u0105zany z Zag\u0142\u0119biem, pisz\u0105cy o nim i prowadz\u0105cy Specjalist\u00f3wZL. Jest r\u00f3wnie\u017c cz\u0142onkiem Stowarzyszenia Muzeum Zag\u0142\u0119bia Lubin.   <\/p>\n","protected":false},"excerpt":{"rendered":"<p>Dzisiaj urodziny obchodzi Micha\u0142 Szczygie\u0142. Od lat zwi\u0105zany z Zag\u0142\u0119biem, pisz\u0105cy o nim i prowadz\u0105cy Specjalist\u00f3wZL. Jest r\u00f3wnie\u017c cz\u0142onkiem Stowarzyszenia Muzeum Zag\u0142\u0119bia Lubin.<\/p>\n","protected":false},"author":1,"featured_media":26172,"comment_status":"open","ping_status":"open","sticky":false,"template":"","format":"standard","meta":{"footnotes":""},"categories":[46],"tags":[1245,89],"class_list":["post-26171","post","type-post","status-publish","format-standard","has-post-thumbnail","hentry","category-aktualnosci","tag-michal-szczygiel","tag-zaglebie-lubin"],"_links":{"self":[{"href":"https:\/\/www.zaglebiak.com\/index.php\/wp-json\/wp\/v2\/posts\/26171","targetHints":{"allow":["GET"]}}],"collection":[{"href":"https:\/\/www.zaglebiak.com\/index.php\/wp-json\/wp\/v2\/posts"}],"about":[{"href":"https:\/\/www.zaglebiak.com\/index.php\/wp-json\/wp\/v2\/types\/post"}],"author":[{"embeddable":true,"href":"https:\/\/www.zaglebiak.com\/index.php\/wp-json\/wp\/v2\/users\/1"}],"replies":[{"embeddable":true,"href":"https:\/\/www.zaglebiak.com\/index.php\/wp-json\/wp\/v2\/comments?post=26171"}],"version-history":[{"count":1,"href":"https:\/\/www.zaglebiak.com\/index.php\/wp-json\/wp\/v2\/posts\/26171\/revisions"}],"predecessor-version":[{"id":26174,"href":"https:\/\/www.zaglebiak.com\/index.php\/wp-json\/wp\/v2\/posts\/26171\/revisions\/26174"}],"wp:featuredmedia":[{"embeddable":true,"href":"https:\/\/www.zaglebiak.com\/index.php\/wp-json\/wp\/v2\/media\/26172"}],"wp:attachment":[{"href":"https:\/\/www.zaglebiak.com\/index.php\/wp-json\/wp\/v2\/media?parent=26171"}],"wp:term":[{"taxonomy":"category","embeddable":true,"href":"https:\/\/www.zaglebiak.com\/index.php\/wp-json\/wp\/v2\/categories?post=26171"},{"taxonomy":"post_tag","embeddable":true,"href":"https:\/\/www.zaglebiak.com\/index.php\/wp-json\/wp\/v2\/tags?post=26171"}],"curies":[{"name":"wp","href":"https:\/\/api.w.org\/{rel}","templated":true}]}}