{"id":26096,"date":"2024-09-20T12:27:38","date_gmt":"2024-09-20T10:27:38","guid":{"rendered":"https:\/\/www.zaglebiak.com\/?p=26096"},"modified":"2024-09-20T12:28:42","modified_gmt":"2024-09-20T10:28:42","slug":"droga-donikad","status":"publish","type":"post","link":"https:\/\/www.zaglebiak.com\/index.php\/2024\/09\/20\/droga-donikad\/","title":{"rendered":"Droga donik\u0105d"},"content":{"rendered":"\n<p><strong>Powiedzie\u0107, \u017ce w Lubinie atmosfera jest nerwowa, to nic nie powiedzie\u0107. Pora\u017cka, po s\u0142abym meczu w wykonaniu Miedziowych, w Kielcach sprawi\u0142a, \u017ce w \u015brodowisku kibic\u00f3w a\u017c kipi, a pro\u015bby o zako\u0144czenie misji Waldemara Fornalika pojawiaj\u0105 si\u0119 ju\u017c w zasadzie na ka\u017cdym kroku i przy ka\u017cdej okazji. Wida\u0107 bowiem jak na d\u0142oni, \u017ce ca\u0142y ten projekt zmierza donik\u0105d.<\/strong><\/p>\n\n\n\n<h2 class=\"wp-block-heading\">M\u0142odzie\u017c<\/h2>\n\n\n\n<p>Ogl\u0105daj\u0105c z trybun ostatni mecz Miedziowych w Kielcach, pr\u00f3bowa\u0142em sobie wynotowa\u0107 wszystkie rzeczy, kt\u00f3re projektu pod nazw\u0105 Waldemar Fornalik mog\u0142yby broni\u0107. Oczywi\u015bcie zadanie, kt\u00f3re przed nim postawiono, \u0142atwe nie by\u0142o, bo rewolucja w strukturze kadry i pr\u00f3ba przesuni\u0119cia punkt\u00f3w ci\u0119\u017cko\u015bci w stron\u0119 m\u0142odych zawodnik\u00f3w to wyj\u015bcie bardzo daleko poza stref\u0119 komfortu trenera. Skoro jednak wyzwania si\u0119 podj\u0105\u0142, a jak sam twierdzi\u0142, wci\u0105\u017c co\u015b do udowodnienia w Lubinie ma, to o taryfie ulgowej mowy by\u0107 nie mo\u017ce.<\/p>\n\n\n\n<p>Niestety z ka\u017cdym kolejnym meczem staje si\u0119 coraz bardziej jasne, \u017ce niestety jest to tylko przed\u0142u\u017canie agonii. Co prawda do sk\u0142adu trafi\u0142 na sta\u0142e Igor Orlikowski &#8211; b\u0119d\u0105c jedynym plusem zmiany koncepcji przed sezonem &#8211; ale poza nim pr\u00f3\u017cno szuka\u0107 kolejnych. K\u0142udka na boisku sp\u0119dzi\u0142 88 minut (z czego po\u0142ow\u0119 poza nominaln\u0105 pozycj\u0105), a Kusztal ma ich 136. Trudno wi\u0119c o argument, \u017ce to przez wprowadzanie m\u0142odych zesp\u00f3\u0142 straci\u0142 nieco na jako\u015bci.<\/p>\n\n\n\n<p>Misj\u0105 trenera Fornalika mia\u0142o by\u0107 r\u00f3wnie\u017c odbudowanie Pie\u0144ko, ale mimo i\u017c Tomek gra ca\u0142kiem sporo, wci\u0105\u017c brakuje mu b\u0142ysku, z kt\u00f3rego da\u0142 si\u0119 pozna\u0107 ju\u017c wcze\u015bniej. Pomys\u0142em na ustabilizowanie jego formy mia\u0142o by\u0107 przypisanie mu na sta\u0142e jednej boiskowej pozycji, ale wygl\u0105da na to, \u017ce niewiele to zmieni\u0142o. W moim odczuciu, rozwi\u0105zania szuka\u0107 raczej nale\u017cy poza boiskiem.<\/p>\n\n\n\n<h2 class=\"wp-block-heading\">Do\u015bwiadczenie&nbsp;<\/h2>\n\n\n\n<p>Ci\u0119\u017caru na swoje barki nie bior\u0105 te\u017c do\u015bwiadczeni gracze. Dawid Kurminowski od pocz\u0105tku sezonu boryka si\u0119 z k\u0142opotami zdrowotnymi, co musi odbija\u0107 si\u0119 na jego dorobku strzeleckim (tylko jedna zdobyta bramka). Bardzo brakuje te\u017c twardych liczb po stronie pomocnik\u00f3w. Po jednej bramce maj\u0105 na koncie Pie\u0144ko i Adamczyk, ledwie po jednej asy\u015bcie maj\u0105 D\u0105browski, Wdowiak, i Radwa\u0144ski, a bez dorobku wci\u0105\u017c pozostaj\u0105 Marek Mr\u00f3z i Kajetan Szmyt. Ci\u0119\u017cko my\u015ble\u0107 wi\u0119c o wygrywaniu mecz\u00f3w, skoro nie bardzo jest komu zdoby\u0107 bramki.<\/p>\n\n\n\n<p>Brak twardych liczb powoduje, i\u017c Zag\u0142\u0119bie punktuje obecnie na poziomie 1 punkt\/mecz i jest to wynik, kt\u00f3ry &#8211; bior\u0105c pod uwag\u0119 zesz\u0142y sezon &#8211; jest na poziomie dru\u017cyn, kt\u00f3re z Ekstraklasy spad\u0142y. Jest on nawet daleki od Zag\u0142\u0119bia z poprzedniego sezonu, gdzie finalnie sko\u0144czy\u0142o si\u0119 na \u015bredniej 1,38 pkt\/mecz<\/p>\n\n\n\n<p>W dodatku lista zawodnik\u00f3w kontuzjowanych wci\u0105\u017c si\u0119 wyd\u0142u\u017ca. Do lecz\u0105cych obecnie urazy Kopacza i Makowskiego dopisa\u0107 nale\u017cy Szmyta i Kurminowskiego, kt\u00f3rzy odnie\u015bli w starciu z Koron\u0105 powa\u017cne urazy. Ostro\u017cne szacunki m\u00f3wi\u0105 o 6 tygodniach przerwy w obu przypadkach, ale nie brakuje g\u0142os\u00f3w, \u017ce do grania mog\u0105 wr\u00f3ci\u0107 dopiero po przerwie zimowej. Problem z barkiem Kajetana ci\u0105gnie si\u0119 ju\u017c od d\u0142u\u017cszego czasu, ale w tym przypadku jestem w stanie uwierzy\u0107, \u017ce by\u0142 to zwyczajnie pech, natomiast uraz mi\u0119\u015bniowy zaraz po przerwie na kadr\u0119 jest ju\u017c co najmniej zastanawiaj\u0105cy.<\/p>\n\n\n\n<h2 class=\"wp-block-heading\">Przerwa na kadr\u0119<\/h2>\n\n\n\n<p>Wydawa\u0107 by si\u0119 wi\u0119c mog\u0142o, \u017ce nast\u0119puj\u0105ca po spotkaniu z Piastem przerwa reprezentacyjna wypad\u0142a w najlepszym mo\u017cliwym momencie i b\u0119dzie czas na to, by cho\u0107 cz\u0119\u015b\u0107 mankament\u00f3w w grze poprawi\u0107. Tyle tylko, \u017ce nic takiego miejsca nie mia\u0142o. Zag\u0142\u0119bie w Kielcach wygl\u0105da\u0142o bezradnie, w dodatku by\u0142o s\u0142absze od rywala fizycznie, co po meczu podkre\u015blali sami pi\u0142karze. Mo\u017cna oczywi\u015bcie gdyba\u0107, jak ten mecz by si\u0119 potocy\u0142 gdyby swoj\u0105 okazj\u0119 ju\u017c na pocz\u0105tku wykorzysta\u0142 Pie\u0144ko, ale mam wra\u017cenie, \u017ce by\u0142by to temat mocno zast\u0119pczy.<\/p>\n\n\n\n<p>Trudno by\u0142o oczekiwa\u0107, i\u017c trener Fornalik straci posad\u0119 zaraz po meczu z Piastem. Je\u015bli prezes Je\u017c szczerze wierzy\u0142, \u017ce projekt ten ma szanse si\u0119 uda\u0107, nie m\u00f3g\u0142 post\u0105pi\u0107 inaczej ni\u017c da\u0107 sztabowi jeszcze jedn\u0105 szans\u0119 na udowodnienie, \u017ce maj\u0105 pomys\u0142, jak wyprowadzi\u0107 zesp\u00f3\u0142 z opa\u0142\u00f3w. By\u0142o to jednak bardzo ryzykowne posuni\u0119cie, bior\u0105c pod uwag\u0119 to, jak Zag\u0142\u0119bie punktowa\u0142o w\u0142a\u015bnie po tych przerwach.<\/p>\n\n\n\n<p>Je\u015bli bra\u0107 bowiem pod uwag\u0119 tylko pierwszy mecz po ka\u017cdej z przerw, od pocz\u0105tku kadencji trenera Fornalika zesp\u00f3\u0142 Zag\u0142\u0119bia na sze\u015b\u0107 spotka\u0144 tylko raz wygra\u0142, dwa razy remisowa\u0142 i a\u017c trzykrotnie przegra\u0142. Gdy jednak spojrzymy nieco szerzej i pod uwag\u0119 we\u017amiemy trzy kolejne spotkania po meczach kadry, da si\u0119 zauwa\u017cy\u0107 pewn\u0105 tendencj\u0119. Na szesna\u015bcie spotka\u0144 (wci\u0105\u017c przed nami mecze z Rakowem i Radomiakiem), a\u017c 10 z nich zako\u0144czy\u0142o si\u0119 pora\u017ck\u0105, 3 remisem a tylko trzy rozstrzygn\u0119li\u015bmy na nasz\u0105 korzy\u015b\u0107. 18% to wr\u0119cz zawstydzaj\u0105ca statystyka, a to przy za\u0142o\u017ceniu, \u017ce jako wygran\u0105 potraktujemy rozstrzygni\u0119te dogrywk\u0105 (sic!) spotkanie w Kleczewie. W innym wypadku wynik spada do warto\u015bci 12%.<\/p>\n\n\n\n<p>Ju\u017c sam ten fakt powoduje, \u017ce wstrzymywanie si\u0119 ze zmian\u0105 szkoleniowca do kolejnej przerwy na kadr\u0119 (nast\u0105pi po meczu z Widzewem &#8211; czyli za 6 kolejek) to ju\u017c igranie z ogniem, a przecie\u017c tych element\u00f3w jest wi\u0119cej.<\/p>\n\n\n\n<h2 class=\"wp-block-heading\">Reakcja na wydarzenia<\/h2>\n\n\n\n<p>Niestety to nie koniec z\u0142ych wie\u015bci. Bardzo du\u017co o tym, jak dru\u017cyna funkcjonuje, m\u00f3wi\u0105 liczby mecz\u00f3w, w kt\u00f3rych wynik uda\u0142o si\u0119 odwr\u00f3ci\u0107. Mo\u017cna bowiem mie\u0107 kulej\u0105c\u0105 defensyw\u0119, ale wtedy trzeba nadrabia\u0107 w ataku. R\u00f3wnie\u017c i w tym aspekcie dru\u017cyna Waldemara Fornalika wypada bardzo blado.<\/p>\n\n\n\n<p>Cztery pora\u017cki i dwa remisy, to bilans dru\u017cyny Zag\u0142\u0119bia Lubin po o\u015bmiu kolejkach obecnego sezonu. Jasne, 8 mecz\u00f3w to jeszcze nie jest miarodajny okres, ale wyra\u017anie zarysowuje si\u0119 trend, kt\u00f3ry kibice Zag\u0142\u0119bia znaj\u0105 doskonale. W poprzednim bowiem sezonie tylko dwukrotnie wynik odwr\u00f3ci\u0107 si\u0119 uda\u0142o, w dw\u00f3ch meczach pad\u0142 remis, a a\u017c dwunastokrotnie Zag\u0142\u0119bie schodzi\u0142o z boiska pokonane. To a\u017c 75%!<\/p>\n\n\n\n<p>Wszystko oczywi\u015bcie sprowadza si\u0119 do g\u0142\u00f3wnej bol\u0105czki dru\u017cyny Fornalika, czyli zdobywania goli. Z pi\u0119cioma zdobytymi bramkami mamy obecnie drug\u0105 najgorsz\u0105 ofensyw\u0119 ligi (Stal ma jednak jeden mecz zaleg\u0142y). Tylko raz uda\u0142o nam si\u0119 strzeli\u0107 wi\u0119cej ni\u017c jedn\u0105 bramk\u0119 w meczu, a bilans bramek w meczach wyjazdowych to a\u017c 1-6, co jest najgorszym wynikiem w lidze.<\/p>\n\n\n\n<h2 class=\"wp-block-heading\">Jesienna deprecha<\/h2>\n\n\n\n<p>Optymizmem nie powia\u0142o, a to i tak dopiero przygrywka. Przed nami bowiem klasyczna jesienna deprecha, kt\u00f3r\u0105 serwuj\u0105 nam szkoleniowcy w Lubinie ju\u017c od d\u0142u\u017cszego czasu.&nbsp;<\/p>\n\n\n\n<p>Czym jest jesienna deprecha?<\/p>\n\n\n\n<figure class=\"wp-block-embed is-type-rich is-provider-twitter wp-block-embed-twitter\"><div class=\"wp-block-embed__wrapper\">\n<blockquote class=\"twitter-tweet\" data-width=\"550\" data-dnt=\"true\"><p lang=\"pl\" dir=\"ltr\">Ostrzegam, tego nie da si\u0119 odzobaczy\u0107! <br><br>Okres rozpatrywany:<br>01 pa\u017adziernik -&gt; 31 grudzie\u0144<br><br>Jesienna deprecha mode on:<br><br>19\/20<br>*Miejsce: 7<br>Punkty: 16<br>Bilans: 5-1-4 (12\/11)<br>Bilans dom: 2-1-1 (6\/4)<br>Bilans wyjazd: 3-0-3 (6\/7)<br><br>20\/21<br>*Miejsce: 9<br>Punkty: 12<br>Bilans: 3-3-3 (12\/11)<br>Bilans\u2026 <a href=\"https:\/\/t.co\/Vv9daCmHxN\">https:\/\/t.co\/Vv9daCmHxN<\/a><\/p>&mdash; Micha\u0142 Szczygie\u0142 (@_szczygielm) <a href=\"https:\/\/twitter.com\/_szczygielm\/status\/1734987374436720824?ref_src=twsrc%5Etfw\">December 13, 2023<\/a><\/blockquote><script async src=\"https:\/\/platform.twitter.com\/widgets.js\" charset=\"utf-8\"><\/script>\n<\/div><\/figure>\n\n\n\n<p>Zdumiewaj\u0105ce jest jednak to, i\u017c ca\u0142y czas poszukujemy odpowiedzi na pytanie, sk\u0105d bierze si\u0119 ta swoista niemoc. Istnieje cie\u0144 szansy, \u017ce ma to zwi\u0105zek z jak\u0105\u015b niekorzystn\u0105 dla Zag\u0142\u0119bia kosmiczn\u0105 koniunkcj\u0105 planet, lub zupe\u0142nie niespodziewanie pod MSC98 znalaz\u0142a si\u0119 nieodkryta dot\u0105d \u017cy\u0142a wodna, kt\u00f3ra skutecznie sabotuje wszelkie nawet najlepsze pomys\u0142y na rozwi\u0105zanie tematu.&nbsp;<\/p>\n\n\n\n<p>Ja jednak sk\u0142aniam si\u0119 ku temu, \u017ce odpowiedzi na ni\u0105 wci\u0105\u017c szukaj\u0105 dok\u0142adnie Ci sami ludzie, kt\u00f3rzy dot\u0105d na rozwik\u0142aniu tego problemu polegli ju\u017c wcze\u015bniej &#8211; z czego niekt\u00f3rzy wielokrotnie. Niestety na poparcie swojej tezy nie mam \u017cadnych dowod\u00f3w, wi\u0119c traktujcie to, prosz\u0119, jako nic wi\u0119cej, jak zwyk\u0142e przeczucie.<\/p>\n\n\n\n<h2 class=\"wp-block-heading\">Droga donik\u0105d<\/h2>\n\n\n\n<p>Ko\u0144cz\u0105c nieco ten ma\u0142o przyjemny dla wszystkich kibic\u00f3w Miedziowych felieton, pozw\u00f3lcie na kr\u00f3tkie podsumowanie. Jeste\u015bmy bowiem w sytuacji, w kt\u00f3rej kalendarz nie pokazuje jeszcze pa\u017adziernika, a my ju\u017c do\u015b\u0107 serio powinni\u015bmy zaczyna\u0107 si\u0119 martwi\u0107 o to, czy zesp\u00f3\u0142 uda si\u0119 w najwy\u017cszej klasie rozgrywkowej utrzyma\u0107.<\/p>\n\n\n\n<p>Na dzi\u015b nic na to nie wskazuje. Napastnicy strzelaj\u0105 od \u015bwi\u0119ta, pomocnicy nie prze\u015bcigaj\u0105 si\u0119 w asystach, a blok obronny, mimo dw\u00f3ch prawie lat pracy trenera, wci\u0105\u017c przypomina bardziej durszlak, ni\u017c ceglany mur. W dodatku s\u0142abo reagujemy na sytuacje boiskowe (Fornalik sam wspomina\u0142, \u017ce nie jest czasem zadowolony ze zmiennik\u00f3w), zaraz mo\u017cemy wpa\u015b\u0107 w kolejn\u0105 depresj\u0119, a pomocy w przerwach na kadr\u0119 nie ma co szuka\u0107. I tylko z czystej wrodzonej \u017cyczliwo\u015bci nie wspomn\u0119 tutaj o \u015bwietnych zimowych przygotowaniach do wiosny.<\/p>\n\n\n\n<p>Przesta\u0144my wreszcie udawa\u0107, \u017ce od prze\u0142amania z\u0142ej passy jeste\u015bmy o krok i tylko niefartowny zbieg okoliczno\u015bci dzieli nas od rozpocz\u0119cia marszu w g\u00f3r\u0119 tabeli. Ogl\u0105danie mecz\u00f3w Zag\u0142\u0119bia Lubin to zn\u00f3w jest wyzwanie nawet dla najbardziej zaprawionych w ligowych meczach walki weteran\u00f3w. Wida\u0107 to po tym, co si\u0119 o nas pisze i m\u00f3wi, wida\u0107 to po opiniach ludzi pi\u0142ka si\u0119 zajmuj\u0105cych, a przede wszystkim wida\u0107 to po spadaj\u0105cej na \u0142eb na szyj\u0119 frekwencji na naszym stadionie.<\/p>\n\n\n\n<p>Najwy\u017cszy czas by kto\u015b powiedzia\u0142 do\u015b\u0107! Ka\u017cdy kolejny dzie\u0144, ka\u017cdy kolejny mikrocykl i ka\u017cde kolejne spotkanie oddala nas tylko od postawionego przez w\u0142a\u015bciciela, a tak\u017ce oczekiwanego przez wszystkich w Lubinie celu, a wstrzymywanie nieuchronnej decyzji zakrawa na zabaw\u0119 w rosyjsk\u0105 ruletk\u0119.<\/p>\n\n\n\n<p>Mam tylko wielk\u0105 nadziej\u0119, \u017ce zmiana b\u0119dzie dog\u0142\u0119bnie przemy\u015blana, bo trzeci raz takiego upokorzenia jak po erze Piotra Stokowca i obecnie Waldemara Fornalika wielu kibic\u00f3w zwyczajnie mo\u017ce nie prze\u0142kn\u0105\u0107 i mo\u017cemy ich straci\u0107 bezpowrotnie.<\/p>\n","protected":false},"excerpt":{"rendered":"<p>Powiedzie\u0107, \u017ce w Lubinie atmosfera jest nerwowa, to nic nie powiedzie\u0107. Pora\u017cka, po s\u0142abym meczu w wykonaniu Miedziowych, w Kielcach sprawi\u0142a, \u017ce w \u015brodowisku kibic\u00f3w a\u017c kipi, a pro\u015bby o&hellip; <\/p>\n","protected":false},"author":5,"featured_media":26092,"comment_status":"open","ping_status":"open","sticky":false,"template":"","format":"standard","meta":{"footnotes":""},"categories":[7],"tags":[2151,1678,89],"class_list":["post-26096","post","type-post","status-publish","format-standard","has-post-thumbnail","hentry","category-felietony","tag-pawel-jez","tag-waldemar-fornalik","tag-zaglebie-lubin"],"_links":{"self":[{"href":"https:\/\/www.zaglebiak.com\/index.php\/wp-json\/wp\/v2\/posts\/26096","targetHints":{"allow":["GET"]}}],"collection":[{"href":"https:\/\/www.zaglebiak.com\/index.php\/wp-json\/wp\/v2\/posts"}],"about":[{"href":"https:\/\/www.zaglebiak.com\/index.php\/wp-json\/wp\/v2\/types\/post"}],"author":[{"embeddable":true,"href":"https:\/\/www.zaglebiak.com\/index.php\/wp-json\/wp\/v2\/users\/5"}],"replies":[{"embeddable":true,"href":"https:\/\/www.zaglebiak.com\/index.php\/wp-json\/wp\/v2\/comments?post=26096"}],"version-history":[{"count":1,"href":"https:\/\/www.zaglebiak.com\/index.php\/wp-json\/wp\/v2\/posts\/26096\/revisions"}],"predecessor-version":[{"id":26098,"href":"https:\/\/www.zaglebiak.com\/index.php\/wp-json\/wp\/v2\/posts\/26096\/revisions\/26098"}],"wp:featuredmedia":[{"embeddable":true,"href":"https:\/\/www.zaglebiak.com\/index.php\/wp-json\/wp\/v2\/media\/26092"}],"wp:attachment":[{"href":"https:\/\/www.zaglebiak.com\/index.php\/wp-json\/wp\/v2\/media?parent=26096"}],"wp:term":[{"taxonomy":"category","embeddable":true,"href":"https:\/\/www.zaglebiak.com\/index.php\/wp-json\/wp\/v2\/categories?post=26096"},{"taxonomy":"post_tag","embeddable":true,"href":"https:\/\/www.zaglebiak.com\/index.php\/wp-json\/wp\/v2\/tags?post=26096"}],"curies":[{"name":"wp","href":"https:\/\/api.w.org\/{rel}","templated":true}]}}