{"id":25900,"date":"2024-09-05T09:49:56","date_gmt":"2024-09-05T07:49:56","guid":{"rendered":"https:\/\/www.zaglebiak.com\/?p=25900"},"modified":"2024-09-05T11:13:23","modified_gmt":"2024-09-05T09:13:23","slug":"ruszyla-akcja-miedziowyznicz-2","status":"publish","type":"post","link":"https:\/\/www.zaglebiak.com\/index.php\/2024\/09\/05\/ruszyla-akcja-miedziowyznicz-2\/","title":{"rendered":"Ruszy\u0142a akcja #miedziowyznicz 2"},"content":{"rendered":"\n<p>Moi Drodzy ruszamy z drug\u0105 edycj\u0105 #miedziowyznicz i dzia\u0142amy na praktycznie takich samych zasadach jak to by\u0142o w pierwszej edycji. Znamy ju\u017c praktycznie najwa\u017cniejsze koszty i za\u0142o\u017cyli\u015bmy zbi\u00f3rk\u0119 na zrzutce. Tutaj link: <\/p>\n\n\n\n<p><a href=\"https:\/\/zrzutka.pl\/evew69\">https:\/\/zrzutka.pl\/evew69<\/a><\/p>\n\n\n\n<p>Dla tych, kt\u00f3rzy nie \u015bledzili pierwszej edycji kilka s\u0142\u00f3w wprowadzenia. Akcja ma na celu upami\u0119tnienie i oddanie ho\u0142du zmar\u0142ym, kt\u00f3rzy reprezentowali barwy Zag\u0142\u0119bia Lubin w ca\u0142ej klubowej historii oraz lubi\u0144skich sportowc\u00f3w zwi\u0105zanych z Zag\u0142\u0119biem Miedziowym. Pami\u0119tajcie, \u017ce to nie tylko zawodnicy, trenerzy i dzia\u0142acze tworzyli ten klub. Chcemy pami\u0119ta\u0107 o pracownikach czy kibicach, kt\u00f3rzy po\u015bwi\u0119cali ca\u0142e \u017cycie temu klubowi. W tamtym roku wsp\u00f3\u0142pracowali\u015bmy ze Stowarzyszeniem Zag\u0142\u0119bie Fanatyk\u00f3w oraz FC i grupami dzia\u0142aj\u0105cymi na Zag\u0142\u0119biu. Stowarzyszenie BOKS Lubin przekaza\u0142o nam list\u0119 zmar\u0142ych z sekcji bokserskiej. Do tego dosz\u0142y nasze wieloletnie badania historii i praca polegaj\u0105ca na odnalezieniu grob\u00f3w i stworzeniu biogram\u00f3w zmar\u0142ych. Te prace nadal trwaj\u0105 i zg\u0142aszaj\u0105 si\u0119 kolejne osoby. <\/p>\n\n\n\n<p>W tym roku, na t\u0105 chwil\u0119, zliczyli\u015bmy ponad 200 zniczy do zapalenia w ca\u0142ym kraju i poza granicami. Zrzutka trwa do 10 pa\u017adziernika, bo chcemy mie\u0107 czas na logistyk\u0119 zwi\u0105zan\u0105 z ca\u0142\u0105 akcj\u0105.<\/p>\n\n\n<div class=\"wp-block-image\">\n<figure class=\"aligncenter size-full\"><img loading=\"lazy\" decoding=\"async\" width=\"1600\" height=\"900\" src=\"https:\/\/64.media.tumblr.com\/443bae09a718fdf6fe16a6e6ec38828b\/ac5a669deea1f27c-18\/s2048x3072\/0b56be10c67cdb32935b220f9377cc0cb51c5b2c.jpg\" alt=\"\" class=\"wp-image-25902\"\/><figcaption class=\"wp-element-caption\">Grafik\u0119 dla nas wykona\u0142 Bartosz Sawicki<\/figcaption><\/figure>\n<\/div>\n\n\n<p>Je\u015bli s\u0105 ch\u0119tni do wsparcia akcji finansowo lub chc\u0105 pom\u00f3c w rozwiezieniu zniczy po cmentarzach to zapraszamy do kontaktu. Je\u015bli kto\u015b z Waszej rodziny by\u0142 zwi\u0105zany z Zag\u0142\u0119biem Lubin i reprezentowa\u0142 kt\u00f3r\u0105\u015b z 11 sekcji sportowych r\u00f3wnie\u017c \u015bmia\u0142o piszcie i informujcie nas o tym. <\/p>\n\n\n\n<p>Za ka\u017cd\u0105 form\u0119 wsparcia b\u0119dziemy wdzi\u0119czni, a udost\u0119pnienia zrzutki i informowanie znajomych o takiej akcji to wi\u0119ksza szansa na jej powodzenia. <\/p>\n\n\n\n<p>Podsumowaniem i zako\u0144czeniem ca\u0142ej akcji #miedziowyznicz b\u0119dzie msza \u015bwi\u0119ta w ko\u015bciele pw. Narodzenia Naj\u015bwi\u0119tszej Marii Panny na Starym Lubinie z tzw. apelem zmar\u0142ych, kt\u00f3ra odb\u0119dzie si\u0119 w pi\u0105tek 8 listopada o godzinie 17. Kto mia\u0142 okazj\u0119 by\u0107 w tamtym roku, ten wie, \u017ce by\u0142o mocno sentymentalnie i wiele os\u00f3b wspomina\u0142o swoich bliskich&#8230;<\/p>\n\n\n\n<p>Wi\u0119cej informacji dla zainteresowanych tutaj:<\/p>\n\n\n\n<figure class=\"wp-block-image size-full\"><img loading=\"lazy\" decoding=\"async\" width=\"1257\" height=\"928\" src=\"https:\/\/64.media.tumblr.com\/7170856037d24782d2a850d3d1afdd89\/936999fa5fcbe44a-a1\/s1280x1920\/f634a34512951b2d76ba2982d0e15c5a8b387501.jpg\" alt=\"\" class=\"wp-image-25904\"\/><\/figure>\n","protected":false},"excerpt":{"rendered":"<p>Moi Drodzy ruszamy z drug\u0105 edycj\u0105 #miedziowyznicz i dzia\u0142amy na praktycznie takich samych zasadach jak to by\u0142o w pierwszej edycji. Znamy ju\u017c praktycznie najwa\u017cniejsze koszty i za\u0142o\u017cyli\u015bmy zbi\u00f3rk\u0119 na zrzutce.&hellip; <\/p>\n","protected":false},"author":1,"featured_media":25902,"comment_status":"open","ping_status":"open","sticky":false,"template":"","format":"standard","meta":{"footnotes":""},"categories":[46],"tags":[1974,2295,1434,2136,2248,89],"class_list":["post-25900","post","type-post","status-publish","format-standard","has-post-thumbnail","hentry","category-aktualnosci","tag-miedziowyznicz","tag-groby","tag-historia","tag-muzeum-zaglebia-lubin","tag-pamiec","tag-zaglebie-lubin"],"_links":{"self":[{"href":"https:\/\/www.zaglebiak.com\/index.php\/wp-json\/wp\/v2\/posts\/25900","targetHints":{"allow":["GET"]}}],"collection":[{"href":"https:\/\/www.zaglebiak.com\/index.php\/wp-json\/wp\/v2\/posts"}],"about":[{"href":"https:\/\/www.zaglebiak.com\/index.php\/wp-json\/wp\/v2\/types\/post"}],"author":[{"embeddable":true,"href":"https:\/\/www.zaglebiak.com\/index.php\/wp-json\/wp\/v2\/users\/1"}],"replies":[{"embeddable":true,"href":"https:\/\/www.zaglebiak.com\/index.php\/wp-json\/wp\/v2\/comments?post=25900"}],"version-history":[{"count":2,"href":"https:\/\/www.zaglebiak.com\/index.php\/wp-json\/wp\/v2\/posts\/25900\/revisions"}],"predecessor-version":[{"id":25906,"href":"https:\/\/www.zaglebiak.com\/index.php\/wp-json\/wp\/v2\/posts\/25900\/revisions\/25906"}],"wp:featuredmedia":[{"embeddable":true,"href":"https:\/\/www.zaglebiak.com\/index.php\/wp-json\/wp\/v2\/media\/25902"}],"wp:attachment":[{"href":"https:\/\/www.zaglebiak.com\/index.php\/wp-json\/wp\/v2\/media?parent=25900"}],"wp:term":[{"taxonomy":"category","embeddable":true,"href":"https:\/\/www.zaglebiak.com\/index.php\/wp-json\/wp\/v2\/categories?post=25900"},{"taxonomy":"post_tag","embeddable":true,"href":"https:\/\/www.zaglebiak.com\/index.php\/wp-json\/wp\/v2\/tags?post=25900"}],"curies":[{"name":"wp","href":"https:\/\/api.w.org\/{rel}","templated":true}]}}