{"id":25871,"date":"2024-09-03T02:01:00","date_gmt":"2024-09-03T00:01:00","guid":{"rendered":"https:\/\/www.zaglebiak.com\/?p=25871"},"modified":"2024-09-02T22:03:31","modified_gmt":"2024-09-02T20:03:31","slug":"3-wrzesnia-urodzili-sie-jaroslaw-gierejkiewicz-i-damian-pawlowski-4","status":"publish","type":"post","link":"https:\/\/www.zaglebiak.com\/index.php\/2024\/09\/03\/3-wrzesnia-urodzili-sie-jaroslaw-gierejkiewicz-i-damian-pawlowski-4\/","title":{"rendered":"3 wrze\u015bnia urodzili si\u0119 Jaros\u0142aw Gierejkiewicz i Damian Paw\u0142owski"},"content":{"rendered":"<div class=\"wp-block-image\">\n<figure class=\"aligncenter is-resized\"><img loading=\"lazy\" decoding=\"async\" width=\"360\" height=\"248\" src=\"https:\/\/64.media.tumblr.com\/5351021053f727bc81eebcdd95f5e21f\/c3116ee4759b7e20-6b\/s400x600\/14efea1129e6bb78c5996c0ae9559fef02403b64.jpg\" alt=\"\" class=\"wp-image-20561\" style=\"width:840px;height:auto\"\/><figcaption class=\"wp-element-caption\">Jaros\u0142aw Gierejkiewicz. Fot. Archiwum Muzeum Miedzi<\/figcaption><\/figure>\n<\/div>\n\n\n<p>Jaros\u0142aw Gierejkiewicz urodzi\u0142 si\u0119 3 wrze\u015bnia 1965 roku w Bia\u0142ymstoku. W Zag\u0142\u0119biu Lubin w latach 1986-1988 rozegra\u0142 51 spotka\u0144 i strzeli\u0142 4 bramki. W 1992 roku zdoby\u0142 z Miedzi\u0105 Legnica Puchar Polski.<\/p>\n\n\n<div class=\"wp-block-image\">\n<figure class=\"aligncenter is-resized\"><img loading=\"lazy\" decoding=\"async\" width=\"262\" height=\"262\" src=\"https:\/\/64.media.tumblr.com\/a70837c38cb0a76a5de553ceadfb0196\/c3116ee4759b7e20-98\/s400x600\/c92fd7494278fcfa0c28646cc99222357acbd54f.jpg\" alt=\"\" class=\"wp-image-20559\" style=\"width:579px;height:auto\"\/><figcaption class=\"wp-element-caption\">Damian Paw\u0142owski. Fot. Falubaz.com<\/figcaption><\/figure>\n<\/div>\n\n\n<p>Damian Paw\u0142owski urodzi\u0142 si\u0119 3 wrze\u015bnia 1997 roku. Pomocnik trafi\u0142 do Zag\u0142\u0119bia Lubin z Impulsu Wawr\u00f3w. W latach 2012-2016 reprezentowa\u0142 dru\u017cyny junior\u00f3w i rezerwy Zag\u0142\u0119bia Lubin.<\/p>\n","protected":false},"excerpt":{"rendered":"<p>Jaros\u0142aw Gierejkiewicz urodzi\u0142 si\u0119 3 wrze\u015bnia 1965 roku w Bia\u0142ymstoku. W Zag\u0142\u0119biu Lubin w latach 1986-1988 rozegra\u0142 51 spotka\u0144 i strzeli\u0142 4 bramki. W 1992 roku zdoby\u0142 z Miedzi\u0105 Legnica&hellip; <\/p>\n","protected":false},"author":1,"featured_media":20561,"comment_status":"open","ping_status":"open","sticky":false,"template":"","format":"standard","meta":{"footnotes":""},"categories":[46],"tags":[1055,1054,89],"class_list":["post-25871","post","type-post","status-publish","format-standard","has-post-thumbnail","hentry","category-aktualnosci","tag-damian-pawlowski","tag-jaroslaw-gierejkiewicz","tag-zaglebie-lubin"],"_links":{"self":[{"href":"https:\/\/www.zaglebiak.com\/index.php\/wp-json\/wp\/v2\/posts\/25871","targetHints":{"allow":["GET"]}}],"collection":[{"href":"https:\/\/www.zaglebiak.com\/index.php\/wp-json\/wp\/v2\/posts"}],"about":[{"href":"https:\/\/www.zaglebiak.com\/index.php\/wp-json\/wp\/v2\/types\/post"}],"author":[{"embeddable":true,"href":"https:\/\/www.zaglebiak.com\/index.php\/wp-json\/wp\/v2\/users\/1"}],"replies":[{"embeddable":true,"href":"https:\/\/www.zaglebiak.com\/index.php\/wp-json\/wp\/v2\/comments?post=25871"}],"version-history":[{"count":1,"href":"https:\/\/www.zaglebiak.com\/index.php\/wp-json\/wp\/v2\/posts\/25871\/revisions"}],"predecessor-version":[{"id":25872,"href":"https:\/\/www.zaglebiak.com\/index.php\/wp-json\/wp\/v2\/posts\/25871\/revisions\/25872"}],"wp:featuredmedia":[{"embeddable":true,"href":"https:\/\/www.zaglebiak.com\/index.php\/wp-json\/wp\/v2\/media\/20561"}],"wp:attachment":[{"href":"https:\/\/www.zaglebiak.com\/index.php\/wp-json\/wp\/v2\/media?parent=25871"}],"wp:term":[{"taxonomy":"category","embeddable":true,"href":"https:\/\/www.zaglebiak.com\/index.php\/wp-json\/wp\/v2\/categories?post=25871"},{"taxonomy":"post_tag","embeddable":true,"href":"https:\/\/www.zaglebiak.com\/index.php\/wp-json\/wp\/v2\/tags?post=25871"}],"curies":[{"name":"wp","href":"https:\/\/api.w.org\/{rel}","templated":true}]}}