{"id":25851,"date":"2024-08-31T09:30:30","date_gmt":"2024-08-31T07:30:30","guid":{"rendered":"https:\/\/www.zaglebiak.com\/?p=25851"},"modified":"2024-08-31T09:30:33","modified_gmt":"2024-08-31T07:30:33","slug":"42-rocznica-zbrodni-lubinskiej-sierpien-1982","status":"publish","type":"post","link":"https:\/\/www.zaglebiak.com\/index.php\/2024\/08\/31\/42-rocznica-zbrodni-lubinskiej-sierpien-1982\/","title":{"rendered":"42 rocznica Zbrodni Lubi\u0144skiej sierpie\u0144 1982"},"content":{"rendered":"\n<figure class=\"wp-block-image is-resized\"><img loading=\"lazy\" decoding=\"async\" width=\"540\" height=\"360\" src=\"https:\/\/64.media.tumblr.com\/667cc301902cc97ab1533343c6314acd\/a08e5bde581058e3-05\/s540x810\/26a727d4b57ad79d29d04ca15a8425109c9247bf.jpg\" alt=\"\" class=\"wp-image-20498\" style=\"width:840px;height:auto\"\/><\/figure>\n\n\n\n<p>Dzisiaj obchodzimy 42. rocznic\u0119 Zbrodni Lubi\u0144skiej. Zbrodni, kt\u00f3rej dopu\u015bcili si\u0119 funkcjonariusze MO podczas pokojowej manifestacji 31 sierpnia 1982 roku. W wyniku dzia\u0142a\u0144 milicji zgin\u0119\u0142y trzy osoby: Micha\u0142 Adamowicz, Andrzej Trajkowski i Mieczys\u0142aw Po\u017aniak.<\/p>\n\n\n\n<p>Wszystkim chc\u0105cym godnie uczci\u0107 ten wa\u017cny dla naszego miasta i regionu dzie\u0144 informujemy, \u017ce uroczysto\u015bci rozpoczynaj\u0105 si\u0119 o godzinie 13 msz\u0105 \u015bwi\u0119ta w Ko\u015bciele p.w. Matki Bo\u017cej Cz\u0119stochowskiej.<\/p>\n\n\n\n<p>O godzinie 14:00 spotykamy si\u0119 pod pomnikiem Pami\u0119ci Ofiar Lubina ` 82.<\/p>\n\n\n\n<p><strong>Lubin 82 pami\u0119tamy!!!<\/strong><\/p>\n","protected":false},"excerpt":{"rendered":"<p>Dzisiaj obchodzimy 42. rocznic\u0119 Zbrodni Lubi\u0144skiej. Zbrodni, kt\u00f3rej dopu\u015bcili si\u0119 funkcjonariusze MO podczas pokojowej manifestacji 31 sierpnia 1982 roku. W wyniku dzia\u0142a\u0144 milicji zgin\u0119\u0142y trzy osoby: Micha\u0142 Adamowicz, Andrzej Trajkowski&hellip; <\/p>\n","protected":false},"author":1,"featured_media":20496,"comment_status":"open","ping_status":"open","sticky":false,"template":"","format":"standard","meta":{"footnotes":""},"categories":[46],"tags":[2288,2287,89,1930],"class_list":["post-25851","post","type-post","status-publish","format-standard","has-post-thumbnail","hentry","category-aktualnosci","tag-pomnik-pamieci-ofiar-lubina","tag-sierpien-82","tag-zaglebie-lubin","tag-zbrodnia-lubinska"],"_links":{"self":[{"href":"https:\/\/www.zaglebiak.com\/index.php\/wp-json\/wp\/v2\/posts\/25851","targetHints":{"allow":["GET"]}}],"collection":[{"href":"https:\/\/www.zaglebiak.com\/index.php\/wp-json\/wp\/v2\/posts"}],"about":[{"href":"https:\/\/www.zaglebiak.com\/index.php\/wp-json\/wp\/v2\/types\/post"}],"author":[{"embeddable":true,"href":"https:\/\/www.zaglebiak.com\/index.php\/wp-json\/wp\/v2\/users\/1"}],"replies":[{"embeddable":true,"href":"https:\/\/www.zaglebiak.com\/index.php\/wp-json\/wp\/v2\/comments?post=25851"}],"version-history":[{"count":1,"href":"https:\/\/www.zaglebiak.com\/index.php\/wp-json\/wp\/v2\/posts\/25851\/revisions"}],"predecessor-version":[{"id":25852,"href":"https:\/\/www.zaglebiak.com\/index.php\/wp-json\/wp\/v2\/posts\/25851\/revisions\/25852"}],"wp:featuredmedia":[{"embeddable":true,"href":"https:\/\/www.zaglebiak.com\/index.php\/wp-json\/wp\/v2\/media\/20496"}],"wp:attachment":[{"href":"https:\/\/www.zaglebiak.com\/index.php\/wp-json\/wp\/v2\/media?parent=25851"}],"wp:term":[{"taxonomy":"category","embeddable":true,"href":"https:\/\/www.zaglebiak.com\/index.php\/wp-json\/wp\/v2\/categories?post=25851"},{"taxonomy":"post_tag","embeddable":true,"href":"https:\/\/www.zaglebiak.com\/index.php\/wp-json\/wp\/v2\/tags?post=25851"}],"curies":[{"name":"wp","href":"https:\/\/api.w.org\/{rel}","templated":true}]}}