{"id":25725,"date":"2024-08-23T12:00:00","date_gmt":"2024-08-23T10:00:00","guid":{"rendered":"https:\/\/www.zaglebiak.com\/?p=25725"},"modified":"2024-08-23T11:14:43","modified_gmt":"2024-08-23T09:14:43","slug":"zaglebie-przeciwnosci","status":"publish","type":"post","link":"https:\/\/www.zaglebiak.com\/index.php\/2024\/08\/23\/zaglebie-przeciwnosci\/","title":{"rendered":"Zag\u0142\u0119bie przeciwno\u015bci"},"content":{"rendered":"\n<p><strong>Je\u015bli mia\u0142bym por\u00f3wna\u0107 pocz\u0105tek obecnego sezonu Zag\u0142\u0119bia do jakiego\u015b powiedzenia, chyba najbardziej pasuj\u0105cym by\u0142y ten o rabinach, m\u00f3wi\u0105cych dwie dok\u0142adnie przeciwne rzeczy. Co prawda pi\u0119\u0107 kolejek to bardzo kr\u00f3tki okres, by m\u00f3c rzetelnie przyj\u0119t\u0105 przed sezonem now\u0105 strategi\u0119 ocenia\u0107 i na pe\u0142n\u0105 jej ocen\u0119 jeszcze nie pora, ale wystarczaj\u0105co by pewne wnioski i trendy by\u0142y ju\u017c widoczne.<\/strong><\/p>\n\n\n\n<h2 class=\"wp-block-heading\">Dwie twarze<\/h2>\n\n\n\n<p>Zdecydowanie najlepsz\u0105 z informacji na dzi\u015b jest to, co na boisku pokazuje nam Igor Orlikowski. Co prawda wej\u015bcie w Warszawie odby\u0142o si\u0119 w do\u015b\u0107 ci\u0119\u017ckich okoliczno\u015bciach, ale w kolejnych spotkaniach Igor pokaza\u0142 wystarczaj\u0105co du\u017co jako\u015bci, by zaskarbi\u0107 sobie uznanie tak kibic\u00f3w, jak i sztabu szkoleniowego. Serce ro\u015bnie z ka\u017cdym kolejnym jego wyst\u0119pem, cho\u0107 kilka b\u0142\u0119d\u00f3w po drodze pope\u0142ni\u0142. Tak\u0105 now\u0105 twarz Zag\u0142\u0119bia kibice bardzo chc\u0105 ogl\u0105da\u0107.<\/p>\n\n\n\n<p>Niestety gdy tylko w Zag\u0142\u0119biu znajdzie si\u0119 jaki\u015b pozytyw, za rogiem czai si\u0119 ju\u017c co\u015b du\u017co gorszego. Nie inaczej jest i tutaj. Wymieniani jednym tchem z Igorem m\u0142odzi pi\u0142karze z Akademii, jak K\u0142udka czy Kocaba, s\u0105 na zupe\u0142nie przeciwnym biegunie, a przecie\u017c odbudowanie tego pierwszego by\u0142o komunikowane jako jedno z kluczowych zada\u0144 postawionych przed Fornalikiem. Tymczasem Bartek ma na koncie tylko 36 minut, z czego wi\u0119kszo\u015b\u0107 sp\u0119dzon\u0105 jako stra\u017cak na pozycji skrzyd\u0142owego. U Filipa obraz jest jeszcze gorszy.<\/p>\n\n\n\n<figure class=\"wp-block-embed is-type-rich is-provider-twitter wp-block-embed-twitter\"><div class=\"wp-block-embed__wrapper\">\n<blockquote class=\"twitter-tweet\" data-width=\"550\" data-dnt=\"true\"><p lang=\"pl\" dir=\"ltr\">Mam dla moi <a href=\"https:\/\/twitter.com\/hashtag\/Specjali%C5%9BciZL?src=hash&amp;ref_src=twsrc%5Etfw\">#Specjali\u015bciZL<\/a> zagadk\u0119:<br><br>1. Kim jest zawodnik z tych statystyk?<br>2. Gdzie tu sens i jakakolwiek logika?<br><br>Dla najlepszych odpowiedzi przewiduj\u0119 ma\u0142\u0105 nagrod\u0119 niespodziank\u0119\ud83d\ude0f<a href=\"https:\/\/twitter.com\/hashtag\/TwitterZL?src=hash&amp;ref_src=twsrc%5Etfw\">#TwitterZL<\/a> <a href=\"https:\/\/t.co\/T4u2k2yA3Y\">pic.twitter.com\/T4u2k2yA3Y<\/a><\/p>&mdash; Micha\u0142 Szczygie\u0142 (@_szczygielm) <a href=\"https:\/\/twitter.com\/_szczygielm\/status\/1825172154754748722?ref_src=twsrc%5Etfw\">August 18, 2024<\/a><\/blockquote><script async src=\"https:\/\/platform.twitter.com\/widgets.js\" charset=\"utf-8\"><\/script>\n<\/div><\/figure>\n\n\n\n<p>I z jednej strony to dobrze, \u017ce trafia na wypo\u017cyczenie, bo w ko\u0144cu w tym wieku nie ma nic cenniejszego ni\u017c ka\u017cda kolejna minuta na boisku. W dodatku Arka zapewne b\u0119dzie chcia\u0142a ponownie powalczy\u0107 o awans, wi\u0119c mobilizacja b\u0119dzie zapewne na najwy\u017cszym poziomie. Je\u015bli wi\u0119c tam poka\u017ce jako\u015b\u0107, mo\u017cemy oczekiwa\u0107, \u017ce po powrocie b\u0119dzie dla niego miejsce r\u00f3wnie\u017c w dru\u017cynie Miedziowych. Inaczej ca\u0142y wysi\u0142ek, by wizerunek Zag\u0142\u0119bia zmienia\u0107, rozbije si\u0119 brutalnie o rzeczywisto\u015b\u0107.<\/p>\n\n\n\n<p>Na dodatek w przeciwnym kierunku pow\u0119druje 26-letni Hubert Adamczyk, przy kt\u00f3rym trzeba postawi\u0107 wielki znak zapytania. Co prawda to inna pozycja ni\u017c w przypadku Filipa, ale\u2026 problem w tym, \u017ce w sk\u0142adzie mamy dw\u00f3ch podobnych do niego zawodnik\u00f3w &#8211; i Pie\u0144ko i Kusztal to nominalne dychy. W dodatku, m\u00f3wi\u0105c delikatnie, Hubert sza\u0142u w Gdyni nie zrobi\u0142 i warto w tym miejscu nadmieni\u0107, \u017ce ma opinie \u201cszklanego\u201d. Tylko w zesz\u0142ym sezonie prawie \u2153 sezonu zabra\u0142y mu bowiem kontuzje. Gdzie tu sens, gdzie logika?<\/p>\n\n\n\n<p>Dwie twarze ogl\u0105damy r\u00f3wnie\u017c w wykonaniu Sejka. Na inauguracj\u0119 w Warszawie wygl\u0105da\u0142 na kompletnie zagubionego, ale ju\u017c w meczach z Pogoni\u0105 i Puszcz\u0105 by\u0142 zupe\u0142nie innym zawodnikiem. Walczy\u0142, pokazywa\u0142 si\u0119 do gry i sprawia\u0142 wra\u017cenie cz\u0142owieka, kt\u00f3ry z kolegami rozumie si\u0119 ju\u017c naprawd\u0119 dobrze. Nawet pomimo s\u0142abej postawy reszty zespo\u0142u uda\u0142o mu si\u0119 zdoby\u0107 w Gda\u0144sku bramk\u0119 na wag\u0119 jednego punktu. Czy gdyby wyszed\u0142 na Lecha w pierwszym sk\u0142adzie, w miejsce os\u0142abionego Kurminowskiego wynik by\u0142by inny? Tego si\u0119 ju\u017c nie dowiemy.<\/p>\n\n\n\n<p>Z zaciekawieniem patrz\u0119 te\u017c na sytuacj\u0119 Patryka Kusztala. Co prawda w meczu z Lechem wyszed\u0142 od pierwszej minuty &#8211; wypad\u0142 ca\u0142kiem poprawnie &#8211; ale wi\u0105za\u0142o si\u0119 to przede wszystkim z sytuacj\u0105 kadr\u0105. Ze sk\u0142adu wypadli D\u0105browski i Pie\u0144ko, po kontuzjach wracali Kopacz i Szmyt, a Kurminowski by\u0142 zaledwie po jednym treningu z zespo\u0142em. Nie uda\u0142o si\u0119 nam nawet zebra\u0107 kompletu rezerwowych. Czy gdy do dyspozycji b\u0119d\u0105 wszyscy zawodnicy, Patryk nadal b\u0119dzie m\u00f3g\u0142 liczy\u0107 na wyst\u0119py w wi\u0119kszym wymiarze? Mam co do tego pewne w\u0105tpliwo\u015bci.<\/p>\n\n\n\n<h2 class=\"wp-block-heading\">Nowe, stare Zag\u0142\u0119bie<\/h2>\n\n\n\n<p>Na boisku przeciwno\u015bci jest jeszcze wi\u0119cej, bowiem dobre fragmenty gry przeplatamy tymi beznadziejnymi. Kilkana\u015bcie minut z Legi\u0105, dwadzie\u015bcia (mo\u017ce dwadzie\u015bcia pi\u0119\u0107) z Pogoni\u0105 i kilka dobrych akcji z Puszcz\u0105 pokazuje, \u017ce ta dru\u017cyna ma potencja\u0142 do dobrego grania. Niestety przeplata to fragmentami fatalnymi, jak w Gda\u0144sku, gdy kompletnie da\u0142a si\u0119 zdominowa\u0107 beniaminkowi, co bardzo szybko przypomina nam wszystkim, jak ci\u0119\u017cki do ogl\u0105dania by\u0142 przez wi\u0119kszo\u015b\u0107 poprzedniego sezonu zesp\u00f3\u0142 Fornalika.<\/p>\n\n\n\n<p>Samo pozostawienie go na stanowisku, wielu kibic\u00f3w odebra\u0142o jako bardzo z\u0142\u0105 decyzj\u0119 nowego zarz\u0105du i dzi\u015b, niestety, to ich g\u0142osy s\u0142ycha\u0107 najg\u0142o\u015bniej. Powtarzanie w k\u00f3\u0142ko na konferencjach, i\u017c zesp\u00f3\u0142 jest w budowie i potrzebuje czasu, zwyczajnie ju\u017c nie dzia\u0142a i dzia\u0142a\u0107 nie mo\u017ce. Wystarczy kilka klikni\u0119\u0107, by tak\u0105 narracj\u0119 zweryfikowa\u0107 i przekona\u0107 si\u0119, \u017ce na boisku ogl\u0105damy g\u0142\u00f3wnie pi\u0142karzy, kt\u00f3rzy z trenerem pracuj\u0105 ju\u017c od d\u0142u\u017cszego czasu, a mimo to progresu nie wida\u0107.<\/p>\n\n\n\n<p>Owszem, Orlikowski zast\u0105pi\u0142 Nalep\u0119 (na szcz\u0119\u015bcie!), a w meczu z Lechem na boisku od pocz\u0105tku musia\u0142 zagra\u0107 Kusztal (efekt wspomnianych absencji), ale takie sytuacje zdarzaj\u0105 si\u0119 wsz\u0119dzie i nie mog\u0105 by\u0107 powodem do takich t\u0142umacze\u0144. Czy\u017cby wi\u0119c stary zarzut o brak elastyczno\u015bci trenera wci\u0105\u017c mia\u0142 si\u0119 dobrze, a mo\u017ce jak bumerang powraca pytanie, czy to aby niekolejna s\u0142aba jesie\u0144 w wydaniu dru\u017cyny Fornalika?<\/p>\n\n\n\n<p>Pozytywy? Do udanych z pewno\u015bci\u0105 nale\u017cy zaliczy\u0107 wyst\u0119py Radwa\u0144skiego. Zawodnik, kt\u00f3ry na razie jest tylko zmiennikiem, pokaza\u0142, \u017ce mo\u017ce do gry Zag\u0142\u0119bia wnosi\u0107 sporo o\u017cywienia, co mo\u017ce okaza\u0107 si\u0119 wr\u0119cz zbawienne w kontek\u015bcie formy i stanu zdrowia kilku zawodnik\u00f3w. Mam tu na my\u015bli Tomka Pie\u0144ko, kt\u00f3ry fajnie wszed\u0142 w ten sezon i trzeba mie\u0107 nadziej\u0119, \u017ce choroba nie wp\u0142ynie zbyt mocno na jego form\u0119.<\/p>\n\n\n\n<p>Licz\u0119 r\u00f3wnie\u017c, \u017ce do dyspozycji z pierwszych mecz\u00f3w wr\u00f3ci te\u017c Marek Mr\u00f3z, bo spotkanie z Lechem wyra\u017anie mu nie wysz\u0142o. Jak do\u0142o\u017cy do nich skuteczno\u015b\u0107, Waldemar Fornalik b\u0119dzie m\u00f3g\u0142 spa\u0107 spokojnie.<\/p>\n\n\n\n<h2 class=\"wp-block-heading\">Czas na weryfikacj\u0119<\/h2>\n\n\n\n<p>Pi\u0119\u0107 spotka\u0144 i tylko jedna wygrana, to wynik mimo wszystko nieco rozczarowuj\u0105cy. Szczeg\u00f3lnie ten w Gda\u0144sku w kontek\u015bcie sezonu mo\u017ce mie\u0107 spore znaczenie, bo zwyczajnie z takimi zespo\u0142ami wygrywa\u0107 musimy, by my\u015ble\u0107 o spokojnym ligowym bycie. Zanim jednak dopadnie nas po raz kolejny (?) jesienna deprecha, do rozegrania mamy 6 spotka\u0144 ligowych i jeden Pucharu Polski.<\/p>\n\n\n\n<p>O tym ostatnim \u017cart\u00f3w sobie daruj\u0119, ale w kontek\u015bcie pozosta\u0142ych mecz\u00f3w, my\u015bl\u0119, \u017ce powinny by\u0107 one ostateczn\u0105 weryfikacj\u0105 misji Waldemara Fornalika w Zag\u0142\u0119biu. Je\u015bli bowiem nie znajdzie recepty na regularne punktowanie z zespo\u0142ami pokroju Piasta, Korony, GKS\u2019u czy Radomiaka nie widz\u0119 absolutnie \u017cadnego sensu, by trwa\u0107 w tym zwi\u0105zku bez przysz\u0142o\u015bci ani mecz d\u0142u\u017cej. Je\u015bli jest co\u015b, co mo\u017ce t\u0119 kadencj\u0119 podsumowa\u0107 idealnie, to w\u0142a\u015bnie pora\u017cka w pucharowym starciu z G\u00f3ralami.<\/p>\n\n\n\n<p>Koniec t\u0142umacze\u0144, szukania winy u innych, a jeszcze bardziej opowiadania o \u015bwietnych zimowych przygotowaniach i wspania\u0142ych wiosnach. Ka\u017cdy wynik poni\u017cej 10 punkt\u00f3w i awansu do kolejnej fazy rozgrywek pucharowych b\u0119dzie oznacza\u0142, \u017ce nie tylko nie robimy zapowiadanego progresu, ale wr\u0119cz si\u0119 cofamy i aby ratowa\u0107 jeszcze ten sezon, nale\u017cy podj\u0105\u0107 zdecydowane kroki.<\/p>\n\n\n\n<p>W pewnym sensie b\u0119dzie to te\u017c czas do weryfikacji niekt\u00f3rych graczy. W zapowiedzi sezonu przytoczy\u0142em bowiem s\u0142owa \u0141ukasza Gikiewicza i dzi\u015b uwa\u017cam, warto je jeszcze raz przytoczy\u0107: &#8222;Nie chcesz gra\u0107 dla klubu, to graj gamoniu dla siebie, aby\u015b w kolejnym okienku dosta\u0142 lepsz\u0105 ofert\u0119&#8221;. Tym, kt\u00f3rym na rozwoju i zrobieniu z Zag\u0142\u0119biem Lubin kolejnych krok\u00f3w do przodu zale\u017ce\u0107 nie b\u0119dzie, w zimie zwyczajnie podzi\u0119kowa\u0107 i umo\u017cliwi\u0107 im odej\u015bcie. Bez wzgl\u0119du na to, jak wa\u017cnymi ogniwami tej dru\u017cyny s\u0105.<\/p>\n","protected":false},"excerpt":{"rendered":"<p>Je\u015bli mia\u0142bym por\u00f3wna\u0107 pocz\u0105tek obecnego sezonu Zag\u0142\u0119bia do jakiego\u015b powiedzenia, chyba najbardziej pasuj\u0105cym by\u0142y ten o rabinach, m\u00f3wi\u0105cych dwie dok\u0142adnie przeciwne rzeczy. Co prawda pi\u0119\u0107 kolejek to bardzo kr\u00f3tki okres,&hellip; <\/p>\n","protected":false},"author":5,"featured_media":25724,"comment_status":"open","ping_status":"open","sticky":false,"template":"","format":"standard","meta":{"footnotes":""},"categories":[7],"tags":[2231,169,1678,89],"class_list":["post-25725","post","type-post","status-publish","format-standard","has-post-thumbnail","hentry","category-felietony","tag-sezon-2024-2025","tag-transfery","tag-waldemar-fornalik","tag-zaglebie-lubin"],"_links":{"self":[{"href":"https:\/\/www.zaglebiak.com\/index.php\/wp-json\/wp\/v2\/posts\/25725","targetHints":{"allow":["GET"]}}],"collection":[{"href":"https:\/\/www.zaglebiak.com\/index.php\/wp-json\/wp\/v2\/posts"}],"about":[{"href":"https:\/\/www.zaglebiak.com\/index.php\/wp-json\/wp\/v2\/types\/post"}],"author":[{"embeddable":true,"href":"https:\/\/www.zaglebiak.com\/index.php\/wp-json\/wp\/v2\/users\/5"}],"replies":[{"embeddable":true,"href":"https:\/\/www.zaglebiak.com\/index.php\/wp-json\/wp\/v2\/comments?post=25725"}],"version-history":[{"count":1,"href":"https:\/\/www.zaglebiak.com\/index.php\/wp-json\/wp\/v2\/posts\/25725\/revisions"}],"predecessor-version":[{"id":25726,"href":"https:\/\/www.zaglebiak.com\/index.php\/wp-json\/wp\/v2\/posts\/25725\/revisions\/25726"}],"wp:featuredmedia":[{"embeddable":true,"href":"https:\/\/www.zaglebiak.com\/index.php\/wp-json\/wp\/v2\/media\/25724"}],"wp:attachment":[{"href":"https:\/\/www.zaglebiak.com\/index.php\/wp-json\/wp\/v2\/media?parent=25725"}],"wp:term":[{"taxonomy":"category","embeddable":true,"href":"https:\/\/www.zaglebiak.com\/index.php\/wp-json\/wp\/v2\/categories?post=25725"},{"taxonomy":"post_tag","embeddable":true,"href":"https:\/\/www.zaglebiak.com\/index.php\/wp-json\/wp\/v2\/tags?post=25725"}],"curies":[{"name":"wp","href":"https:\/\/api.w.org\/{rel}","templated":true}]}}